{"id":111922,"date":"2018-12-17T12:42:25","date_gmt":"2018-12-17T11:42:25","guid":{"rendered":"http:\/\/gazdasagportal.hu\/?p=111922"},"modified":"2018-12-17T12:42:25","modified_gmt":"2018-12-17T11:42:25","slug":"elkeszult-az-orszag-bevasarlolistaja","status":"publish","type":"post","link":"https:\/\/gazdasagportal.hu\/index.php\/elkeszult-az-orszag-bevasarlolistaja\/","title":{"rendered":"Elk\u00e9sz\u00fclt az Orsz\u00e1g Bev\u00e1s\u00e1rl\u00f3list\u00e1ja"},"content":{"rendered":"<p><strong>\u00c9vente t\u00f6bb t\u00edzezer csal\u00e1d \u00e9s r\u00e1szorul\u00f3 kar\u00e1csony\u00e1t teszi k\u00f6nnyebb\u00e9 a 22 \u00e9ve tart\u00f3 Adni \u00d6r\u00f6m! j\u00f3t\u00e9konys\u00e1gi akci\u00f3, amelynek keret\u00e9ben a Magyar M\u00e1ltai Szeretetszolg\u00e1lat \u00f6nk\u00e9ntesei a SPAR \u00e9s INTERSPAR \u00e1ruh\u00e1zakban tart\u00f3s \u00e9lelmiszert gy\u0171jtenek. Id\u00e9n a szervez\u0151k \u00f6ssze\u00e1ll\u00edtottak egy bev\u00e1s\u00e1rl\u00f3list\u00e1t, hogy mire lenne sz\u00fcks\u00e9ge a n\u00e9lk\u00fcl\u00f6z\u0151knek. A lista 200 m\u00e9ter hossz\u00fa \u00e9s t\u00f6bb ezer t\u00e9tel szerepel rajta.<\/strong><!--more--><\/p>\n<div class=\"ads-in-post1\"><div id=\"gazdasagportal.hu_fullbanner_wideboard\"><\/div>\r\n<\/div>\n<p>\u201eTavaly 309 tonna \u00e9lelmiszer gy\u0171lt \u00f6ssze a SPAR v\u00e1s\u00e1rl\u00f3inak k\u00f6sz\u00f6nhet\u0151en, amib\u0151l 34 ezer darab aj\u00e1nd\u00e9kcsomag k\u00e9sz\u00fclt el. Id\u00e9n azt szeretn\u00e9nk el\u00e9rni, hogy a neh\u00e9z sors\u00fa emberek azt tal\u00e1lj\u00e1k meg a csomagokban, amire a legink\u00e1bb sz\u00fcks\u00e9g\u00fck van. \u00cdgy sz\u00fcletett meg az Orsz\u00e1g Bev\u00e1s\u00e1rl\u00f3list\u00e1ja, amely ir\u00e1nyt mutat mindannyiunk sz\u00e1m\u00e1ra a j\u00f3t\u00e9konys\u00e1gi akci\u00f3ban. Minden felaj\u00e1nl\u00e1st sz\u00edvesen fogadnak az \u00f6nk\u00e9ntesek, de arra k\u00e9rj\u00fck v\u00e1s\u00e1rl\u00f3inkat, hogy els\u0151sorban a list\u00e1n szerepl\u0151 \u00e9lelmiszereket tegy\u00e9k a Magyar M\u00e1ltai Szeretetszolg\u00e1lat gy\u0171jt\u0151kosaraiba. Nagyon k\u00f6sz\u00f6n\u00fcnk minden felaj\u00e1nl\u00e1st!\u201d \u2013 mondta Maczelka M\u00e1rk, a SPAR kommunik\u00e1ci\u00f3s vezet\u0151je. Hozz\u00e1tette: az \u201eOrsz\u00e1g Bev\u00e1s\u00e1rl\u00f3list\u00e1ja\u201d elnevez\u00e9ssel a Batthy\u00e1ny t\u00e9ri SPAR-ban ki\u00e1ll\u00edt\u00e1sra ker\u00fclt egy olyan monument\u00e1lis eszk\u00f6z, amely seg\u00edt m\u00e9g szeml\u00e9letesebb\u00e9 tenni, mekkora seg\u00edts\u00e9gre \u00e9s pontosan mire van sz\u00fcks\u00e9g. A list\u00e1t m\u00e9g sz\u00e1mos helyen megtal\u00e1lj\u00e1k a v\u00e1s\u00e1rl\u00f3k: az \u00e9rintett SPAR \u00fczletekben, a metr\u00f3kban \u00e9s m\u00e1s hirdet\u00e9si platformokon, k\u00f6sz\u00f6nhet\u0151en a SPAR figyelemfelh\u00edv\u00f3 hirdet\u00e9seinek.<\/p>\n<div class=\"ads-in-post2\"><script async src=\"https:\/\/pagead2.googlesyndication.com\/pagead\/js\/adsbygoogle.js\"><\/script>\r\n<ins class=\"adsbygoogle\"\r\n     style=\"display:block\"\r\n     data-ad-format=\"fluid\"\r\n     data-ad-layout-key=\"-6t+ed+2i-1n-4w\"\r\n     data-ad-client=\"ca-pub-1959107119989764\"\r\n     data-ad-slot=\"4008251320\"><\/ins>\r\n<script>\r\n     (adsbygoogle = window.adsbygoogle || []).push({});\r\n<\/script><\/div>\n\u201eAz Adni \u00d6r\u00f6m! akci\u00f3 sor\u00e1n emberek t\u00edzezrei ny\u00fajtanak seg\u00edts\u00e9get a r\u00e1szorul\u00f3knak az \u00fczletekben megv\u00e1s\u00e1rolt tart\u00f3s \u00e9lelmiszerekkel. A hatnapos gy\u0171jt\u00e9s egyszerre teremt lehet\u0151s\u00e9get arra, hogy sokan cselekedjenek j\u00f3t, mik\u00f6zben az adom\u00e1nyok mennyis\u00e9ge t\u00f6bb t\u00edzezer sz\u00fcks\u00e9get szenved\u0151 embert\u00e1rsunknak jelent igazi aj\u00e1nd\u00e9kot, ez\u00e9rt a Magyar M\u00e1ltai Szeretetszolg\u00e1lat tev\u00e9kenys\u00e9g\u00e9ben ez az \u00e9v legnagyobb \u00e9s legt\u00f6bb \u00f6nk\u00e9ntest megmozgat\u00f3 akci\u00f3ja.\u201d \u2013 mondta el Romh\u00e1nyi Tam\u00e1s, a szervezet kommunik\u00e1ci\u00f3s vezet\u0151je.<\/p>\n<p>Az idei esztend\u0151ben december 13. \u00e9s 18. k\u00f6z\u00f6tt zajlik az Adni \u00d6r\u00f6m! adom\u00e1nygy\u0171jt\u00e9s 133 SPAR \u00e9s 32 INTERSPAR \u00e1ruh\u00e1zban orsz\u00e1gszerte.<\/p><div id=\"gazda-1400802910\" class=\"gazda-tartalomban gazda-entity-placement\"><script async src=\"https:\/\/pagead2.googlesyndication.com\/pagead\/js\/adsbygoogle.js\"><\/script>\r\n<ins class=\"adsbygoogle\"\r\n     style=\"display:block\"\r\n     data-ad-format=\"fluid\"\r\n     data-ad-layout-key=\"-6t+ed+2i-1n-4w\"\r\n     data-ad-client=\"ca-pub-1959107119989764\"\r\n     data-ad-slot=\"4008251320\"><\/ins>\r\n<script>\r\n     (adsbygoogle = window.adsbygoogle || []).push({});\r\n<\/script><\/div>\n<p>A bev\u00e1s\u00e1rl\u00f3list\u00e1n tal\u00e1lhat\u00f3 \u00e9lelmiszerekb\u0151l a Magyar M\u00e1ltai Szeretetszolg\u00e1lat csomagokat \u00e1ll\u00edt \u00f6ssze \u00e9s munkat\u00e1rsai r\u00e9v\u00e9n szem\u00e9lyesen adja \u00e1t m\u00e9g kar\u00e1csony el\u0151tt az adom\u00e1nyokat a r\u00e1szorul\u00f3 csal\u00e1doknak, az egyed\u00fcl\u00e1ll\u00f3 id\u0151seknek, a fogyat\u00e9kkal \u00e9l\u0151 \u00e9s hajl\u00e9ktalan embereknek. Az aj\u00e1nd\u00e9kcsomag tartalma a karitat\u00edv szervezetek egy h\u00e9tre val\u00f3 \u00e9lelmiszeradom\u00e1ny\u00e1val egyen\u00e9rt\u00e9k\u0171. A bev\u00e1s\u00e1rl\u00f3list\u00e1n szerepl\u0151 konzervek, tart\u00f3s \u00e9lelmiszerek \u2013 t\u00f6bbek k\u00f6z\u00f6tt t\u00e9szta, rizs, liszt, cukor, \u00e9tolaj \u2013, illetve csokol\u00e1d\u00e9k, kekszek adom\u00e1nyoz\u00e1s\u00e1val t\u00f6bb t\u00edzezer neh\u00e9z sors\u00fa honfit\u00e1rsunk arc\u00e1ra var\u00e1zsolhatunk mosolyt a szeretet \u00fcnnep\u00e9n.<\/p>\n<p>Az akci\u00f3ban r\u00e9sztvev\u0151 \u00fczletek list\u00e1ja megtal\u00e1lhat\u00f3 a\u00a0<a href=\"http:\/\/www.adniorom.hu\/\" target=\"_blank\" rel=\"noopener noreferrer\" data-saferedirecturl=\"https:\/\/www.google.com\/url?q=http:\/\/www.adniorom.hu&amp;source=gmail&amp;ust=1545133165234000&amp;usg=AFQjCNGB7zO97idzOerj_xtWsrY56p9iow\">www.adniorom.hu<\/a>\u00a0weboldalon, ahol az adom\u00e1nygy\u0171jt\u00e9st is nyomon lehet k\u00f6vetni.<\/p>\n","protected":false},"excerpt":{"rendered":"<p>\u00c9vente t\u00f6bb t\u00edzezer csal\u00e1d \u00e9s r\u00e1szorul\u00f3 kar\u00e1csony\u00e1t teszi k\u00f6nnyebb\u00e9 a 22 \u00e9ve tart\u00f3 Adni \u00d6r\u00f6m! j\u00f3t\u00e9konys\u00e1gi akci\u00f3, amelynek keret\u00e9ben a Magyar M\u00e1ltai Szeretetszolg\u00e1lat \u00f6nk\u00e9ntesei a SPAR \u00e9s INTERSPAR \u00e1ruh\u00e1zakban tart\u00f3s \u00e9lelmiszert gy\u0171jtenek. Id\u00e9n a szervez\u0151k \u00f6ssze\u00e1ll\u00edtottak egy bev\u00e1s\u00e1rl\u00f3list\u00e1t, hogy mire lenne sz\u00fcks\u00e9ge a n\u00e9lk\u00fcl\u00f6z\u0151knek. A lista 200 m\u00e9ter hossz\u00fa \u00e9s t\u00f6bb ezer t\u00e9tel szerepel rajta.<\/p>\n","protected":false},"author":1,"featured_media":0,"comment_status":"closed","ping_status":"open","sticky":false,"template":"","format":"standard","meta":[],"categories":[4,19],"tags":[],"_links":{"self":[{"href":"https:\/\/gazdasagportal.hu\/index.php\/wp-json\/wp\/v2\/posts\/111922"}],"collection":[{"href":"https:\/\/gazdasagportal.hu\/index.php\/wp-json\/wp\/v2\/posts"}],"about":[{"href":"https:\/\/gazdasagportal.hu\/index.php\/wp-json\/wp\/v2\/types\/post"}],"author":[{"embeddable":true,"href":"https:\/\/gazdasagportal.hu\/index.php\/wp-json\/wp\/v2\/users\/1"}],"replies":[{"embeddable":true,"href":"https:\/\/gazdasagportal.hu\/index.php\/wp-json\/wp\/v2\/comments?post=111922"}],"version-history":[{"count":1,"href":"https:\/\/gazdasagportal.hu\/index.php\/wp-json\/wp\/v2\/posts\/111922\/revisions"}],"predecessor-version":[{"id":111923,"href":"https:\/\/gazdasagportal.hu\/index.php\/wp-json\/wp\/v2\/posts\/111922\/revisions\/111923"}],"wp:attachment":[{"href":"https:\/\/gazdasagportal.hu\/index.php\/wp-json\/wp\/v2\/media?parent=111922"}],"wp:term":[{"taxonomy":"category","embeddable":true,"href":"https:\/\/gazdasagportal.hu\/index.php\/wp-json\/wp\/v2\/categories?post=111922"},{"taxonomy":"post_tag","embeddable":true,"href":"https:\/\/gazdasagportal.hu\/index.php\/wp-json\/wp\/v2\/tags?post=111922"}],"curies":[{"name":"wp","href":"https:\/\/api.w.org\/{rel}","templated":true}]}}