{"id":111918,"date":"2018-12-17T11:44:40","date_gmt":"2018-12-17T10:44:40","guid":{"rendered":"http:\/\/gazdasagportal.hu\/?p=111918"},"modified":"2018-12-17T11:44:40","modified_gmt":"2018-12-17T10:44:40","slug":"strasbourgi-lovoldozes-szakerto-kudarc-a-francia-terrorellenes-strategia","status":"publish","type":"post","link":"https:\/\/gazdasagportal.hu\/index.php\/strasbourgi-lovoldozes-szakerto-kudarc-a-francia-terrorellenes-strategia\/","title":{"rendered":"Strasbourgi l\u00f6v\u00f6ld\u00f6z\u00e9s &#8211; Szak\u00e9rt\u0151: kudarc a francia terrorellenes strat\u00e9gia"},"content":{"rendered":"<p><strong>Kis-Benedek J\u00f3zsef biztons\u00e1gpolitikai szak\u00e9rt\u0151 szerint kudarc Franciaorsz\u00e1g terrorellenes strat\u00e9gi\u00e1ja.<\/strong><!--more--><\/p>\n<div class=\"ads-in-post1\"><div id=\"gazdasagportal.hu_fullbanner_wideboard\"><\/div>\r\n<\/div>\n<p>    A szak\u00e9rt\u0151 a Kossuth r\u00e1di\u00f3 J\u00f3 reggelt, Magyarorsz\u00e1g! c\u00edm\u0171 m\u0171sor\u00e1ban h\u00e9tf\u0151n hozz\u00e1tette: erre j\u00f3 p\u00e9lda a m\u00falt heti, \u00f6t hal\u00e1los \u00e1ldozatot k\u00f6vetel\u0151 strasbourgi terroresem\u00e9ny, ahol b\u00f6rt\u00f6nben radikaliz\u00e1l\u00f3dott francia \u00e1llampolg\u00e1r l\u00f6v\u00f6ld\u00f6z\u00f6tt. Ez az eset nem egyed\u00fcl\u00e1ll\u00f3, Franciaorsz\u00e1gban m\u00e1r megold\u00e1si k\u00eds\u00e9rletek is sz\u00fcletettek a b\u00f6rt\u00f6nbeli radikaliz\u00e1l\u00f3d\u00e1s meg\u00e1ll\u00edt\u00e1s\u00e1ra &#8211; jegyezte meg.<br \/>\n<div class=\"ads-in-post2\"><script async src=\"https:\/\/pagead2.googlesyndication.com\/pagead\/js\/adsbygoogle.js\"><\/script>\r\n<ins class=\"adsbygoogle\"\r\n     style=\"display:block\"\r\n     data-ad-format=\"fluid\"\r\n     data-ad-layout-key=\"-6t+ed+2i-1n-4w\"\r\n     data-ad-client=\"ca-pub-1959107119989764\"\r\n     data-ad-slot=\"4008251320\"><\/ins>\r\n<script>\r\n     (adsbygoogle = window.adsbygoogle || []).push({});\r\n<\/script><\/div>\n    Elmondta: nagy vit\u00e1t kavart Franciaorsz\u00e1gban, hogy a b\u00f6rt\u00f6n\u00f6kben elk\u00fcl\u00f6n\u00edtve helyezt\u00e9k el a dzsihadist\u00e1kat \u00e9s a k\u00f6z\u00f6ns\u00e9ges b\u0171n\u00f6z\u0151ket, de megk\u00fcl\u00f6nb\u00f6ztet\u00e9s v\u00e1dja miatt nem folytatt\u00e1k ezt a gyakorlatot. A vall\u00e1s \u00e9s a terrorizmus szoros kapcsolatban \u00e1ll, de Franciaorsz\u00e1gban a vall\u00e1si hovatartoz\u00e1st nem tartj\u00e1k nyilv\u00e1n; ez a francia b\u00f6rt\u00f6n\u00f6kre is vonatkozik, \u00edgy b\u00e1rki kinevezheti mag\u00e1t b\u00f6rt\u00f6nlelk\u00e9sznek, akik k\u00f6z\u00fcl sokan dzsihadista elveket pr\u00f3b\u00e1lnak b\u00f6rt\u00f6nt\u00e1rsainak \u00e1tadni &#8211; f\u0171zte hozz\u00e1 Kis-Benedek J\u00f3zsef.(MTI)<\/p>\n","protected":false},"excerpt":{"rendered":"<p>Kis-Benedek J\u00f3zsef biztons\u00e1gpolitikai szak\u00e9rt\u0151 szerint kudarc Franciaorsz\u00e1g terrorellenes strat\u00e9gi\u00e1ja.<\/p>\n","protected":false},"author":1,"featured_media":0,"comment_status":"closed","ping_status":"open","sticky":false,"template":"","format":"standard","meta":[],"categories":[4,12],"tags":[],"_links":{"self":[{"href":"https:\/\/gazdasagportal.hu\/index.php\/wp-json\/wp\/v2\/posts\/111918"}],"collection":[{"href":"https:\/\/gazdasagportal.hu\/index.php\/wp-json\/wp\/v2\/posts"}],"about":[{"href":"https:\/\/gazdasagportal.hu\/index.php\/wp-json\/wp\/v2\/types\/post"}],"author":[{"embeddable":true,"href":"https:\/\/gazdasagportal.hu\/index.php\/wp-json\/wp\/v2\/users\/1"}],"replies":[{"embeddable":true,"href":"https:\/\/gazdasagportal.hu\/index.php\/wp-json\/wp\/v2\/comments?post=111918"}],"version-history":[{"count":1,"href":"https:\/\/gazdasagportal.hu\/index.php\/wp-json\/wp\/v2\/posts\/111918\/revisions"}],"predecessor-version":[{"id":111919,"href":"https:\/\/gazdasagportal.hu\/index.php\/wp-json\/wp\/v2\/posts\/111918\/revisions\/111919"}],"wp:attachment":[{"href":"https:\/\/gazdasagportal.hu\/index.php\/wp-json\/wp\/v2\/media?parent=111918"}],"wp:term":[{"taxonomy":"category","embeddable":true,"href":"https:\/\/gazdasagportal.hu\/index.php\/wp-json\/wp\/v2\/categories?post=111918"},{"taxonomy":"post_tag","embeddable":true,"href":"https:\/\/gazdasagportal.hu\/index.php\/wp-json\/wp\/v2\/tags?post=111918"}],"curies":[{"name":"wp","href":"https:\/\/api.w.org\/{rel}","templated":true}]}}