{"id":111916,"date":"2018-12-17T11:00:25","date_gmt":"2018-12-17T10:00:25","guid":{"rendered":"http:\/\/gazdasagportal.hu\/?p=111916"},"modified":"2018-12-17T11:00:25","modified_gmt":"2018-12-17T10:00:25","slug":"csucsmennyisegu-virslivel-keszul-a-spar-szilveszterre","status":"publish","type":"post","link":"https:\/\/gazdasagportal.hu\/index.php\/csucsmennyisegu-virslivel-keszul-a-spar-szilveszterre\/","title":{"rendered":"Cs\u00facsmennyis\u00e9g\u0171 virslivel k\u00e9sz\u00fcl a SPAR szilveszterre"},"content":{"rendered":"<p><strong>T\u00f6bb mint 400 tonna virslivel k\u00e9sz\u00fcl az \u00e9v utols\u00f3 napjaira a SPAR Magyarorsz\u00e1g saj\u00e1t h\u00fas\u00fczeme. Ilyenkor kiemelked\u0151 a kereslet a hagyom\u00e1nyos \u00e9s alkoholmentes pezsg\u0151k ir\u00e1nt, a must\u00e1r \u00e9rt\u00e9kes\u00edt\u00e9se h\u00e1romszoros\u00e1ra, a majon\u00e9z\u00e9 k\u00e9tszeres\u00e9re n\u0151 a szilveszter el\u0151tti napokban. <\/strong><!--more--><\/p>\n<div class=\"ads-in-post1\"><div id=\"gazdasagportal.hu_fullbanner_wideboard\"><\/div>\r\n<\/div>\n<p>A SPAR \u00e9s INTERSPAR \u00e1ruh\u00e1zak jelent\u0151s szilveszteri rohamra sz\u00e1m\u00edtanak december 28-t\u00f3l. \u201e\u00c1ruh\u00e1zaink felk\u00e9sz\u00fclten v\u00e1rj\u00e1k a v\u00e1s\u00e1rl\u00f3kat. A nyitvatart\u00e1s az elm\u00falt \u00e9vekhez hasonl\u00f3an alakul, az \u00e9v utols\u00f3 napj\u00e1n az \u00fczletek t\u00f6bbs\u00e9ge legal\u00e1bb 14 \u00f3r\u00e1ig nyitva lesz. 2019 els\u0151 napj\u00e1n a t\u00f6lt\u0151\u00e1llom\u00e1sokon \u00e9s a Liszt Ferenc Nemzetk\u00f6zi Rep\u00fcl\u0151t\u00e9ren tal\u00e1lhat\u00f3 \u00fczleteket kiv\u00e9ve z\u00e1rva tartunk, majd janu\u00e1r m\u00e1sodik\u00e1t\u00f3l a megszokott m\u00f3don v\u00e1rjuk v\u00e1s\u00e1rl\u00f3inkat. Id\u00e9n jelent\u0151s \u00e9rdekl\u0151d\u00e9sre sz\u00e1m\u00edtunk a virsli mellett a pezsg\u0151f\u00e9l\u00e9k, a s\u00f3s \u00e9s \u00e9des s\u00fctem\u00e9nyek, lencsef\u00e9l\u00e9k \u00e9s a hagyom\u00e1nyos \u00e9telekhez sz\u00fcks\u00e9ges alapanyagok tekintet\u00e9ben\u201d \u2013 mondta Maczelka M\u00e1rk, a SPAR kommunik\u00e1ci\u00f3s vezet\u0151je.<\/p>\n<p>Az idei szilveszteri szezonra t\u00f6bb mint 400 tonna virslivel k\u00e9sz\u00fcl a SPAR bicskei Regnum H\u00fas\u00fczeme. Az el\u0151z\u0151 \u00e9vekhez hasonl\u00f3an a dr\u00e1g\u00e1bb, pr\u00e9mium kateg\u00f3ria fogy majd jobban a v\u00e1llalat progn\u00f3zisa szerint. A legnagyobb mennyis\u00e9gben eladott SPAR frankfurti virsli mellett a min\u0151s\u00e9gi b\u00e9csi virsli, a Regnum juhbeles virsli, valamint a kokt\u00e9l virsli mell\u00e9 id\u00e9n egy \u00faj, 30 sz\u00e1zal\u00e9kkal cs\u00f6kkentett zs\u00edrtartalm\u00fa SPAR Light virslivel k\u00e9sz\u00fcl az \u00e1ruh\u00e1zl\u00e1nc. Ezen term\u00e9kek mindegyike, ahogy a h\u00fas\u00fczem \u00f6sszes t\u00f6bbi k\u00e9sz\u00edtm\u00e9nye is, lakt\u00f3z-, glut\u00e9n- \u00e9s sz\u00f3jamentes.<\/p><div id=\"gazda-1431312549\" class=\"gazda-tartalomban gazda-entity-placement\"><script async src=\"https:\/\/pagead2.googlesyndication.com\/pagead\/js\/adsbygoogle.js\"><\/script>\r\n<ins class=\"adsbygoogle\"\r\n     style=\"display:block\"\r\n     data-ad-format=\"fluid\"\r\n     data-ad-layout-key=\"-6t+ed+2i-1n-4w\"\r\n     data-ad-client=\"ca-pub-1959107119989764\"\r\n     data-ad-slot=\"4008251320\"><\/ins>\r\n<script>\r\n     (adsbygoogle = window.adsbygoogle || []).push({});\r\n<\/script><\/div>\n<div class=\"ads-in-post2\"><script async src=\"https:\/\/pagead2.googlesyndication.com\/pagead\/js\/adsbygoogle.js\"><\/script>\r\n<ins class=\"adsbygoogle\"\r\n     style=\"display:block\"\r\n     data-ad-format=\"fluid\"\r\n     data-ad-layout-key=\"-6t+ed+2i-1n-4w\"\r\n     data-ad-client=\"ca-pub-1959107119989764\"\r\n     data-ad-slot=\"4008251320\"><\/ins>\r\n<script>\r\n     (adsbygoogle = window.adsbygoogle || []).push({});\r\n<\/script><\/div>\nEbben az id\u0151szakban megugrik a kereslet a virsli mell\u00e9 t\u00e1lalt majon\u00e9zes torma, must\u00e1r, \u00e9s majon\u00e9z ir\u00e1nt is. A must\u00e1r forgalma h\u00e1romszoros\u00e1ra n\u00f6vekszik, m\u00edg a majon\u00e9z\u00e9 dupl\u00e1z\u00f3dik az \u00e9v utols\u00f3 napjaiban. De kiemelked\u0151 forgalmat gener\u00e1lnak a nagyr\u00e9szt a v\u00e1llalat \u00fcll\u0151i SPAR enjoy. convenience \u00fczem\u00e9ben k\u00e9sz\u00fcl\u0151 hidegkonyhai k\u00e9sz\u00edtm\u00e9nyek, valamint a francia sal\u00e1ta, a burgonyasal\u00e1ta, a korhely sal\u00e1ta, a kaszin\u00f3toj\u00e1s \u00e9s a torm\u00e1s sonkatekercs term\u00e9kek. K\u00e9sz\u00e9telek k\u00f6z\u00fcl a hal\u00e1szl\u00e9, hal\u00e9telek, k\u00e1poszt\u00e1s \u00e9telek \u00e9s a kocsonya a legn\u00e9pszer\u0171bb.<\/p>\n<p>Sok h\u00e1ztart\u00e1sban ker\u00fcl malach\u00fasb\u00f3l k\u00e9sz\u00fclt \u00e9tel az \u00fcnnepi asztalra. A SPAR az elm\u00falt \u00e9vben mintegy 2100 malacot \u00e9rt\u00e9kes\u00edtett, az idei \u00e9vre 2500 darabbal k\u00e9sz\u00fcl. Sert\u00e9sh\u00fas tekintet\u00e9ben pedig 25 sz\u00e1zal\u00e9kkal magasabb keresletre sz\u00e1m\u00edt az \u00e9v t\u00f6bbi id\u0151szak\u00e1hoz k\u00e9pest. A szilveszteri italok k\u00f6z\u00fcl az elm\u00falt \u00e9vekben \u00f3ri\u00e1sit emelkedett a gyerekpezsg\u0151 forgalma. Az alkoholos italok k\u00f6z\u00f6tt els\u0151 helyen a hagyom\u00e1nyos pezsg\u0151 \u00e1ll, amelyb\u0151l t\u00f6bb havi mennyis\u00e9get v\u00e1s\u00e1rolnak meg mind\u00f6ssze p\u00e1r nap alatt. Snackek tekintet\u00e9ben a k\u00e9t \u00fcnnep k\u00f6z\u00f6tti \u00f6t napban k\u00f6r\u00fclbel\u00fcl k\u00e9t h\u00e9tnyi fogy\u00e1snak megfelel\u0151 volumen fogy. A sl\u00e1ger a nagy kiszerel\u00e9s\u0171 chips \u00e9s a ropi.<\/p>\n<p>A szilveszter nem m\u00falhat el lencse n\u00e9lk\u00fcl. Az idei \u00e9vben realiz\u00e1l\u00f3dott \u00e1rcs\u00f6kken\u00e9s miatt a mennyis\u00e9gi elad\u00e1sban enyhe n\u00f6veked\u00e9st v\u00e1rnak a tavalyi \u00e9vhez k\u00e9pest. A v\u00e1s\u00e1rl\u00f3k a j\u00f3 \u00e1r\u00fa, de jobb min\u0151s\u00e9g\u0171 \u2013 k\u00f6zt\u00fck a konyhak\u00e9sz \u2013 term\u00e9keket keresik ebben az id\u0151szakban is. A SPAR t\u00f6bbf\u00e9le nagymagv\u00fa-, k\u00f6zepes magv\u00fa-, v\u00f6r\u00f6s- \u00e9s feketelencs\u00e9vel k\u00e9sz\u00fcl erre az id\u0151szakra.<\/p>\n","protected":false},"excerpt":{"rendered":"<p>T\u00f6bb mint 400 tonna virslivel k\u00e9sz\u00fcl az \u00e9v utols\u00f3 napjaira a SPAR Magyarorsz\u00e1g saj\u00e1t h\u00fas\u00fczeme. Ilyenkor kiemelked\u0151 a kereslet a hagyom\u00e1nyos \u00e9s alkoholmentes pezsg\u0151k ir\u00e1nt, a must\u00e1r \u00e9rt\u00e9kes\u00edt\u00e9se h\u00e1romszoros\u00e1ra, a majon\u00e9z\u00e9 k\u00e9tszeres\u00e9re n\u0151 a szilveszter el\u0151tti napokban.<\/p>\n","protected":false},"author":1,"featured_media":0,"comment_status":"closed","ping_status":"open","sticky":false,"template":"","format":"standard","meta":[],"categories":[4,19],"tags":[],"_links":{"self":[{"href":"https:\/\/gazdasagportal.hu\/index.php\/wp-json\/wp\/v2\/posts\/111916"}],"collection":[{"href":"https:\/\/gazdasagportal.hu\/index.php\/wp-json\/wp\/v2\/posts"}],"about":[{"href":"https:\/\/gazdasagportal.hu\/index.php\/wp-json\/wp\/v2\/types\/post"}],"author":[{"embeddable":true,"href":"https:\/\/gazdasagportal.hu\/index.php\/wp-json\/wp\/v2\/users\/1"}],"replies":[{"embeddable":true,"href":"https:\/\/gazdasagportal.hu\/index.php\/wp-json\/wp\/v2\/comments?post=111916"}],"version-history":[{"count":1,"href":"https:\/\/gazdasagportal.hu\/index.php\/wp-json\/wp\/v2\/posts\/111916\/revisions"}],"predecessor-version":[{"id":111917,"href":"https:\/\/gazdasagportal.hu\/index.php\/wp-json\/wp\/v2\/posts\/111916\/revisions\/111917"}],"wp:attachment":[{"href":"https:\/\/gazdasagportal.hu\/index.php\/wp-json\/wp\/v2\/media?parent=111916"}],"wp:term":[{"taxonomy":"category","embeddable":true,"href":"https:\/\/gazdasagportal.hu\/index.php\/wp-json\/wp\/v2\/categories?post=111916"},{"taxonomy":"post_tag","embeddable":true,"href":"https:\/\/gazdasagportal.hu\/index.php\/wp-json\/wp\/v2\/tags?post=111916"}],"curies":[{"name":"wp","href":"https:\/\/api.w.org\/{rel}","templated":true}]}}