{"id":111895,"date":"2018-12-17T04:51:45","date_gmt":"2018-12-17T03:51:45","guid":{"rendered":"http:\/\/gazdasagportal.hu\/?p=111895"},"modified":"2018-12-16T20:53:48","modified_gmt":"2018-12-16T19:53:48","slug":"porosenko-nem-hosszabbitjak-meg-a-hadiallapotot-ha-nem-lesz-nagy-szabasu-orosz-tamadas-ukrajna-ellen","status":"publish","type":"post","link":"https:\/\/gazdasagportal.hu\/index.php\/porosenko-nem-hosszabbitjak-meg-a-hadiallapotot-ha-nem-lesz-nagy-szabasu-orosz-tamadas-ukrajna-ellen\/","title":{"rendered":"Porosenko: nem hosszabb\u00edtj\u00e1k meg a hadi\u00e1llapotot, ha nem lesz nagy szab\u00e1s\u00fa orosz t\u00e1mad\u00e1s Ukrajna ellen"},"content":{"rendered":"<p><strong>Nem hosszabb\u00edtj\u00e1k meg az Ukrajna t\u00edz megy\u00e9j\u00e9ben bevezetett hadi\u00e1llapotot &#8211; a rendk\u00edv\u00fcli \u00e1llapot egy form\u00e1j\u00e1t &#8211; december 26-i lej\u00e1rta ut\u00e1n, ha nem t\u00f6rt\u00e9nik nagy szab\u00e1s\u00fa t\u00e1mad\u00e1s Ukrajna ellen Oroszorsz\u00e1g r\u00e9sz\u00e9r\u0151l &#8211; biztos\u00edtott \u00fajfent Petro Porosenko ukr\u00e1n eln\u00f6k vas\u00e1rnapi kijevi sajt\u00f3t\u00e1j\u00e9koztat\u00f3j\u00e1n.<\/strong><!--more--><\/p>\n<div class=\"ads-in-post1\"><div id=\"gazdasagportal.hu_fullbanner_wideboard\"><\/div>\r\n<\/div>\n<p>    Az \u00e1llamf\u0151 az Ukrajinszka Pravda h\u00edrport\u00e1l tud\u00f3s\u00edt\u00e1sa szerint lesz\u00f6gezte: azon az elvi \u00e1ll\u00e1sponton van, hogy nem zavarhatja meg a j\u00f6v\u0151 m\u00e1rciusban sorra ker\u00fcl\u0151 eln\u00f6kv\u00e1laszt\u00e1s kamp\u00e1ny\u00e1t a hadi\u00e1llapot. &#8222;Amennyiben nem t\u00e1madnak az orosz csapatok, megkezd\u0151dhet a k\u00e9sz\u00fcl\u0151d\u00e9s a v\u00e1laszt\u00e1sokra az orsz\u00e1g eg\u00e9sz\u00e9ben&#8221; &#8211; mondta.<br \/>\n    Hangs\u00falyozta ugyanakkor, hogy sajn\u00e1latos m\u00f3don Oroszorsz\u00e1g a hadi\u00e1llapot bevezet\u00e9se \u00f3ta az ukr\u00e1n hat\u00e1r k\u00f6zvetlen k\u00f6zel\u00e9ben a ter\u00fclet\u00e9n \u00e1llom\u00e1soztatott csapatoknak mind\u00f6ssze csak a t\u00edz sz\u00e1zal\u00e9k\u00e1t vonta h\u00e1tr\u00e9bb, a java r\u00e9sze tov\u00e1bbra is ott tart\u00f3zkodik, \u00e9s minden magyar\u00e1zat n\u00e9lk\u00fcl.<br \/>\n    Porosenko kijelentette, hogy Vlagyimir Putyin orosz eln\u00f6k nem az ukrajnai v\u00e1laszt\u00e1si kamp\u00e1ny miatt nem besz\u00e9l vele, mint ahogy \u00e1ll\u00edtja, hanem az\u00e9rt, mert nincs mit mondania. Porosenko szavai szerint Putyin nem sz\u00e1m\u00edtott arra, hogy az ukr\u00e1n hadihaj\u00f3k elleni november 25-i orosz t\u00e1mad\u00e1s ut\u00e1n 24 \u00f3r\u00e1n bel\u00fcl &#8222;a G7-orsz\u00e1gok, az Eur\u00f3pai Uni\u00f3 \u00e9s Ukrajna partnereinek t\u00f6bbs\u00e9ge nyilatkozatokat tesz&#8221;. A nyugati orsz\u00e1gok z\u00f6me egy\u00e9bk\u00e9nt agresszi\u00f3val \u00e9s a nemzetk\u00f6zi jog megs\u00e9rt\u00e9s\u00e9vel v\u00e1dolta meg Oroszorsz\u00e1got, \u00f6nm\u00e9rs\u00e9kletre intette mindk\u00e9t orsz\u00e1got, \u00e9s k\u00f6vetelte az ukr\u00e1n tenger\u00e9szek elenged\u00e9s\u00e9t.<br \/>\n<div class=\"ads-in-post2\"><script async src=\"https:\/\/pagead2.googlesyndication.com\/pagead\/js\/adsbygoogle.js\"><\/script>\r\n<ins class=\"adsbygoogle\"\r\n     style=\"display:block\"\r\n     data-ad-format=\"fluid\"\r\n     data-ad-layout-key=\"-6t+ed+2i-1n-4w\"\r\n     data-ad-client=\"ca-pub-1959107119989764\"\r\n     data-ad-slot=\"4008251320\"><\/ins>\r\n<script>\r\n     (adsbygoogle = window.adsbygoogle || []).push({});\r\n<\/script><\/div>\n    Porosenko hozz\u00e1tette: nem az\u00e9rt nem tud Kijev m\u00e1r egy \u00e9ve egyetlen ukr\u00e1n foglyot sem kiszabad\u00edtani sem Oroszorsz\u00e1gb\u00f3l, sem az elcsatolt Kr\u00edm f\u00e9lszigetr\u0151l, vagy a szakad\u00e1r Donyec-medencei ter\u00fcletekr\u0151l, mert Putyin nem hajland\u00f3 vele sz\u00f3ba \u00e1llni, hanem az\u00e9rt, mert az orosz eln\u00f6k nem akarja \u0151ket szabadon bocs\u00e1tani. Tavaly decemberben siker\u00fclt utolj\u00e1ra egy nagy szab\u00e1s\u00fa fogolycser\u00e9t v\u00e9grehajtania Kijevnek a Donyec-medencei szakad\u00e1rokkal, akkor 73 ukr\u00e1n foglyot cser\u00e9ltek ki 233 szakad\u00e1rra.<br \/>\n    A v\u00e1laszt\u00e1ssal kapcsolatosan egyel\u0151re nem er\u0151s\u00edtette meg hivatalosan, hogy indul-e ism\u00e9t az eln\u00f6ki poszt\u00e9rt, mert &#8211; mint fogalmazott &#8211; &#8222;m\u00e9g nincs v\u00e1laszt\u00e1si kamp\u00e1ny&#8221;.<br \/>\n    Az ukr\u00e1n eln\u00f6k kit\u00e9rt a szombaton tartott ortodox egyh\u00e1zegyes\u00edt\u0151 gy\u0171l\u00e9sre, amelyen vend\u00e9gk\u00e9nt vett r\u00e9szt. Elmondta, hogy a moszkvai patriark\u00e1tushoz h\u0171 ukr\u00e1n ortodox p\u00fcsp\u00f6k\u00f6k k\u00f6z\u00fcl t\u00edzen jelezt\u00e9k vissza, hogy elfogadj\u00e1k a megh\u00edv\u00e1st, k\u00f6z\u00fcl\u00fck viszont v\u00e9g\u00fcl csak ketten jelentek meg. &#8222;Al\u00e1becs\u00fclt\u00fck Moszkva befoly\u00e1s\u00e1nak erej\u00e9t az ukrajnai egyh\u00e1zszervezet\u00e9re&#8221; &#8211; konstat\u00e1lta. El\u00e1rulta, hogy legal\u00e1bb \u00f6t alkalommal csaknem zs\u00e1kutc\u00e1ba futott a tan\u00e1cskoz\u00e1s, \u00e9s &#8211; mint mondta -, az \u0151 r\u00e9szv\u00e9tel\u00e9vel tal\u00e1ltak kiutat. Azt is elmondta, hogy vas\u00e1rnap \u00e9pp a sajt\u00f3\u00e9rtekezlet el\u0151tt besz\u00e9lt telefonon I. Bartolomaiosz konstantin\u00e1polyi \u00f6komenikus p\u00e1tri\u00e1rk\u00e1val, aki &#8211; Porosenko szavai szerint &#8211; &#8222;sorsford\u00edt\u00f3 pillanatnak&#8221; nevezte a kijevi egyh\u00e1zegyes\u00edt\u0151 gy\u0171l\u00e9st az egyetemes ortodoxia t\u00f6rt\u00e9nelm\u00e9ben.(MTI)<\/p>\n","protected":false},"excerpt":{"rendered":"<p>Nem hosszabb\u00edtj\u00e1k meg az Ukrajna t\u00edz megy\u00e9j\u00e9ben bevezetett hadi\u00e1llapotot &#8211; a rendk\u00edv\u00fcli \u00e1llapot egy form\u00e1j\u00e1t &#8211; december 26-i lej\u00e1rta ut\u00e1n, ha nem t\u00f6rt\u00e9nik nagy szab\u00e1s\u00fa t\u00e1mad\u00e1s Ukrajna ellen Oroszorsz\u00e1g r\u00e9sz\u00e9r\u0151l &#8211; biztos\u00edtott \u00fajfent Petro Porosenko ukr\u00e1n eln\u00f6k vas\u00e1rnapi kijevi sajt\u00f3t\u00e1j\u00e9koztat\u00f3j\u00e1n.<\/p>\n","protected":false},"author":1,"featured_media":0,"comment_status":"closed","ping_status":"open","sticky":false,"template":"","format":"standard","meta":[],"categories":[12],"tags":[],"_links":{"self":[{"href":"https:\/\/gazdasagportal.hu\/index.php\/wp-json\/wp\/v2\/posts\/111895"}],"collection":[{"href":"https:\/\/gazdasagportal.hu\/index.php\/wp-json\/wp\/v2\/posts"}],"about":[{"href":"https:\/\/gazdasagportal.hu\/index.php\/wp-json\/wp\/v2\/types\/post"}],"author":[{"embeddable":true,"href":"https:\/\/gazdasagportal.hu\/index.php\/wp-json\/wp\/v2\/users\/1"}],"replies":[{"embeddable":true,"href":"https:\/\/gazdasagportal.hu\/index.php\/wp-json\/wp\/v2\/comments?post=111895"}],"version-history":[{"count":1,"href":"https:\/\/gazdasagportal.hu\/index.php\/wp-json\/wp\/v2\/posts\/111895\/revisions"}],"predecessor-version":[{"id":111896,"href":"https:\/\/gazdasagportal.hu\/index.php\/wp-json\/wp\/v2\/posts\/111895\/revisions\/111896"}],"wp:attachment":[{"href":"https:\/\/gazdasagportal.hu\/index.php\/wp-json\/wp\/v2\/media?parent=111895"}],"wp:term":[{"taxonomy":"category","embeddable":true,"href":"https:\/\/gazdasagportal.hu\/index.php\/wp-json\/wp\/v2\/categories?post=111895"},{"taxonomy":"post_tag","embeddable":true,"href":"https:\/\/gazdasagportal.hu\/index.php\/wp-json\/wp\/v2\/tags?post=111895"}],"curies":[{"name":"wp","href":"https:\/\/api.w.org\/{rel}","templated":true}]}}