{"id":111893,"date":"2018-12-16T19:07:32","date_gmt":"2018-12-16T18:07:32","guid":{"rendered":"http:\/\/gazdasagportal.hu\/?p=111893"},"modified":"2018-12-16T19:07:32","modified_gmt":"2018-12-16T18:07:32","slug":"havazas-onos-eso-es-minusz-10-foknal-is-hidegebb","status":"publish","type":"post","link":"https:\/\/gazdasagportal.hu\/index.php\/havazas-onos-eso-es-minusz-10-foknal-is-hidegebb\/","title":{"rendered":"Havaz\u00e1s, \u00f3nos es\u0151 \u00e9s m\u00ednusz 10 fokn\u00e1l is hidegebb"},"content":{"rendered":"<p><strong>Hideg id\u0151vel kezd\u0151dik a h\u00e9t, helyenk\u00e9nt m\u00ednusz 10 fokn\u00e1l is hidegebb lehet, t\u00f6bbfel\u00e9 napk\u00f6zben is m\u00ednuszok lesznek. Gyenge havaz\u00e1s, \u00f3nos es\u0151 havas es\u0151 csak elsz\u00f3rtan v\u00e1rhat\u00f3 &#8211; der\u00fcl ki az Orsz\u00e1gos Meteorol\u00f3giai Szolg\u00e1lat orsz\u00e1gos, k\u00f6z\u00e9pt\u00e1v\u00fa el\u0151rejelz\u00e9s\u00e9b\u0151l, melyet vas\u00e1rnap juttattak el az MTI-nek.<\/strong><!--more--><\/p>\n<div class=\"ads-in-post1\"><div id=\"gazdasagportal.hu_fullbanner_wideboard\"><\/div>\r\n<\/div>\n<p>    H\u00e9tf\u0151n els\u0151sorban a keleti, d\u00e9lkeleti t\u00e1jakon fordulhat el\u0151 h\u00f3sz\u00e1lling\u00f3z\u00e1s, gyenge havaz\u00e1s. A legalacsonyabb h\u0151m\u00e9rs\u00e9klet \u00e1ltal\u00e1ban m\u00ednusz 10 \u00e9s m\u00ednusz 3 fok k\u00f6z\u00f6tt alakul, az \u00e1tmenetileg der\u00fclt t\u00e1jakon lehet a hidegebb. A legmagasabb h\u0151m\u00e9rs\u00e9klet t\u00f6bbnyire m\u00ednusz 3 \u00e9s plusz 1 fok k\u00f6z\u00f6tt val\u00f3sz\u00edn\u0171.<br \/>\n    Kedden a Tisz\u00e1nt\u00falon sz\u00f3rv\u00e1nyosan gyeng\u00e9n havazhat. A leghidegebb \u00f3r\u00e1kban m\u00ednusz 7 \u00e9s m\u00ednusz 2 fok k\u00f6z\u00f6tt alakul a h\u0151m\u00e9rs\u00e9klet, de a der\u00fclt, havas t\u00e1jakon m\u00ednusz 12 fokig is h\u0171lhet a leveg\u0151. Napk\u00f6zben m\u00ednusz 1 \u00e9s plusz 5 fok k\u00f6z\u00f6tt alakul a h\u0151m\u00e9rs\u00e9klet.<br \/>\n<div class=\"ads-in-post2\"><script async src=\"https:\/\/pagead2.googlesyndication.com\/pagead\/js\/adsbygoogle.js\"><\/script>\r\n<ins class=\"adsbygoogle\"\r\n     style=\"display:block\"\r\n     data-ad-format=\"fluid\"\r\n     data-ad-layout-key=\"-6t+ed+2i-1n-4w\"\r\n     data-ad-client=\"ca-pub-1959107119989764\"\r\n     data-ad-slot=\"4008251320\"><\/ins>\r\n<script>\r\n     (adsbygoogle = window.adsbygoogle || []).push({});\r\n<\/script><\/div>\n    Szerd\u00e1ra virrad\u00f3ra a k\u00f6d t\u00f6bbfel\u00e9 tart\u00f3san megmarad. A k\u00f6d\u00f6s t\u00e1jakon jelent\u00e9ktelen h\u00f3sz\u00e1lling\u00f3z\u00e1s, \u00f3nos szit\u00e1l\u00e1s el\u0151fordulhat. A minimumh\u0151m\u00e9rs\u00e9klet a felh\u0151s t\u00e1jakon m\u00ednusz 7 \u00e9s m\u00ednusz 2, a der\u00fclt r\u00e9szeken m\u00ednusz 12 \u00e9s m\u00ednusz 7 fok k\u00f6z\u00f6tt alakul. A nappali maximumok jellemz\u0151en m\u00ednusz 2 \u00e9s plusz 2 fok k\u00f6z\u00f6tt alakulnak, de a tart\u00f3san k\u00f6d\u00f6s t\u00e1jakon helyenk\u00e9nt napk\u00f6zben is csup\u00e1n m\u00ednusz 3, m\u00ednusz 4 fok lesz.<br \/>\n    Cs\u00fct\u00f6rt\u00f6k\u00f6n p\u00e1r\u00e1s, tart\u00f3san k\u00f6d\u00f6s ter\u00fcletek is lesznek. Sz\u00f3rv\u00e1nyosan \u00f3nos es\u0151, havas es\u0151, havaz\u00e1s el\u0151fordulhat. A legalacsonyabb h\u0151m\u00e9rs\u00e9klet m\u00ednusz 7 \u00e9s m\u00ednusz 2, a legmagasabb h\u0151m\u00e9rs\u00e9klet m\u00ednusz 3 \u00e9s plusz 2 fok k\u00f6z\u00f6tt alakul.<br \/>\n    P\u00e9nteken egyre kevesebb helyen val\u00f3sz\u00edn\u0171 havas es\u0151, havaz\u00e1s, \u00f3nos es\u0151. A leghidegebb \u00f3r\u00e1kban m\u00ednusz 7 \u00e9s m\u00ednusz 2, napk\u00f6zben m\u00ednusz 3 \u00e9s plusz 2 fok k\u00f6z\u00f6tt alakul a h\u0151m\u00e9rs\u00e9klet.<br \/>\n    Szombaton \u00e9s vas\u00e1rnap t\u00f6bbnyire er\u0151sen felh\u0151s vagy borult lesz az \u00e9g. Elsz\u00f3rtan es\u0151, havas es\u0151, havaz\u00e1s el\u0151fordulhat. Szombaton a legalacsonyabb h\u0151m\u00e9rs\u00e9klet m\u00ednusz 8 \u00e9s m\u00ednusz 3, vas\u00e1rnap m\u00ednusz 4 \u00e9s plusz 1 fok k\u00f6z\u00f6tt alakul. A nappali maximumok szombaton m\u00ednusz 3 \u00e9s plusz 2, vas\u00e1rnap 0 \u00e9s plusz 7 fok k\u00f6z\u00f6tt alakulnak &#8211; olvashat\u00f3 az el\u0151rejelz\u00e9sben.(MTI)<\/p>\n","protected":false},"excerpt":{"rendered":"<p>Hideg id\u0151vel kezd\u0151dik a h\u00e9t, helyenk\u00e9nt m\u00ednusz 10 fokn\u00e1l is hidegebb lehet, t\u00f6bbfel\u00e9 napk\u00f6zben is m\u00ednuszok lesznek. Gyenge havaz\u00e1s, \u00f3nos es\u0151 havas es\u0151 csak elsz\u00f3rtan v\u00e1rhat\u00f3 &#8211; der\u00fcl ki az Orsz\u00e1gos Meteorol\u00f3giai Szolg\u00e1lat orsz\u00e1gos, k\u00f6z\u00e9pt\u00e1v\u00fa el\u0151rejelz\u00e9s\u00e9b\u0151l, melyet vas\u00e1rnap juttattak el az MTI-nek.<\/p>\n","protected":false},"author":1001003,"featured_media":0,"comment_status":"closed","ping_status":"open","sticky":false,"template":"","format":"standard","meta":[],"categories":[4],"tags":[],"_links":{"self":[{"href":"https:\/\/gazdasagportal.hu\/index.php\/wp-json\/wp\/v2\/posts\/111893"}],"collection":[{"href":"https:\/\/gazdasagportal.hu\/index.php\/wp-json\/wp\/v2\/posts"}],"about":[{"href":"https:\/\/gazdasagportal.hu\/index.php\/wp-json\/wp\/v2\/types\/post"}],"author":[{"embeddable":true,"href":"https:\/\/gazdasagportal.hu\/index.php\/wp-json\/wp\/v2\/users\/1001003"}],"replies":[{"embeddable":true,"href":"https:\/\/gazdasagportal.hu\/index.php\/wp-json\/wp\/v2\/comments?post=111893"}],"version-history":[{"count":1,"href":"https:\/\/gazdasagportal.hu\/index.php\/wp-json\/wp\/v2\/posts\/111893\/revisions"}],"predecessor-version":[{"id":111894,"href":"https:\/\/gazdasagportal.hu\/index.php\/wp-json\/wp\/v2\/posts\/111893\/revisions\/111894"}],"wp:attachment":[{"href":"https:\/\/gazdasagportal.hu\/index.php\/wp-json\/wp\/v2\/media?parent=111893"}],"wp:term":[{"taxonomy":"category","embeddable":true,"href":"https:\/\/gazdasagportal.hu\/index.php\/wp-json\/wp\/v2\/categories?post=111893"},{"taxonomy":"post_tag","embeddable":true,"href":"https:\/\/gazdasagportal.hu\/index.php\/wp-json\/wp\/v2\/tags?post=111893"}],"curies":[{"name":"wp","href":"https:\/\/api.w.org\/{rel}","templated":true}]}}