{"id":111891,"date":"2018-12-16T18:26:52","date_gmt":"2018-12-16T17:26:52","guid":{"rendered":"http:\/\/gazdasagportal.hu\/?p=111891"},"modified":"2018-12-16T18:26:52","modified_gmt":"2018-12-16T17:26:52","slug":"jonak-lenni-jo-este-hat-oraig-mintegy-70-millio-forint-gyult-ossze","status":"publish","type":"post","link":"https:\/\/gazdasagportal.hu\/index.php\/jonak-lenni-jo-este-hat-oraig-mintegy-70-millio-forint-gyult-ossze\/","title":{"rendered":"J\u00f3nak lenni j\u00f3! &#8211; Este hat \u00f3r\u00e1ig mintegy 70 milli\u00f3 forint gy\u0171lt \u00f6ssze"},"content":{"rendered":"<p><strong>Vas\u00e1rnap 18 \u00f3r\u00e1ig mintegy 70 milli\u00f3 forint gy\u0171lt \u00f6ssze a k\u00f6zm\u00e9dia J\u00f3nak lenni j\u00f3! c\u00edm\u0171 eg\u00e9sz napos j\u00f3t\u00e9konys\u00e1gi m\u0171sor\u00e1ban, amely az 1-es t\u00edpus\u00fa cukorbetegs\u00e9gben szenved\u0151 gyerekek \u00e9s fiatalok t\u00e1mogat\u00e1s\u00e1ra, t\u00e1boroztat\u00e1s\u00e1nak seg\u00edt\u00e9s\u00e9re gy\u0171jt.<\/strong><!--more--><\/p>\n<div class=\"ads-in-post1\"><div id=\"gazdasagportal.hu_fullbanner_wideboard\"><\/div>\r\n<\/div>\n<p>Egy n\u00e9vtelen adakoz\u00f3 6 milli\u00f3 forinttal, a M\u00e9sz\u00e1ros-csoport 20 milli\u00f3 forinttal j\u00e1rult hozz\u00e1 a j\u00f3t\u00e9konys\u00e1gi kezdem\u00e9nyez\u00e9shez.<br \/>\nA 13630-as telefonsz\u00e1mon h\u00edv\u00e1sonk\u00e9nt 250 forinttal lehet t\u00e1mogatni a j\u00f3t\u00e9konys\u00e1gi akci\u00f3t, a megv\u00e1s\u00e1rolhat\u00f3 \u00e9s a licitre bocs\u00e1tott t\u00e1rgyak a\u00a0<strong><a title=\"Hely megnyit\u00e1sa\" href=\"https:\/\/www.mediaklikk.hu\/musor\/jonaklennijo\/\" target=\"_blank\" rel=\"noopener noreferrer\">https:\/\/www.mediaklikk.hu\/musor\/jonaklennijo\/<\/a><\/strong>\u00a0oldalon tekinthet\u0151k meg.<br \/>\nA fix \u00e1ron elvihet\u0151 t\u00e1rgyak k\u00f6z\u00f6tt szerepelnek m\u00e9g Jos\u00e9 Carreras opera\u00e9nekes s\u00e1ljai, Malek Andrea \u00e9nekesn\u0151 porcel\u00e1nfigur\u00e1ja, Sting \u00e9s Shaggy budapesti koncertj\u00e9nek dedik\u00e1lt \u00e9s bekeretezett plak\u00e1tja, Rost Andrea opera\u00e9nekes fell\u00e9p\u0151ruh\u00e1ja, valamint Nagy Fer\u00f3 \u00e9nekes kend\u0151je, CD, k\u00f6nyv \u00e9s git\u00e1r.<br \/>\n<div class=\"ads-in-post2\"><script async src=\"https:\/\/pagead2.googlesyndication.com\/pagead\/js\/adsbygoogle.js\"><\/script>\r\n<ins class=\"adsbygoogle\"\r\n     style=\"display:block\"\r\n     data-ad-format=\"fluid\"\r\n     data-ad-layout-key=\"-6t+ed+2i-1n-4w\"\r\n     data-ad-client=\"ca-pub-1959107119989764\"\r\n     data-ad-slot=\"4008251320\"><\/ins>\r\n<script>\r\n     (adsbygoogle = window.adsbygoogle || []).push({});\r\n<\/script><\/div>\nA j\u00f3t\u00e9konys\u00e1gi akci\u00f3ba a Magyar Diabetes T\u00e1rsas\u00e1g, az Erzs\u00e9bet a K\u00e1rp\u00e1t-medencei Gyermekek\u00e9rt Alap\u00edtv\u00e1ny, az Egy Csepp Figyelem Alap\u00edtv\u00e1ny, a Szurik\u00e1ta Alap\u00edtv\u00e1ny a Diab\u00e9teszes Gyermekek\u00e9rt \u00e9s a Sportos Cukorbetegek\u00e9rt Egyes\u00fclet is bekapcsol\u00f3dott.<br \/>\nAz eg\u00e9sz napos m\u0171sorfolyam a Duna Telev\u00edzi\u00f3ban, a Duna World csatorn\u00e1n \u00e9s az M5 kultur\u00e1lis csatorn\u00e1n l\u00e1that\u00f3.(MTI)<\/p>\n<p>&nbsp;<\/p><div id=\"gazda-956103216\" class=\"gazda-tartalomban gazda-entity-placement\"><script async src=\"https:\/\/pagead2.googlesyndication.com\/pagead\/js\/adsbygoogle.js\"><\/script>\r\n<ins class=\"adsbygoogle\"\r\n     style=\"display:block\"\r\n     data-ad-format=\"fluid\"\r\n     data-ad-layout-key=\"-6t+ed+2i-1n-4w\"\r\n     data-ad-client=\"ca-pub-1959107119989764\"\r\n     data-ad-slot=\"4008251320\"><\/ins>\r\n<script>\r\n     (adsbygoogle = window.adsbygoogle || []).push({});\r\n<\/script><\/div>\n","protected":false},"excerpt":{"rendered":"<p>Vas\u00e1rnap 18 \u00f3r\u00e1ig mintegy 70 milli\u00f3 forint gy\u0171lt \u00f6ssze a k\u00f6zm\u00e9dia J\u00f3nak lenni j\u00f3! c\u00edm\u0171 eg\u00e9sz napos j\u00f3t\u00e9konys\u00e1gi m\u0171sor\u00e1ban, amely az 1-es t\u00edpus\u00fa cukorbetegs\u00e9gben szenved\u0151 gyerekek \u00e9s fiatalok t\u00e1mogat\u00e1s\u00e1ra, t\u00e1boroztat\u00e1s\u00e1nak seg\u00edt\u00e9s\u00e9re gy\u0171jt.<\/p>\n","protected":false},"author":1001003,"featured_media":0,"comment_status":"closed","ping_status":"open","sticky":false,"template":"","format":"standard","meta":[],"categories":[4],"tags":[],"_links":{"self":[{"href":"https:\/\/gazdasagportal.hu\/index.php\/wp-json\/wp\/v2\/posts\/111891"}],"collection":[{"href":"https:\/\/gazdasagportal.hu\/index.php\/wp-json\/wp\/v2\/posts"}],"about":[{"href":"https:\/\/gazdasagportal.hu\/index.php\/wp-json\/wp\/v2\/types\/post"}],"author":[{"embeddable":true,"href":"https:\/\/gazdasagportal.hu\/index.php\/wp-json\/wp\/v2\/users\/1001003"}],"replies":[{"embeddable":true,"href":"https:\/\/gazdasagportal.hu\/index.php\/wp-json\/wp\/v2\/comments?post=111891"}],"version-history":[{"count":1,"href":"https:\/\/gazdasagportal.hu\/index.php\/wp-json\/wp\/v2\/posts\/111891\/revisions"}],"predecessor-version":[{"id":111892,"href":"https:\/\/gazdasagportal.hu\/index.php\/wp-json\/wp\/v2\/posts\/111891\/revisions\/111892"}],"wp:attachment":[{"href":"https:\/\/gazdasagportal.hu\/index.php\/wp-json\/wp\/v2\/media?parent=111891"}],"wp:term":[{"taxonomy":"category","embeddable":true,"href":"https:\/\/gazdasagportal.hu\/index.php\/wp-json\/wp\/v2\/categories?post=111891"},{"taxonomy":"post_tag","embeddable":true,"href":"https:\/\/gazdasagportal.hu\/index.php\/wp-json\/wp\/v2\/tags?post=111891"}],"curies":[{"name":"wp","href":"https:\/\/api.w.org\/{rel}","templated":true}]}}