{"id":111826,"date":"2018-12-14T14:09:49","date_gmt":"2018-12-14T13:09:49","guid":{"rendered":"http:\/\/gazdasagportal.hu\/?p=111826"},"modified":"2018-12-14T14:09:49","modified_gmt":"2018-12-14T13:09:49","slug":"richard-branson-csodkozeli-helyzetbe-sodorna-nagy-britanniat-a-kemeny-brexit","status":"publish","type":"post","link":"https:\/\/gazdasagportal.hu\/index.php\/richard-branson-csodkozeli-helyzetbe-sodorna-nagy-britanniat-a-kemeny-brexit\/","title":{"rendered":"Richard Branson: cs\u0151dk\u00f6zeli helyzetbe sodorn\u00e1 Nagy-Britanni\u00e1t a kem\u00e9ny Brexit"},"content":{"rendered":"<p><strong>Az egyik legismertebb brit nagyv\u00e1llalkoz\u00f3 szerint cs\u0151dh\u00f6z k\u00f6zeli helyzetbe sodorhatn\u00e1 Nagy-Britanni\u00e1t a kem\u00e9ny Brexit, vagyis az, ha a brit EU-tags\u00e1g meg\u00e1llapod\u00e1s n\u00e9lk\u00fcl, szab\u00e1lyozatlan k\u00f6r\u00fclm\u00e9nyek k\u00f6zepette sz\u0171nne meg.<\/strong><!--more--><\/p>\n<div class=\"ads-in-post1\"><div id=\"gazdasagportal.hu_fullbanner_wideboard\"><\/div>\r\n<\/div>\n<p>    Sir Richard Branson, a t\u00f6bb mint n\u00e9gysz\u00e1z v\u00e1llalatb\u00f3l \u00e1ll\u00f3 Virgin nemzetk\u00f6zi c\u00e9gbirodalom alap\u00edt\u00f3ja a BBC telev\u00edzi\u00f3nak nyilatkozva p\u00e9nteken kijelentette: Theresa May minisztereln\u00f6k is elismerte, hogy ha Nagy-Britannia az \u0151 Brexit-strat\u00e9gi\u00e1ja alapj\u00e1n l\u00e9pne ki az EU-b\u00f3l, az sem j\u00e1rna a brit EU-tags\u00e1ghoz m\u00e9rhet\u0151 el\u0151ny\u00f6kkel, \u00e9s a korm\u00e1nyf\u0151 is azt vallja, hogy &#8222;a kem\u00e9ny Brexit teljes katasztr\u00f3fa lenne&#8221; a brit n\u00e9p sz\u00e1m\u00e1ra.<br \/>\n    Branson szerint a kem\u00e9ny Bexit a Virgin-csoport t\u00f6bb tagv\u00e1llalat\u00e1t is &#8222;megtorped\u00f3zn\u00e1&#8221;, \u00e9s hatalmas k\u00e1rokat okozna a konglomer\u00e1tumnak.<br \/>\n    A nagyv\u00e1llalkoz\u00f3 kijelentette: rem\u00e9li, hogy v\u00e9g\u00fcl &#8222;a j\u00f3zan \u00e9sz kerekedik fel\u00fcl&#8221;.<br \/>\n    A konzervat\u00edv p\u00e1rti brit korm\u00e1ny \u00e1tfog\u00f3 meg\u00e1llapod\u00e1st \u00e9rt el az Eur\u00f3pai Uni\u00f3val a Brexit felt\u00e9telrendszer\u00e9r\u0151l, \u00e1m az egyezm\u00e9ny j\u00f3v\u00e1hagy\u00e1s\u00e1hoz messze nincs meg a t\u00f6bbs\u00e9g a londoni als\u00f3h\u00e1zban, els\u0151sorban a tory frakci\u00f3 kem\u00e9nyvonalas Brexit-t\u00e1bor\u00e1nak ellen\u00e1ll\u00e1sa miatt. E frakci\u00f3csoport azt a tartal\u00e9kmegold\u00e1st ellenzi a leghevesebben, amely az \u00edr-\u00e9szak\u00edr hat\u00e1ron hossz\u00fa \u00e9vek \u00f3ta nem l\u00e9tez\u0151 fizikai ellen\u0151rz\u00e9s vissza\u00e1ll\u00edt\u00e1s\u00e1nak elker\u00fcl\u00e9s\u00e9t szolg\u00e1ln\u00e1. E mechanizmus alapj\u00e1n az Egyes\u00fclt Kir\u00e1lys\u00e1g \u00e9s az EU v\u00e1muni\u00f3s viszonyrendszerben maradna, ha nem siker\u00fclne id\u0151ben olyan szabadkereskedelmi meg\u00e1llapod\u00e1st kidolgozni, amely a hat\u00e1rellen\u0151rz\u00e9s fel\u00faj\u00edt\u00e1s\u00e1t feleslegess\u00e9 tenn\u00e9.<br \/>\n<div class=\"ads-in-post2\"><script async src=\"https:\/\/pagead2.googlesyndication.com\/pagead\/js\/adsbygoogle.js\"><\/script>\r\n<ins class=\"adsbygoogle\"\r\n     style=\"display:block\"\r\n     data-ad-format=\"fluid\"\r\n     data-ad-layout-key=\"-6t+ed+2i-1n-4w\"\r\n     data-ad-client=\"ca-pub-1959107119989764\"\r\n     data-ad-slot=\"4008251320\"><\/ins>\r\n<script>\r\n     (adsbygoogle = window.adsbygoogle || []).push({});\r\n<\/script><\/div>\n    A kil\u00e9p\u00e9si meg\u00e1llapod\u00e1sr\u00f3l a londoni als\u00f3h\u00e1znak kedden kellett volna szavaznia, de Theresa May el\u0151z\u0151 nap elhalasztotta a voksol\u00e1st, \u00e9ppen az\u00e9rt, mert a hat\u00e1rellen\u0151rz\u00e9s elker\u00fcl\u00e9s\u00e9re szolg\u00e1l\u00f3 megold\u00e1s feletti s\u00falyos n\u00e9zetelt\u00e9r\u00e9sek miatt rem\u00e9nytelen lett volna a Brexit-egyezm\u00e9ny elfogadtat\u00e1sa. \u00daj szavaz\u00e1si id\u0151pont egyel\u0151re nincs, a jelenlegi helyzet alapj\u00e1n az Egyes\u00fclt Kir\u00e1lys\u00e1g viszont m\u00e1rcius 29-\u00e9n kil\u00e9p az EU-b\u00f3l, akkor is, ha addig nem l\u00e9p \u00e9letbe a Brexit-felt\u00e9telekr\u0151l sz\u00f3l\u00f3 meg\u00e1llapod\u00e1s.<br \/>\n    Theresa May az e h\u00e9ten tartott \u00e9vz\u00e1r\u00f3 EU-cs\u00facson jogi \u00e9rv\u00e9ny\u0171 biztos\u00edt\u00e9kokat szeretett volna kapni az uni\u00f3s vezet\u0151kt\u0151l arra, hogy a tartal\u00e9kmegold\u00e1s csak \u00e1tmeneti id\u0151re lenne \u00e9letbe l\u00e9ptethet\u0151, \u00e1m a \u00e9rtekezletr\u0151l kiadott k\u00f6zlem\u00e9ny csak \u00e1ltal\u00e1noss\u00e1gban megfogalmazott t\u00f6rekv\u00e9st tartalmaz erre.<br \/>\n    Sir Richard Branson a p\u00e9nteki BBC-interj\u00faban kijelentette: m\u00e9g k\u00e9t \u00e9vvel ezel\u0151tt is a brit hazai \u00f6sszterm\u00e9k (GDP) n\u00f6veked\u00e9si lend\u00fclete volt a leger\u0151sebb Eur\u00f3p\u00e1ban, m\u00e1ra viszont a leggyeng\u00e9bb\u00e9 v\u00e1lt, j\u00f3llehet a kem\u00e9ny Brexit m\u00e9g be sem k\u00f6vetkezett.<br \/>\n    A Virgin-v\u00e1llalatcsoport alap\u00edt\u00f3ja szerint m\u00e1ra teljesen vil\u00e1goss\u00e1 v\u00e1lt, hogy rengeteg brit v\u00e1llalat menne t\u00f6nkre, \u00e9s Nagy-Britannia is cs\u0151dk\u00f6zeli helyzetbe ker\u00fclne kem\u00e9ny Brexit eset\u00e9n.<br \/>\n    Hozz\u00e1tette: ism\u00e9t a v\u00e1laszt\u00f3k kez\u00e9be kell adni a d\u00f6nt\u00e9st arr\u00f3l, hogy Nagy-Britannia a k\u00e9t \u00e9vvel ezel\u0151tti EU-n\u00e9pszavaz\u00e1s \u00f3ta ismertt\u00e9 v\u00e1lt t\u00e9nyek tudat\u00e1ban is kil\u00e9pjen-e az EU-b\u00f3l.<br \/>\n    A brit EU-tags\u00e1gr\u00f3l 2016 j\u00fanius\u00e1ban tartott referendumon a r\u00e9sztvev\u0151k sz\u0171k, 51,89 sz\u00e1zal\u00e9kos t\u00f6bbs\u00e9ge a kil\u00e9p\u00e9sre voksolt.<br \/>\n    A kem\u00e9ny Brexit n\u00f6veked\u00e9si kock\u00e1zat\u00e1ra gazdas\u00e1gi szak\u00e9rt\u0151k m\u00e1r r\u00e9szletes sz\u00e1m\u00edt\u00e1sokkal is felh\u00edvt\u00e1k a figyelmet.<br \/>\n    A National Institute of Economic and Social Research (NIESR) nev\u0171 tekint\u00e9lyes londoni gazdas\u00e1gi-t\u00e1rsadalmi kutat\u00f3k\u00f6zpont legut\u00f3bbi tanulm\u00e1nya szerint ha meg\u00e1llapod\u00e1s h\u00edj\u00e1n az EU-val folytatott brit kereskedelemre a Kereskedelmi Vil\u00e1gszervezet (WTO) \u00e1ltal\u00e1nos szab\u00e1lyrendszere l\u00e9pne \u00e9letbe &#8211; ami v\u00e1mok \u00e9s v\u00e1mvizsg\u00e1latok megjelen\u00e9s\u00e9t jelenten\u00e9 a jelenleg teljesen akad\u00e1lymentes k\u00e9toldal\u00fa kereskedelemben -, a brit hazai \u00f6sszterm\u00e9k \u00e9rt\u00e9ke 2030-ra 4,93 sz\u00e1zal\u00e9kkal lenne alacsonyabb ann\u00e1l a szintn\u00e9l, amelyet az akad\u00e1lytalan kereskedelem folytat\u00f3d\u00e1sa eset\u00e9n arra az \u00e9vre a brit gazdas\u00e1g el\u00e9rhetne.<br \/>\n    A Bank of England sz\u00e1mos forgat\u00f3k\u00f6nyvet vizsg\u00e1l\u00f3 87 oldalas friss tanulm\u00e1nya szerint a teljesen szab\u00e1lyozatlan kil\u00e9p\u00e9sre kidolgozott legrosszabb stresszhelyzeti szimul\u00e1ci\u00f3s modellek arra vallanak, hogy a brit GDP-\u00e9rt\u00e9k e forgat\u00f3k\u00f6nyv-v\u00e1ltozat eset\u00e9n 8 sz\u00e1zal\u00e9kkal zuhanna. A brit jegybank szak\u00e9rt\u0151i szerint ez \u00f6sszeoml\u00e1sszer\u0171 recesszi\u00f3nak felelne meg.(MTI)<\/p>\n","protected":false},"excerpt":{"rendered":"<p>Az egyik legismertebb brit nagyv\u00e1llalkoz\u00f3 szerint cs\u0151dh\u00f6z k\u00f6zeli helyzetbe sodorhatn\u00e1 Nagy-Britanni\u00e1t a kem\u00e9ny Brexit, vagyis az, ha a brit EU-tags\u00e1g meg\u00e1llapod\u00e1s n\u00e9lk\u00fcl, szab\u00e1lyozatlan k\u00f6r\u00fclm\u00e9nyek k\u00f6zepette sz\u0171nne meg.<\/p>\n","protected":false},"author":1,"featured_media":48748,"comment_status":"closed","ping_status":"open","sticky":false,"template":"","format":"standard","meta":[],"categories":[146,12],"tags":[],"_links":{"self":[{"href":"https:\/\/gazdasagportal.hu\/index.php\/wp-json\/wp\/v2\/posts\/111826"}],"collection":[{"href":"https:\/\/gazdasagportal.hu\/index.php\/wp-json\/wp\/v2\/posts"}],"about":[{"href":"https:\/\/gazdasagportal.hu\/index.php\/wp-json\/wp\/v2\/types\/post"}],"author":[{"embeddable":true,"href":"https:\/\/gazdasagportal.hu\/index.php\/wp-json\/wp\/v2\/users\/1"}],"replies":[{"embeddable":true,"href":"https:\/\/gazdasagportal.hu\/index.php\/wp-json\/wp\/v2\/comments?post=111826"}],"version-history":[{"count":1,"href":"https:\/\/gazdasagportal.hu\/index.php\/wp-json\/wp\/v2\/posts\/111826\/revisions"}],"predecessor-version":[{"id":111827,"href":"https:\/\/gazdasagportal.hu\/index.php\/wp-json\/wp\/v2\/posts\/111826\/revisions\/111827"}],"wp:featuredmedia":[{"embeddable":true,"href":"https:\/\/gazdasagportal.hu\/index.php\/wp-json\/wp\/v2\/media\/48748"}],"wp:attachment":[{"href":"https:\/\/gazdasagportal.hu\/index.php\/wp-json\/wp\/v2\/media?parent=111826"}],"wp:term":[{"taxonomy":"category","embeddable":true,"href":"https:\/\/gazdasagportal.hu\/index.php\/wp-json\/wp\/v2\/categories?post=111826"},{"taxonomy":"post_tag","embeddable":true,"href":"https:\/\/gazdasagportal.hu\/index.php\/wp-json\/wp\/v2\/tags?post=111826"}],"curies":[{"name":"wp","href":"https:\/\/api.w.org\/{rel}","templated":true}]}}