{"id":111747,"date":"2018-12-12T16:29:45","date_gmt":"2018-12-12T15:29:45","guid":{"rendered":"http:\/\/gazdasagportal.hu\/?p=111747"},"modified":"2018-12-12T15:30:33","modified_gmt":"2018-12-12T14:30:33","slug":"ensz-szakertok-klimautlevel-bevezeteset-szorgalmazzak","status":"publish","type":"post","link":"https:\/\/gazdasagportal.hu\/index.php\/ensz-szakertok-klimautlevel-bevezeteset-szorgalmazzak\/","title":{"rendered":"ENSZ-szak\u00e9rt\u0151k kl\u00edma\u00fatlev\u00e9l bevezet\u00e9s\u00e9t szorgalmazz\u00e1k"},"content":{"rendered":"<p><strong>Az \u00e9ghajlatv\u00e1ltoz\u00e1s miatt lakhely\u00fcket elhagy\u00f3 emberek sz\u00e1m\u00e1ra &#8222;kl\u00edma\u00fatlev\u00e9l&#8221; bevezet\u00e9s\u00e9t szorgalmazt\u00e1k szerd\u00e1n a katowicei COP24 kl\u00edmacs\u00facson az ENSZ szak\u00e9rt\u0151i, akik szerint 2050-ig term\u00e9szeti katasztr\u00f3f\u00e1k miatt mintegy 143 milli\u00f3 ember k\u00e9nyszer\u00fclhet otthona elhagy\u00e1s\u00e1ra.<\/strong><!--more--><\/p>\n<div class=\"ads-in-post1\"><div id=\"gazdasagportal.hu_fullbanner_wideboard\"><\/div>\r\n<\/div>\n<p>    A december 3-\u00e1n kezd\u0151d\u00f6tt, p\u00e9ntekig tart\u00f3 cs\u00facstal\u00e1lkoz\u00f3n az ENSZ Egyetem (UNU) k\u00f6rnyezeti \u00e9s emberi biztons\u00e1gi kutat\u00f3int\u00e9zet\u00e9nek (UNU-EHS) munkat\u00e1rsai mutatt\u00e1k be azokat az adatokat, amelyekkel a kl\u00edmav\u00e1ltoz\u00e1s \u00e9s a glob\u00e1lis migr\u00e1ci\u00f3 k\u00f6z\u00f6tti \u00f6sszef\u00fcgg\u00e9st szeml\u00e9ltett\u00e9k.<br \/>\n    Az UNU-EHS egyik szak\u00e9rt\u0151je, Robert Oakes szerint az \u00e1rad\u00e1sok \u00e9s egy\u00e9b sz\u00e9ls\u0151s\u00e9ges id\u0151j\u00e1r\u00e1si jelens\u00e9gek miatt manaps\u00e1g \u00e9vente 20 milli\u00f3 ember v\u00e1ltoztatja meg a lakhely\u00e9t, a legink\u00e1bb a csendes-\u00f3ce\u00e1ni szigetorsz\u00e1gok az \u00e9rintettek. Ott a legt\u00f6bben anyagi helyzet\u00fck miatt nem k\u00fclf\u00f6ldre, hanem a f\u0151v\u00e1rosokba telep\u00fclnek \u00e1t, ahol a t\u00faln\u00e9pesed\u00e9s miatt tragikusak az \u00e9letk\u00f6r\u00fclm\u00e9nyek &#8211; fejtette ki Oakes.<br \/>\n<div class=\"ads-in-post2\"><script async src=\"https:\/\/pagead2.googlesyndication.com\/pagead\/js\/adsbygoogle.js\"><\/script>\r\n<ins class=\"adsbygoogle\"\r\n     style=\"display:block\"\r\n     data-ad-format=\"fluid\"\r\n     data-ad-layout-key=\"-6t+ed+2i-1n-4w\"\r\n     data-ad-client=\"ca-pub-1959107119989764\"\r\n     data-ad-slot=\"4008251320\"><\/ins>\r\n<script>\r\n     (adsbygoogle = window.adsbygoogle || []).push({});\r\n<\/script><\/div>\n    Az UNU-EHS igazgat\u00f3ja, Dirk Messner szerint sok kis szigetorsz\u00e1g az \u00f3ce\u00e1n v\u00edzszintj\u00e9nek emelked\u00e9se miatt el is t\u0171nhet. Ez \u00faj jelens\u00e9g a vil\u00e1g t\u00f6rt\u00e9net\u00e9ben &#8211; \u00edt\u00e9lte meg Messner &#8211; hozz\u00e1f\u0171zve: emiatt is harcolni kell a glob\u00e1lis felmeleged\u00e9s ellen.<br \/>\n    Az \u00e1ltala vezetett int\u00e9zet kutat\u00e1saira hivatkozva Messner elmondta: amennyiben a vil\u00e1g nem tesz hat\u00e9kony kl\u00edmav\u00e9delmi l\u00e9p\u00e9seket, 2050-ig a Szahar\u00e1t\u00f3l d\u00e9lre es\u0151 r\u00e9gi\u00f3, Latin-Amerika \u00e9s \u00c1zsia lakosai k\u00f6z\u00fcl 143 milli\u00f3 2050-ig k\u00e9nytelen lesz elhagyni otthon\u00e1t.<br \/>\n    A helyzet lehets\u00e9ges kezel\u00e9s\u00e9r\u0151l besz\u00e9lve, Messner megeml\u00edtette azt is, hogy az UNU-EHS javasolja a nemzetk\u00f6zi k\u00f6z\u00f6ss\u00e9gnek a speci\u00e1lis &#8222;kl\u00edma\u00fatlevelek&#8221; elismer\u00e9s\u00e9t \u00e9s bevezet\u00e9s\u00e9t. Az ilyen megold\u00e1s Messner szerint &#8222;az emberre \u00e9s m\u00e9lt\u00f3s\u00e1g\u00e1ra f\u00f3kusz\u00e1l&#8221;, igazs\u00e1gos, de egy\u00fattal biztons\u00e1gos is, mert megel\u0151zheti a szervezetlen migr\u00e1ci\u00f3t.<br \/>\n    A kl\u00edma\u00fatlev\u00e9l \u00f6tletad\u00f3i szerint az \u00e9ghajlati okokb\u00f3l \u00fatra kel\u0151k a legnagyobb sz\u00e9n-dioxid-kibocs\u00e1t\u00e1st jegyz\u0151 orsz\u00e1gokban telepedhetn\u00e9nek le, t\u00f6bbek k\u00f6z\u00f6tt K\u00edn\u00e1ban \u00e9s az Egyes\u00fclt \u00c1llamokban, de Eur\u00f3p\u00e1ban is.<br \/>\n    Az UNU-EHS felid\u00e9zte, hogy hasonl\u00f3 megold\u00e1st a vil\u00e1g 42 \u00e1llama az els\u0151 vil\u00e1gh\u00e1bor\u00fa ut\u00e1n fogadott el, amikor a Nemzetek Sz\u00f6vets\u00e9ge menek\u00fclt\u00fcgyi biztosa kezdem\u00e9nyez\u00e9s\u00e9re bevezettek a hontalanok sz\u00e1m\u00e1ra sz\u00e1nt, t\u00f6bb ezer embernek adom\u00e1nyozott \u00fatlevelet.<br \/>\n    Az ENSZ \u00c9ghajlat-v\u00e1ltoz\u00e1si Keretegyezm\u00e9nye 24-ik \u00e9ves tan\u00e1cskoz\u00e1s\u00e1ra Katowic\u00e9be a vil\u00e1g csaknem 200 orsz\u00e1g\u00e1b\u00f3l mintegy 30 ezer k\u00fcld\u00f6tt \u00e9rkezett, k\u00f6zt\u00fck korm\u00e1nyf\u0151k, k\u00f6rnyezetv\u00e9delem\u00e9rt \u00e9s \u00e9ghajlat\u00e9rt felel\u0151s miniszterek. A cs\u00facstal\u00e1lkoz\u00f3 f\u0151 c\u00e9lja a 2015-\u00f6s p\u00e1rizsi kl\u00edmakonferenci\u00e1n elfogadott hat\u00e1rozatok szab\u00e1lyrendszer\u00e9nek kidolgoz\u00e1sa.<br \/>\n    A toki\u00f3i sz\u00e9khely\u0171 ENSZ Egyetem (United Nations University) a vil\u00e1gszervezet kutat\u00e1ssal \u00e9s posztgradu\u00e1lis k\u00e9pz\u00e9ssel foglalkoz\u00f3 glob\u00e1lis szervezete. Az egyetem 1975 \u00f3ta m\u0171k\u00f6dik, m\u00e1s int\u00e9zm\u00e9nyekkel egy\u00fcttm\u0171k\u00f6dve az emberi t\u00fal\u00e9l\u00e9st, fejl\u0151d\u00e9st \u00e9s j\u00f3l\u00e9tet \u00e9rint\u0151 probl\u00e9m\u00e1kkal foglalkozik.(MTI)<\/p>\n","protected":false},"excerpt":{"rendered":"<p>Az \u00e9ghajlatv\u00e1ltoz\u00e1s miatt lakhely\u00fcket elhagy\u00f3 emberek sz\u00e1m\u00e1ra &#8222;kl\u00edma\u00fatlev\u00e9l&#8221; bevezet\u00e9s\u00e9t szorgalmazt\u00e1k szerd\u00e1n a katowicei COP24 kl\u00edmacs\u00facson az ENSZ szak\u00e9rt\u0151i, akik szerint 2050-ig term\u00e9szeti katasztr\u00f3f\u00e1k miatt mintegy 143 milli\u00f3 ember k\u00e9nyszer\u00fclhet otthona elhagy\u00e1s\u00e1ra.<\/p>\n","protected":false},"author":1,"featured_media":0,"comment_status":"closed","ping_status":"open","sticky":false,"template":"","format":"standard","meta":[],"categories":[12,246],"tags":[],"_links":{"self":[{"href":"https:\/\/gazdasagportal.hu\/index.php\/wp-json\/wp\/v2\/posts\/111747"}],"collection":[{"href":"https:\/\/gazdasagportal.hu\/index.php\/wp-json\/wp\/v2\/posts"}],"about":[{"href":"https:\/\/gazdasagportal.hu\/index.php\/wp-json\/wp\/v2\/types\/post"}],"author":[{"embeddable":true,"href":"https:\/\/gazdasagportal.hu\/index.php\/wp-json\/wp\/v2\/users\/1"}],"replies":[{"embeddable":true,"href":"https:\/\/gazdasagportal.hu\/index.php\/wp-json\/wp\/v2\/comments?post=111747"}],"version-history":[{"count":1,"href":"https:\/\/gazdasagportal.hu\/index.php\/wp-json\/wp\/v2\/posts\/111747\/revisions"}],"predecessor-version":[{"id":111748,"href":"https:\/\/gazdasagportal.hu\/index.php\/wp-json\/wp\/v2\/posts\/111747\/revisions\/111748"}],"wp:attachment":[{"href":"https:\/\/gazdasagportal.hu\/index.php\/wp-json\/wp\/v2\/media?parent=111747"}],"wp:term":[{"taxonomy":"category","embeddable":true,"href":"https:\/\/gazdasagportal.hu\/index.php\/wp-json\/wp\/v2\/categories?post=111747"},{"taxonomy":"post_tag","embeddable":true,"href":"https:\/\/gazdasagportal.hu\/index.php\/wp-json\/wp\/v2\/tags?post=111747"}],"curies":[{"name":"wp","href":"https:\/\/api.w.org\/{rel}","templated":true}]}}