{"id":111739,"date":"2018-12-12T14:02:12","date_gmt":"2018-12-12T13:02:12","guid":{"rendered":"http:\/\/gazdasagportal.hu\/?p=111739"},"modified":"2018-12-12T14:02:12","modified_gmt":"2018-12-12T13:02:12","slug":"brexit-szakerto-theresa-may-megbuktatasa-nem-segit","status":"publish","type":"post","link":"https:\/\/gazdasagportal.hu\/index.php\/brexit-szakerto-theresa-may-megbuktatasa-nem-segit\/","title":{"rendered":"Brexit &#8211; Szak\u00e9rt\u0151: Theresa May megbuktat\u00e1sa nem seg\u00edt"},"content":{"rendered":"<p><strong>Nem seg\u00edt a Brexit folyamaton, ha Theresa May brit minisztereln\u00f6k elbukik a bizalmatlans\u00e1gi szavaz\u00e1son, hiszen ut\u00f3dj\u00e1nak is hasonl\u00f3 felt\u00e9telek mellett kellene t\u00e1rgyalnia &#8211; mondta G\u00e1lik Zolt\u00e1n, a Budapesti Corvinus Egyetem docense az M1 aktu\u00e1lis csatorn\u00e1n szerd\u00e1n.<\/strong><!--more--><\/p>\n<div class=\"ads-in-post1\"><div id=\"gazdasagportal.hu_fullbanner_wideboard\"><\/div>\r\n<\/div>\n<p>    Hozz\u00e1tette: 2019. m\u00e1rcius 30-\u00e1n az Egyes\u00fclt Kir\u00e1lys\u00e1g elhagyja az Eur\u00f3pai Uni\u00f3t, a sz\u0171k id\u0151keret miatt kev\u00e9s lehet\u0151s\u00e9g maradt a felt\u00e9telek megv\u00e1ltoztat\u00e1s\u00e1ra.<br \/>\n    Elmondta: Theresa May minisztereln\u00f6k ellen a korm\u00e1nyz\u00f3 brit Konzervat\u00edv P\u00e1rt als\u00f3h\u00e1zi frakci\u00f3ja kezdem\u00e9nyezett bizalmatlans\u00e1gi szavaz\u00e1st, mert el\u00e9gedetlenek voltak a Brexit felt\u00e9telrendszer\u00e9t tartalmaz\u00f3 meg\u00e1llapod\u00e1ssal.<br \/>\n<div class=\"ads-in-post2\"><script async src=\"https:\/\/pagead2.googlesyndication.com\/pagead\/js\/adsbygoogle.js\"><\/script>\r\n<ins class=\"adsbygoogle\"\r\n     style=\"display:block\"\r\n     data-ad-format=\"fluid\"\r\n     data-ad-layout-key=\"-6t+ed+2i-1n-4w\"\r\n     data-ad-client=\"ca-pub-1959107119989764\"\r\n     data-ad-slot=\"4008251320\"><\/ins>\r\n<script>\r\n     (adsbygoogle = window.adsbygoogle || []).push({});\r\n<\/script><\/div>\n    Kiemelte: a brit minisztereln\u00f6k jelenleg azt szeretn\u00e9 el\u00e9rni, hogy a meg\u00e1llapod\u00e1shoz csatoljanak egy jegyz\u0151k\u00f6nyvet, amelyben \u00e9rz\u00e9keltetn\u00e9k, hogy a v\u00e9d\u0151h\u00e1l\u00f3t, amely \u00c9szak-\u00cdrorsz\u00e1got k\u00f6tn\u00e9 az eur\u00f3pai integr\u00e1ci\u00f3hoz, \u00e9vente fel\u00fclvizsg\u00e1ln\u00e1 az Eur\u00f3pai Parlament \u00e9s a brit parlament.<br \/>\n    A bizalmatlans\u00e1gi ind\u00edtv\u00e1nyt a 315 f\u0151s frakci\u00f3 egyszer\u0171 t\u00f6bbs\u00e9g\u00e9nek, vagyis legal\u00e1bb 158 tory k\u00e9pvisel\u0151nek t\u00e1mogatnia kellene ahhoz, hogy Theresa May t\u00e1vozzon a p\u00e1rt \u00e9l\u00e9r\u0151l \u00e9s \u00edgy a korm\u00e1nyf\u0151i tiszts\u00e9gb\u0151l is. Ebben az esetben May az ut\u00f3dv\u00e1laszt\u00e1si versenyben nem indulhatna, b\u00e1r az ut\u00f3d megv\u00e1laszt\u00e1s\u00e1ig \u00fcgyvezet\u0151 min\u0151s\u00e9gben a korm\u00e1nyf\u0151i tiszts\u00e9gben maradhat.(MTI)<\/p>\n","protected":false},"excerpt":{"rendered":"<p>Nem seg\u00edt a Brexit folyamaton, ha Theresa May brit minisztereln\u00f6k elbukik a bizalmatlans\u00e1gi szavaz\u00e1son, hiszen ut\u00f3dj\u00e1nak is hasonl\u00f3 felt\u00e9telek mellett kellene t\u00e1rgyalnia &#8211; mondta G\u00e1lik Zolt\u00e1n, a Budapesti Corvinus Egyetem docense az M1 aktu\u00e1lis csatorn\u00e1n szerd\u00e1n.<\/p>\n","protected":false},"author":1,"featured_media":0,"comment_status":"closed","ping_status":"open","sticky":false,"template":"","format":"standard","meta":[],"categories":[12,246],"tags":[],"_links":{"self":[{"href":"https:\/\/gazdasagportal.hu\/index.php\/wp-json\/wp\/v2\/posts\/111739"}],"collection":[{"href":"https:\/\/gazdasagportal.hu\/index.php\/wp-json\/wp\/v2\/posts"}],"about":[{"href":"https:\/\/gazdasagportal.hu\/index.php\/wp-json\/wp\/v2\/types\/post"}],"author":[{"embeddable":true,"href":"https:\/\/gazdasagportal.hu\/index.php\/wp-json\/wp\/v2\/users\/1"}],"replies":[{"embeddable":true,"href":"https:\/\/gazdasagportal.hu\/index.php\/wp-json\/wp\/v2\/comments?post=111739"}],"version-history":[{"count":1,"href":"https:\/\/gazdasagportal.hu\/index.php\/wp-json\/wp\/v2\/posts\/111739\/revisions"}],"predecessor-version":[{"id":111740,"href":"https:\/\/gazdasagportal.hu\/index.php\/wp-json\/wp\/v2\/posts\/111739\/revisions\/111740"}],"wp:attachment":[{"href":"https:\/\/gazdasagportal.hu\/index.php\/wp-json\/wp\/v2\/media?parent=111739"}],"wp:term":[{"taxonomy":"category","embeddable":true,"href":"https:\/\/gazdasagportal.hu\/index.php\/wp-json\/wp\/v2\/categories?post=111739"},{"taxonomy":"post_tag","embeddable":true,"href":"https:\/\/gazdasagportal.hu\/index.php\/wp-json\/wp\/v2\/tags?post=111739"}],"curies":[{"name":"wp","href":"https:\/\/api.w.org\/{rel}","templated":true}]}}