{"id":111731,"date":"2018-12-12T11:17:07","date_gmt":"2018-12-12T10:17:07","guid":{"rendered":"http:\/\/gazdasagportal.hu\/?p=111731"},"modified":"2018-12-12T11:17:07","modified_gmt":"2018-12-12T10:17:07","slug":"mnb-az-uzemanyagarak-csokkenese-mersekelte-az-inflaciot-novemberben","status":"publish","type":"post","link":"https:\/\/gazdasagportal.hu\/index.php\/mnb-az-uzemanyagarak-csokkenese-mersekelte-az-inflaciot-novemberben\/","title":{"rendered":"MNB: az \u00fczemanyag\u00e1rak cs\u00f6kken\u00e9se m\u00e9rs\u00e9kelte az infl\u00e1ci\u00f3t novemberben"},"content":{"rendered":"<p><strong>Az \u00fczemanyag\u00e1rak cs\u00f6kken\u00e9se m\u00e9rs\u00e9kelte az \u00e1tlagos fogyaszt\u00f3i \u00e1rakat novemberben &#8211; mondta V\u00e1rhegyi Judit, a Magyar Nemzeti Bank (MNB) f\u0151oszt\u00e1lyvezet\u0151je az M1 aktu\u00e1lis csatorn\u00e1n szerd\u00e1n.<\/strong><!--more--><\/p>\n<div class=\"ads-in-post1\"><div id=\"gazdasagportal.hu_fullbanner_wideboard\"><\/div>\r\n<\/div>\n<p>    A K\u00f6zponti Statisztikai Hivatal (KSH) jelent\u00e9se szerint novemberben a fogyaszt\u00f3i \u00e1rak \u00e1tlagosan 0,3 sz\u00e1zal\u00e9kkal cs\u00f6kkentek okt\u00f3berhez k\u00e9pest, \u00e9s 3,1 sz\u00e1zal\u00e9kkal magasabbak voltak az egy \u00e9vvel kor\u00e1bbin\u00e1l. Okt\u00f3berben 3,8 sz\u00e1zal\u00e9kos volt az infl\u00e1ci\u00f3. Az \u00fczemanyagok\u00e9rt 4,7 sz\u00e1zal\u00e9kkal kevesebbet kellett fizetni novemberben, mint az el\u0151z\u0151 h\u00f3napban. Az \u00e9lelmiszerek \u00e1ra egy h\u00f3nap alatt 0,3 sz\u00e1zal\u00e9kkal, tavaly novemberhez viszony\u00edtva \u00e1tlagosan 4,5 sz\u00e1zal\u00e9kkal emelkedett. A szeszes italok 2,9, a doh\u00e1ny\u00e1ruk \u00e1ra \u00e1tlagosan 6,2 sz\u00e1zal\u00e9kkal n\u0151tt.<br \/>\n<div class=\"ads-in-post2\"><script async src=\"https:\/\/pagead2.googlesyndication.com\/pagead\/js\/adsbygoogle.js\"><\/script>\r\n<ins class=\"adsbygoogle\"\r\n     style=\"display:block\"\r\n     data-ad-format=\"fluid\"\r\n     data-ad-layout-key=\"-6t+ed+2i-1n-4w\"\r\n     data-ad-client=\"ca-pub-1959107119989764\"\r\n     data-ad-slot=\"4008251320\"><\/ins>\r\n<script>\r\n     (adsbygoogle = window.adsbygoogle || []).push({});\r\n<\/script><\/div>\n    A f\u0151oszt\u00e1lyvezet\u0151 elmondta: a havi infl\u00e1ci\u00f3 cs\u00f6kken\u00e9s\u00e9t az okozta, hogy az \u00fczemanyagok\u00e9rt t\u00f6bb mint 30 sz\u00e1zal\u00e9kkal kevesebbet kellett fizetni novemberben, mint az el\u0151z\u0151 h\u00f3napban.<br \/>\n    Az \u00fczemanyag\u00e1rak mellett, a cukor \u00e9s a tej \u00e1ra is m\u00e9rs\u00e9kl\u0151d\u00f6tt novemberben, ezzel szemben a doh\u00e1nyterm\u00e9kek \u00e1ra tov\u00e1bb n\u0151t okt\u00f3berhez k\u00e9pest &#8211; mutatott r\u00e1 V\u00e1rhegyi Judit.(MTI)<\/p>\n","protected":false},"excerpt":{"rendered":"<p>Az \u00fczemanyag\u00e1rak cs\u00f6kken\u00e9se m\u00e9rs\u00e9kelte az \u00e1tlagos fogyaszt\u00f3i \u00e1rakat novemberben &#8211; mondta V\u00e1rhegyi Judit, a Magyar Nemzeti Bank (MNB) f\u0151oszt\u00e1lyvezet\u0151je az M1 aktu\u00e1lis csatorn\u00e1n szerd\u00e1n.<\/p>\n","protected":false},"author":1,"featured_media":0,"comment_status":"closed","ping_status":"open","sticky":false,"template":"","format":"standard","meta":[],"categories":[19],"tags":[],"_links":{"self":[{"href":"https:\/\/gazdasagportal.hu\/index.php\/wp-json\/wp\/v2\/posts\/111731"}],"collection":[{"href":"https:\/\/gazdasagportal.hu\/index.php\/wp-json\/wp\/v2\/posts"}],"about":[{"href":"https:\/\/gazdasagportal.hu\/index.php\/wp-json\/wp\/v2\/types\/post"}],"author":[{"embeddable":true,"href":"https:\/\/gazdasagportal.hu\/index.php\/wp-json\/wp\/v2\/users\/1"}],"replies":[{"embeddable":true,"href":"https:\/\/gazdasagportal.hu\/index.php\/wp-json\/wp\/v2\/comments?post=111731"}],"version-history":[{"count":1,"href":"https:\/\/gazdasagportal.hu\/index.php\/wp-json\/wp\/v2\/posts\/111731\/revisions"}],"predecessor-version":[{"id":111732,"href":"https:\/\/gazdasagportal.hu\/index.php\/wp-json\/wp\/v2\/posts\/111731\/revisions\/111732"}],"wp:attachment":[{"href":"https:\/\/gazdasagportal.hu\/index.php\/wp-json\/wp\/v2\/media?parent=111731"}],"wp:term":[{"taxonomy":"category","embeddable":true,"href":"https:\/\/gazdasagportal.hu\/index.php\/wp-json\/wp\/v2\/categories?post=111731"},{"taxonomy":"post_tag","embeddable":true,"href":"https:\/\/gazdasagportal.hu\/index.php\/wp-json\/wp\/v2\/tags?post=111731"}],"curies":[{"name":"wp","href":"https:\/\/api.w.org\/{rel}","templated":true}]}}