{"id":111697,"date":"2018-12-11T15:12:34","date_gmt":"2018-12-11T14:12:34","guid":{"rendered":"http:\/\/gazdasagportal.hu\/?p=111697"},"modified":"2018-12-11T15:12:34","modified_gmt":"2018-12-11T14:12:34","slug":"illegalis-bevandorlas-az-ep-megszavazta-a-humanitarius-vizum-bevezeteset-kezdemenyezo-jelentest","status":"publish","type":"post","link":"https:\/\/gazdasagportal.hu\/index.php\/illegalis-bevandorlas-az-ep-megszavazta-a-humanitarius-vizum-bevezeteset-kezdemenyezo-jelentest\/","title":{"rendered":"Illeg\u00e1lis bev\u00e1ndorl\u00e1s &#8211; Az EP megszavazta a humanit\u00e1rius v\u00edzum bevezet\u00e9s\u00e9t kezdem\u00e9nyez\u0151 jelent\u00e9st"},"content":{"rendered":"<p><strong>Az Eur\u00f3pai Parlament (EP) kedden, strasbourgi plen\u00e1ris \u00fcl\u00e9s\u00e9n megszavazta a migr\u00e1nsok leg\u00e1lis uni\u00f3s beutaz\u00e1si kereteit r\u00f6gz\u00edt\u0151, humanit\u00e1rius v\u00edzum bevezet\u00e9s\u00e9t kezdem\u00e9nyez\u0151 jelent\u00e9st.<\/strong><!--more--><\/p>\n<div class=\"ads-in-post1\"><div id=\"gazdasagportal.hu_fullbanner_wideboard\"><\/div>\r\n<\/div>\n<p>    A hat\u00e1rozatr\u00f3l november k\u00f6zep\u00e9n m\u00e1r szavaztak az EP plen\u00e1ris \u00fcl\u00e9s\u00e9n, akkor nem kapott abszol\u00fat t\u00f6bbs\u00e9get a javaslat. A jelent\u00e9stev\u0151 azonban technikai hib\u00e1kra hivatkozva \u00faj voksol\u00e1st k\u00e9rt. A parlament h\u00e1zbizotts\u00e1gak\u00e9nt m\u0171k\u00f6d\u0151 Eln\u00f6k\u00f6k \u00c9rtekezlete m\u00e1snap \u00fagy d\u00f6nt\u00f6tt, hogy visszak\u00fcldi a t\u00e9m\u00e1t az illet\u00e9kes bizotts\u00e1gnak, amely ism\u00e9t szavaz\u00e1sra bocs\u00e1totta az elk\u00e9pzel\u00e9st. Fideszes n\u00e9pp\u00e1rti EP-k\u00e9pvisel\u0151k szerint ez az elj\u00e1r\u00e1s jogellenes.<br \/>\n    A keddi szavaz\u00e1son 429 t\u00e1mogat\u00f3, 194 elutas\u00edt\u00f3 \u00e9s 41 tart\u00f3zkod\u00e1s mellett elfogadott hat\u00e1rozatban az EP-k\u00e9pvisel\u0151k felsz\u00f3l\u00edtj\u00e1k az Eur\u00f3pai Bizotts\u00e1got, hogy \u00e1prilisig tegyen javaslatot a v\u00e9delmet k\u00e9r\u0151k leg\u00e1lis beutaz\u00e1si lehet\u0151s\u00e9geit megteremt\u0151 k\u00f6z\u00f6ss\u00e9gi jogi keret kialak\u00edt\u00e1s\u00e1ra. Olyan humanit\u00e1rius c\u00e9l\u00fa v\u00edzumot hozna l\u00e9tre, amely lehet\u0151v\u00e9 tenn\u00e9 a mened\u00e9kk\u00e9relem beny\u00fajt\u00e1s\u00e1t az EU-tag\u00e1llamok uni\u00f3n k\u00edv\u00fcli k\u00fclk\u00e9pviseletein, ha bel\u00e9p\u00e9s\u00fck egyed\u00fcli c\u00e9lja a menek\u00fcltst\u00e1tusz k\u00e9r\u00e9se. A v\u00edzummal az \u00fati dokumentumot ki\u00e1ll\u00edt\u00f3 tag\u00e1llam ter\u00fclet\u00e9re lehetne bel\u00e9pni, kiz\u00e1r\u00f3lag a mened\u00e9kk\u00e9relm\u00fck beny\u00fajt\u00e1sa c\u00e9lj\u00e1b\u00f3l.<br \/>\n<div class=\"ads-in-post2\"><script async src=\"https:\/\/pagead2.googlesyndication.com\/pagead\/js\/adsbygoogle.js\"><\/script>\r\n<ins class=\"adsbygoogle\"\r\n     style=\"display:block\"\r\n     data-ad-format=\"fluid\"\r\n     data-ad-layout-key=\"-6t+ed+2i-1n-4w\"\r\n     data-ad-client=\"ca-pub-1959107119989764\"\r\n     data-ad-slot=\"4008251320\"><\/ins>\r\n<script>\r\n     (adsbygoogle = window.adsbygoogle || []).push({});\r\n<\/script><\/div>\n    Fernando L\u00f3pez Aguilar spanyol szoci\u00e1ldemokrata EP-k\u00e9pvisel\u0151, a tervezet jelent\u00e9stev\u0151je a szavaz\u00e1st megel\u0151z\u0151en kiemelte, hogy az EP emberibb v\u00e1laszt k\u00edv\u00e1n adni a migr\u00e1ci\u00f3 probl\u00e9m\u00e1j\u00e1ra. A jelent\u00e9s megszavaz\u00e1sa \u00e1ltal leg\u00e1lis \u00fat ny\u00edlhat Eur\u00f3pa ir\u00e1ny\u00e1ba azok sz\u00e1m\u00e1ra, akik a borzalmak \u00e9s az \u00fcld\u00f6ztet\u00e9sek el\u0151l menek\u00fclnek, akik ez\u00e9rt gyakran \u00e9let\u00fckkel fizetnek, valamint embercsemp\u00e9szek &#8222;k\u00edm\u00e9letlen karjai&#8221; k\u00f6z\u00e9 ker\u00fclnek &#8211; \u00e9rvelt.<br \/>\n    A hat\u00e1rozat hangs\u00falyozza, hogy s\u00fcrg\u0151sen sz\u00fcks\u00e9g van biztons\u00e1gos \u00e9s leg\u00e1lis beutaz\u00e1si lehet\u0151s\u00e9gekre az uni\u00f3ba, amelyek egyik\u00e9nek a humanit\u00e1rius v\u00edzumnak kell lennie. Felh\u00edvja a figyelmet arra, hogy a humanit\u00e1rius v\u00edzum \u00faj eszk\u00f6ze annak biztos\u00edt\u00e1s\u00e1t kell c\u00e9loznia, hogy a mened\u00e9kk\u00e9r\u0151k \u00e9s a humanit\u00e1rius v\u00e9delemre szorul\u00f3 szem\u00e9lyek sz\u00e1m\u00e1ra biztons\u00e1gos utaz\u00e1st tegyenek lehet\u0151v\u00e9 Eur\u00f3p\u00e1ba, ahol k\u00e9relmeiket feldolgozz\u00e1k.<br \/>\n    Az \u00faj eur\u00f3pai rendszernek k\u00f6sz\u00f6nhet\u0151en a menek\u00fcltst\u00e1tusz\u00e9rt folyamod\u00f3k t\u00f6rv\u00e9nyes \u00faton, embercsemp\u00e9szek n\u00e9lk\u00fcl is el\u00e9rhetn\u00e9k Eur\u00f3p\u00e1t. A javaslat szerint a jogszab\u00e1ly a tag\u00e1llami \u00e9s uni\u00f3s menek\u00fclt\u00fcgyi, b\u0171n\u00fcld\u00f6z\u00e9si, hat\u00e1r\u0151rizeti, megfigyel\u00e9si \u00e9s ment\u00e9si b\u00fcdzs\u00e9k optim\u00e1lisabb kihaszn\u00e1l\u00e1s\u00e1t is lehet\u0151v\u00e9 tenn\u00e9.<br \/>\n    A v\u00edzumjavaslat c\u00e9ljai k\u00f6z\u00f6tt szerepel a tag\u00e1llamok sz\u00e1m\u00e1ra negat\u00edv k\u00f6vetkezm\u00e9ny elh\u00e1r\u00edt\u00e1sa, amelyet az ellen\u0151rizetlen \u00e9rkez\u00e9sek okoznak. Valamint enyh\u00edteni k\u00edv\u00e1n az ilyen \u00e9rkez\u00e9sek kezel\u00e9s\u00e9hez sz\u00fcks\u00e9ges er\u0151fesz\u00edt\u00e9seken, amelyek a meger\u0151s\u00edtett hat\u00e1rellen\u0151rz\u00e9sre, a kutat\u00e1si \u00e9s ment\u00e9si tev\u00e9kenys\u00e9gekre, a harmadik orsz\u00e1gokkal folytatott egy\u00fcttm\u0171k\u00f6d\u00e9sre f\u00f3kusz\u00e1lnak. Tov\u00e1bb\u00e1 v\u00e9get akar vetni az egyre er\u0151sebb szervezett b\u0171n\u00f6z\u00e9snek, amely az embercsemp\u00e9szetb\u0151l p\u00e9nz\u00fcgyi hasznot h\u00faz.<br \/>\n    A sz\u00f6veg szerint a v\u00edzumnak korl\u00e1tozott ter\u00fcleti \u00e9rv\u00e9nyess\u00e9g\u0171nek kell lennie annak \u00e9rdek\u00e9ben, hogy birtokosa el\u00e9rje azt a ter\u00fcletet, ahol nemzetk\u00f6zi v\u00e9delem ir\u00e1nti k\u00e9relmet ny\u00fajthat be. Ez\u00e9rt a v\u00edzumot kiad\u00f3 tag\u00e1llam v\u00e1lik felel\u0151ss\u00e9 a menek\u00fclt\u00fcgyi elj\u00e1r\u00e1sok\u00e9rt.<br \/>\n    Az EP plen\u00e1risa kedden megszavazta a k\u00f6z\u00f6ss\u00e9gi v\u00edzumk\u00f3dex l\u00e9trehoz\u00e1s\u00e1r\u00f3l sz\u00f3l\u00f3 jelent\u00e9st is, amely a rep\u00fcl\u0151t\u00e9ri tranzitv\u00edzumra vonatkoz\u00f3 rendelkez\u00e9sek technikai kiigaz\u00edt\u00e1s\u00e1r\u00f3l sz\u00f3l. A rendelet m\u00f3dos\u00edt\u00e1sa \u00e9rtelm\u00e9ben a schengeni rendelkez\u00e9seket nem, vagy m\u00e9g nem alkalmaz\u00f3 tag\u00e1llam &#8211; az Egyes\u00fclt Kir\u00e1lys\u00e1g, \u00cdrorsz\u00e1g, Ciprus, Bulg\u00e1ria \u00e9s Rom\u00e1nia &#8211; \u00e1ltal kibocs\u00e1tott, \u00e9rv\u00e9nyes v\u00edzummal vagy tart\u00f3zkod\u00e1si enged\u00e9llyel rendelkez\u0151 uni\u00f3n k\u00edv\u00fcli orsz\u00e1g \u00e1llampolg\u00e1ra mentes\u00fcl a rep\u00fcl\u0151t\u00e9ri tranzitv\u00edzum-k\u00f6telezetts\u00e9g al\u00f3l.<br \/>\n    A Fidesz-KDNP eur\u00f3pai k\u00e9pvisel\u0151csoportja az MTI-hez eljuttatott k\u00f6zlem\u00e9ny\u00e9ben kijelentette, &#8222;az EP bev\u00e1ndorl\u00e1sp\u00e1rti t\u00f6bbs\u00e9ge folytatta \u00e1mokfut\u00e1s\u00e1t&#8221; azzal, hogy elfogadta a humanit\u00e1rius v\u00edzumokr\u00f3l sz\u00f3l\u00f3 jelent\u00e9st.<br \/>\n    &#8222;A mai d\u00f6nt\u00e9s az\u00e9rt vesz\u00e9lyes, mert kiveszi a tag\u00e1llamok kez\u00e9b\u0151l a d\u00f6nt\u00e9s jog\u00e1t, \u00e9s k\u00f6zvetlen\u00fcl, gyors\u00edtottan sz\u00e1ll\u00edtan\u00e1 a bev\u00e1ndorl\u00f3kat az uni\u00f3 ter\u00fclet\u00e9re&#8221; &#8211; fogalmaztak.<br \/>\n    A j\u00f6v\u0151 \u00e9vi eur\u00f3pai parlamenti v\u00e1laszt\u00e1s t\u00e9tje az, hogy lesz-e a mostani bev\u00e1ndorl\u00e1sp\u00e1rti test\u00fclet helyett olyan bev\u00e1ndorl\u00e1st ellenz\u0151 t\u00f6bbs\u00e9g, amely megakad\u00e1lyozza a javaslat megval\u00f3sul\u00e1s\u00e1t &#8211; tett\u00e9k hozz\u00e1 az EP-k\u00e9pvisel\u0151k.<br \/>\n    Ujhelyi Istv\u00e1n szocialista EP-k\u00e9pvisel\u0151 nyilatkozat\u00e1ban kijelentette, sem a parlamenti elj\u00e1r\u00e1ssal, sem pedig a vonatkoz\u00f3 jelent\u00e9s bizonyos r\u00e9szeivel nem \u00e9rtett egyet, ez\u00e9rt ebben a form\u00e1j\u00e1ban tart\u00f3zkod\u00e1s mellett nem t\u00e1mogatta a dokumentumot. Indokl\u00e1sa szerint a hat\u00e1rozat t\u00f6bbek k\u00f6z\u00f6tt ar\u00e1nytalan terheket r\u00f3na a diplom\u00e1ciai k\u00e9pviseletekre.<br \/>\n    Mint elmondta, a szint\u00e9n megszavazott v\u00edzumk\u00f3dex azoknak ny\u00fajt k\u00f6nny\u00edtett felt\u00e9teleket a schengeni beutaz\u00e1shoz, akik leg\u00e1lisan szeretn\u00e9nek Eur\u00f3p\u00e1ba j\u00f6nni turisztikai, tanulm\u00e1nyi, munkav\u00e1llal\u00e1si vagy \u00e9pp v\u00e1llalkoz\u00e1si c\u00e9lb\u00f3l. T\u00e1j\u00e9koztat\u00e1sa szerint a v\u00edzumk\u00f3dex k\u00e9rd\u00e9s\u00e9t az EP k\u00fcl\u00f6nv\u00e1lasztotta a humanit\u00e1rius v\u00edzumt\u00f3l.<br \/>\n    Niederm\u00fcller P\u00e9ter, a Demokratikus Koal\u00edci\u00f3 (DK) EP-k\u00e9pvisel\u0151je nyilatkozata szerint a dokumentum az illeg\u00e1lis bev\u00e1ndorl\u00e1s megf\u00e9kez\u00e9s\u00e9re sz\u00fcletett, &#8222;pontosan egybeesik a magyar korm\u00e1ny c\u00e9lkit\u0171z\u00e9seivel&#8221;, ez\u00e9rt felfoghatatlannak nevezte, hogy &#8222;a magyar korm\u00e1nynak mi a probl\u00e9m\u00e1ja&#8221; a sz\u00f6veggel.(MTI)<\/p>\n","protected":false},"excerpt":{"rendered":"<p>Az Eur\u00f3pai Parlament (EP) kedden, strasbourgi plen\u00e1ris \u00fcl\u00e9s\u00e9n megszavazta a migr\u00e1nsok leg\u00e1lis uni\u00f3s beutaz\u00e1si kereteit r\u00f6gz\u00edt\u0151, humanit\u00e1rius v\u00edzum bevezet\u00e9s\u00e9t kezdem\u00e9nyez\u0151 jelent\u00e9st.<\/p>\n","protected":false},"author":1,"featured_media":0,"comment_status":"closed","ping_status":"open","sticky":false,"template":"","format":"standard","meta":[],"categories":[12,5],"tags":[],"_links":{"self":[{"href":"https:\/\/gazdasagportal.hu\/index.php\/wp-json\/wp\/v2\/posts\/111697"}],"collection":[{"href":"https:\/\/gazdasagportal.hu\/index.php\/wp-json\/wp\/v2\/posts"}],"about":[{"href":"https:\/\/gazdasagportal.hu\/index.php\/wp-json\/wp\/v2\/types\/post"}],"author":[{"embeddable":true,"href":"https:\/\/gazdasagportal.hu\/index.php\/wp-json\/wp\/v2\/users\/1"}],"replies":[{"embeddable":true,"href":"https:\/\/gazdasagportal.hu\/index.php\/wp-json\/wp\/v2\/comments?post=111697"}],"version-history":[{"count":1,"href":"https:\/\/gazdasagportal.hu\/index.php\/wp-json\/wp\/v2\/posts\/111697\/revisions"}],"predecessor-version":[{"id":111698,"href":"https:\/\/gazdasagportal.hu\/index.php\/wp-json\/wp\/v2\/posts\/111697\/revisions\/111698"}],"wp:attachment":[{"href":"https:\/\/gazdasagportal.hu\/index.php\/wp-json\/wp\/v2\/media?parent=111697"}],"wp:term":[{"taxonomy":"category","embeddable":true,"href":"https:\/\/gazdasagportal.hu\/index.php\/wp-json\/wp\/v2\/categories?post=111697"},{"taxonomy":"post_tag","embeddable":true,"href":"https:\/\/gazdasagportal.hu\/index.php\/wp-json\/wp\/v2\/tags?post=111697"}],"curies":[{"name":"wp","href":"https:\/\/api.w.org\/{rel}","templated":true}]}}