{"id":111686,"date":"2018-12-11T12:09:51","date_gmt":"2018-12-11T11:09:51","guid":{"rendered":"http:\/\/gazdasagportal.hu\/?p=111686"},"modified":"2018-12-11T12:09:51","modified_gmt":"2018-12-11T11:09:51","slug":"eros-karacsonyi-forgalomra-szamitanak-az-aruhazlancok","status":"publish","type":"post","link":"https:\/\/gazdasagportal.hu\/index.php\/eros-karacsonyi-forgalomra-szamitanak-az-aruhazlancok\/","title":{"rendered":"Er\u0151s kar\u00e1csonyi forgalomra sz\u00e1m\u00edtanak az \u00e1ruh\u00e1zl\u00e1ncok"},"content":{"rendered":"<p><strong>Er\u0151s kar\u00e1csonyi forgalomra sz\u00e1m\u00edtanak az \u00e1ruh\u00e1zl\u00e1ncok, a legt\u00f6bb helyen a forgalom k\u00e9tsz\u00e1mjegy\u0171 n\u00f6veked\u00e9s\u00e9t v\u00e1rj\u00e1k az \u00e9v utols\u00f3 h\u00f3napj\u00e1ban a tavaly decemberihez k\u00e9pest &#8211; der\u00fcl ki az MTI \u00e1ltal k\u00e9sz\u00edtett k\u00f6rk\u00e9pb\u0151l. <\/strong><!--more--><\/p>\n<div class=\"ads-in-post1\"><div id=\"gazdasagportal.hu_fullbanner_wideboard\"><\/div>\r\n<\/div>\n<p>    A MediaMarkt a forgalom k\u00e9tsz\u00e1mjegy\u0171 n\u00f6veked\u00e9s\u00e9re sz\u00e1m\u00edt decemberben a tavalyi hasonl\u00f3 id\u0151szakhoz k\u00e9pest &#8211; k\u00f6z\u00f6lte az elektronikai cikkeket forgalmaz\u00f3 \u00e1ruh\u00e1zl\u00e1nc az MTI megkeres\u00e9s\u00e9re.<br \/>\n    A v\u00e1llalat jelezte: november k\u00f6zep\u00e9t\u0151l indul a szezon, bronz vas\u00e1rnapt\u00f3l megugrik a forgalom, majd az ez\u00fcst vas\u00e1rnapt\u00f3l kezd\u0151dik a cs\u00facs. Az utols\u00f3 h\u00e9t a leger\u0151sebb, akkor \u00e9rkeznek a legt\u00f6bben az \u00e1ruh\u00e1zakba. Mivel id\u00e9n az aranyvas\u00e1rnap k\u00f6zvetlen\u00fcl december 24-e el\u0151ttre esik, \u00edgy a bronz \u00e9s ez\u00fcst h\u00e9tv\u00e9g\u00e9ken nagyobb forgalomra sz\u00e1m\u00edtanak az el\u0151z\u0151 \u00e9vekhez k\u00e9pest. A forgalom egy \u00e1tlagos h\u00f3napinak a h\u00e1romszorosa is lehet, egy \u00e1tlagos \u00e9v k\u00f6zbeni h\u00e9tk\u00f6znapnak pedig ak\u00e1r a nyolcszoros\u00e1t is el\u00e9rheti ilyenkor.<br \/>\n<div class=\"ads-in-post2\"><script async src=\"https:\/\/pagead2.googlesyndication.com\/pagead\/js\/adsbygoogle.js\"><\/script>\r\n<ins class=\"adsbygoogle\"\r\n     style=\"display:block\"\r\n     data-ad-format=\"fluid\"\r\n     data-ad-layout-key=\"-6t+ed+2i-1n-4w\"\r\n     data-ad-client=\"ca-pub-1959107119989764\"\r\n     data-ad-slot=\"4008251320\"><\/ins>\r\n<script>\r\n     (adsbygoogle = window.adsbygoogle || []).push({});\r\n<\/script><\/div>\n    Sl\u00e1gerterm\u00e9kek id\u00e9n is a nagyk\u00e9perny\u0151s, nagyfelbont\u00e1s\u00fa telev\u00edzi\u00f3k, okost\u00e9v\u00e9k, hangprojektorok, de keresettek a mobiltelefonok, illetve a k\u00fcl\u00f6nb\u00f6z\u0151 h\u00e1ztart\u00e1si g\u00e9pek is. A forgalom n\u00f6veked\u00e9se ezekn\u00e9l a term\u00e9kekn\u00e9l is k\u00e9tsz\u00e1mjegy\u0171, ezen bel\u00fcl a telev\u00edzi\u00f3kn\u00e1l a nagy ny\u00e1ri vil\u00e1gversenyek, k\u00fcl\u00f6n\u00f6sen a futballesem\u00e9nyek alatti forgalomn\u00f6veked\u00e9st is meghalad\u00f3 az \u00e9rt\u00e9kes\u00edt\u00e9s.<br \/>\n    Az \u00fcnnepi id\u0151szakban az online v\u00e1s\u00e1rl\u00e1sok is k\u00e9tsz\u00e1mjegy\u0171 n\u00f6veked\u00e9st mutatnak \u00e9vr\u0151l \u00e9vre &#8211; k\u00f6z\u00f6lte a MediaMarkt.<br \/>\n    A Praktikern\u00e9l az \u00fcnnep el\u0151tti id\u0151szakban 10-15 sz\u00e1zal\u00e9kos forgalomn\u00f6veked\u00e9sre sz\u00e1m\u00edtanak az el\u0151z\u0151 \u00e9v azonos id\u0151szak\u00e1hoz k\u00e9pest &#8211; k\u00f6z\u00f6lte a v\u00e1llalat az MTI-vel. A bark\u00e1csl\u00e1ncn\u00e1l nem a t\u00e9li h\u00f3napok a legforgalmasabbak, ugyanakkor a tavaly kar\u00e1csonyin\u00e1l hat\u00e1rozottan nagyobb n\u00f6veked\u00e9st v\u00e1rnak az id\u00e9n, egyebek mellett az\u00e9rt, mert ebben az \u00e9vben \u00faj arculatot, b\u0151v\u00edtett v\u00e1laszt\u00e9kot, sokkal t\u00f6bb dekor\u00e1ci\u00f3s design elemet tartalmaz a k\u00edn\u00e1latuk.<br \/>\n    Decemberben a szezon\u00e1lis term\u00e9kek, a m\u0171feny\u0151k, kar\u00e1csonyfatalpak, k\u00fclt\u00e9ri \u00e9s belt\u00e9ri kar\u00e1csonyi izz\u00f3k forgalma 20 sz\u00e1zal\u00e9kkal is megn\u0151het a tavalyi azonos id\u0151szakhoz k\u00e9pest. Jelent\u0151sen n\u0151 ilyenkor a vil\u00e1g\u00edt\u00e1s, a klasszikus l\u00e1mp\u00e1k, csill\u00e1rok, falikarok, hosszabb\u00edt\u00f3 k\u00e1belek, kapcsol\u00f3k forgalma is. Sokan vesznek ilyenkor bark\u00e1csszersz\u00e1mokat, f\u00far\u00f3g\u00e9peket, praktikus h\u00e1ztart\u00e1si term\u00e9keket \u00e9s b\u00fatort, emellett a k\u00e1lyh\u00e1k, illetve a f\u00fcrd\u0151szoba felszerel\u00e9sek a legkelend\u0151bbek &#8211; k\u00f6z\u00f6lt\u00e9k.<br \/>\n    A legnagyobb v\u00e1s\u00e1rl\u00f3i rohamot az ez\u00fcst- \u00e9s aranyvas\u00e1rnapi h\u00e9tv\u00e9g\u00e9ken v\u00e1rja a Praktiker, az adventi id\u0151szak \u00e1ltal\u00e1ban 10-15 sz\u00e1zal\u00e9kkal forgalmasabb az \u00e9v t\u00f6bbi h\u00e9tv\u00e9g\u00e9j\u00e9hez k\u00e9pest.<br \/>\n    Az Ikea forgalma decemberben \u00e1ltal\u00e1ban m\u00e1sf\u00e9lszerese az \u00e9v t\u00f6bbi h\u00f3napj\u00e1ban tapasztaltnak. A v\u00e1llalat teljes \u00e9ves forgalm\u00e1nak 10,6 sz\u00e1zal\u00e9k\u00e1t bonyol\u00edtja az \u00e9v utols\u00f3 h\u00f3napj\u00e1ban. Az \u00fcnnepi id\u0151szakban az \u00e1ltal\u00e1nos, napi 8-9 ezres elad\u00e1ssz\u00e1m ak\u00e1r napi 12-14 ezerre is n\u0151het. Az adventi h\u00e9tv\u00e9g\u00e9k a legkiemeltebbek, ilyenkor nagyobb l\u00e9tsz\u00e1mmal v\u00e1rj\u00e1k a v\u00e1s\u00e1rl\u00f3kat &#8211; t\u00e1j\u00e9koztatta a lakberendez\u00e9si \u00e1ruh\u00e1zl\u00e1nc az MTI-t.<br \/>\n    A v\u00e1llalat tapasztalatai szerint minden term\u00e9kcsoport ir\u00e1nt nagyobb az \u00e9rdekl\u0151d\u00e9s az \u00fcnnepi id\u0151szakban, a legkelend\u0151bbek a konyhai \u00e9s nappali kieg\u00e9sz\u00edt\u0151k, text\u00edli\u00e1k, dekor\u00e1ci\u00f3k.<br \/>\n    K\u00f6z\u00f6lt\u00e9k: az augusztus v\u00e9g\u00e9vel z\u00e1rult 2018-as p\u00e9nz\u00fcgyi \u00e9vben is k\u00e9tsz\u00e1mjegy\u0171 \u00e9ves bev\u00e9tel n\u00f6veked\u00e9sre sz\u00e1m\u00edtanak, ami val\u00f3sz\u00edn\u0171leg meghaladja a 20 sz\u00e1zal\u00e9kot; az el\u0151z\u0151 p\u00e9nz\u00fcgyi \u00e9vet 14 sz\u00e1zal\u00e9kos n\u00f6veked\u00e9ssel z\u00e1rt\u00e1k. A 2018-as p\u00e9nz\u00fcgyi \u00e9vben 6,6 milli\u00f3 l\u00e1togat\u00f3 j\u00e1rt az Ikea hazai \u00e1ruh\u00e1zaiban, m\u00edg az el\u0151z\u0151 p\u00e9nz\u00fcgyi \u00e9vben 5,5 milli\u00f3, \u00e9s 3,7 milli\u00f3 v\u00e1s\u00e1rl\u00f3t szolg\u00e1ltak ki az el\u0151z\u0151 \u00e9vi 3,1 milli\u00f3 ut\u00e1n. A teljes elad\u00e1s 5 sz\u00e1zal\u00e9k\u00e1t online bonyol\u00edtott\u00e1k a 2018-as p\u00e9nz\u00fcgyi \u00e9vben.<br \/>\n    A dm Magyarorsz\u00e1g szint\u00e9n a forgalom k\u00e9tsz\u00e1mjegy\u0171 n\u00f6veked\u00e9s\u00e9re sz\u00e1m\u00edt decemberben az el\u0151z\u0151 \u00e9v azonos id\u0151szak\u00e1hoz k\u00e9pest.<br \/>\n    A drog\u00e9rial\u00e1nc t\u00e1j\u00e9koztat\u00e1sa szerint tavaly a novemberhez k\u00e9pest a december 33 sz\u00e1zal\u00e9kkal magasabb forgalmat hozott. A kor\u00e1bbi \u00e9vekben ez az ar\u00e1ny m\u00e9g magasabb volt, n\u00e9gy \u00e9ve 50 sz\u00e1zal\u00e9kkal volt nagyobb a decemberi forgalom a novemberin\u00e9l. A sz\u00e1mokb\u00f3l l\u00e1tszik, hogy most m\u00e1r a t\u00f6bbi h\u00f3napban is t\u00f6bbet k\u00f6ltenek a v\u00e1s\u00e1rl\u00f3k kozmetikai term\u00e9kekre, nem csak decemberben v\u00e1s\u00e1rolnak ezekb\u0151l nagyobb mennyis\u00e9gben. A decemberi a v\u00e1llalat \u00e9ves forgalm\u00e1nak 10 sz\u00e1zal\u00e9k\u00e1t teszi ki.<br \/>\n    A drog\u00e9rial\u00e1nc teljes k\u00edn\u00e1lat\u00e1nak forgalma k\u00e9tsz\u00e1mjegy\u0171 n\u00f6veked\u00e9st mutat az \u00fcnnepi id\u0151szakban, de \u00e1tlag felett fogynak a parf\u00fcm\u00f6k, a sz\u00e9ps\u00e9g\u00e1pol\u00e1si term\u00e9kek, a kar\u00e1csonyi csomagok, valamint a f\u00e9rfi arc\u00e1pol\u00e1si term\u00e9kek, az elektromos fogkef\u00e9k \u00e9s a bio \u00e9lelmiszerek.<br \/>\n    A legnagyobb v\u00e1s\u00e1rl\u00f3i rohamot az utols\u00f3 h\u00e9ten, k\u00fcl\u00f6n\u00f6sen a kar\u00e1csony el\u0151tti utols\u00f3 napokban v\u00e1rj\u00e1k. A dm szerint sokan az utols\u00f3 pillanatra hagyj\u00e1k a v\u00e1s\u00e1rl\u00e1st. Egyre t\u00f6bben rendelnek online, m\u00e1r a novemberi sz\u00e1mokon is l\u00e1tszik, hogy sokan az interneten v\u00e1s\u00e1rolnak a sorban \u00e1ll\u00e1s helyett.<br \/>\n    A Rossmann tapasztalatai szerint a decemberi forgalom 40 sz\u00e1zal\u00e9kkal is magasabb lehet egy \u00e1tlagos h\u00f3nap forgalm\u00e1n\u00e1l.<br \/>\n    A drog\u00e9rial\u00e1nc az MTI megkeres\u00e9s\u00e9re arr\u00f3l sz\u00e1molt be, hogy a legnagyobb kereslet a kar\u00e1csonyi csomagok ir\u00e1nt van, de legal\u00e1bb 40 sz\u00e1zal\u00e9kkal t\u00f6bb fogy a f\u00e9rfi \u00e9s n\u0151i illatokb\u00f3l, a dekorkozmetikai term\u00e9kekb\u0151l, az arc\u00e1pol\u00f3kb\u00f3l, a kism\u00e9ret\u0171 elektronikai term\u00e9kekb\u0151l, a f\u00fcrd\u0151szerekb\u0151l, a j\u00e1t\u00e9kokb\u00f3l \u00e9s az \u00fcnnephez kapcsol\u00f3d\u00f3 term\u00e9kekb\u0151l.<br \/>\n    A legt\u00f6bb v\u00e1s\u00e1rl\u00f3 egy\u00e9rtelm\u0171en az \u00fcnnepet k\u00f6zvetlen\u00fcl megel\u0151z\u0151 h\u00e9ten l\u00e1togat a Rossmann \u00fczleteibe, de a kar\u00e1csony el\u0151tti h\u00e1rom h\u00e9t \u00f6sszess\u00e9g\u00e9ben rendk\u00edv\u00fcl er\u0151s, mintegy 40 sz\u00e1zal\u00e9kkal t\u00f6bb v\u00e1s\u00e1rl\u00f3 van ezekben a hetekben egy \u00e1tlagos h\u00e9thez viszony\u00edtva &#8211; t\u00e1j\u00e9koztatott a drog\u00e9rial\u00e1nc.(MTI)<\/p>\n","protected":false},"excerpt":{"rendered":"<p>Er\u0151s kar\u00e1csonyi forgalomra sz\u00e1m\u00edtanak az \u00e1ruh\u00e1zl\u00e1ncok, a legt\u00f6bb helyen a forgalom k\u00e9tsz\u00e1mjegy\u0171 n\u00f6veked\u00e9s\u00e9t v\u00e1rj\u00e1k az \u00e9v utols\u00f3 h\u00f3napj\u00e1ban a tavaly decemberihez k\u00e9pest &#8211; der\u00fcl ki az MTI \u00e1ltal k\u00e9sz\u00edtett k\u00f6rk\u00e9pb\u0151l.<\/p>\n","protected":false},"author":1,"featured_media":0,"comment_status":"closed","ping_status":"open","sticky":false,"template":"","format":"standard","meta":[],"categories":[4,19],"tags":[],"_links":{"self":[{"href":"https:\/\/gazdasagportal.hu\/index.php\/wp-json\/wp\/v2\/posts\/111686"}],"collection":[{"href":"https:\/\/gazdasagportal.hu\/index.php\/wp-json\/wp\/v2\/posts"}],"about":[{"href":"https:\/\/gazdasagportal.hu\/index.php\/wp-json\/wp\/v2\/types\/post"}],"author":[{"embeddable":true,"href":"https:\/\/gazdasagportal.hu\/index.php\/wp-json\/wp\/v2\/users\/1"}],"replies":[{"embeddable":true,"href":"https:\/\/gazdasagportal.hu\/index.php\/wp-json\/wp\/v2\/comments?post=111686"}],"version-history":[{"count":1,"href":"https:\/\/gazdasagportal.hu\/index.php\/wp-json\/wp\/v2\/posts\/111686\/revisions"}],"predecessor-version":[{"id":111687,"href":"https:\/\/gazdasagportal.hu\/index.php\/wp-json\/wp\/v2\/posts\/111686\/revisions\/111687"}],"wp:attachment":[{"href":"https:\/\/gazdasagportal.hu\/index.php\/wp-json\/wp\/v2\/media?parent=111686"}],"wp:term":[{"taxonomy":"category","embeddable":true,"href":"https:\/\/gazdasagportal.hu\/index.php\/wp-json\/wp\/v2\/categories?post=111686"},{"taxonomy":"post_tag","embeddable":true,"href":"https:\/\/gazdasagportal.hu\/index.php\/wp-json\/wp\/v2\/tags?post=111686"}],"curies":[{"name":"wp","href":"https:\/\/api.w.org\/{rel}","templated":true}]}}