{"id":111672,"date":"2018-12-11T07:52:59","date_gmt":"2018-12-11T06:52:59","guid":{"rendered":"http:\/\/gazdasagportal.hu\/?p=111672"},"modified":"2018-12-11T07:52:59","modified_gmt":"2018-12-11T06:52:59","slug":"meteorologiai-szolgalat-hidegorveny-kozeledik","status":"publish","type":"post","link":"https:\/\/gazdasagportal.hu\/index.php\/meteorologiai-szolgalat-hidegorveny-kozeledik\/","title":{"rendered":"Meteorol\u00f3giai szolg\u00e1lat: hideg\u00f6rv\u00e9ny k\u00f6zeledik"},"content":{"rendered":"<p><strong>\u00c9szak fel\u0151l hideg\u00f6rv\u00e9ny k\u00f6zeledik az orsz\u00e1g fel\u00e9, ami meghat\u00e1rozza a k\u00f6vetkez\u0151 napok id\u0151j\u00e1r\u00e1s\u00e1t &#8211; h\u00edvta fel a figyelmet az Orsz\u00e1gos Meteorol\u00f3giai Szolg\u00e1lat h\u00e9tf\u0151n Facebook-oldal\u00e1n k\u00f6zz\u00e9tett vide\u00f3j\u00e1ban.<\/strong><!--more--><\/p>\n<div class=\"ads-in-post1\"><div id=\"gazdasagportal.hu_fullbanner_wideboard\"><\/div>\r\n<\/div>\n<p>    Szab\u00f3 Zsanett meteorol\u00f3gus kifejtette: a Balti-tenger t\u00e9rs\u00e9gt\u0151l az Adriai-tengerig egy t\u00f6bb k\u00f6z\u00e9ppont\u00fa ciklon halad kelet fel\u00e9, melynek nyom\u00e1ban v\u00e1ltozatos az id\u0151j\u00e1r\u00e1s. H\u00e9tf\u0151 reggelre virrad\u00f3ra Ausztri\u00e1ban t\u00f6bb centim\u00e9ternyi h\u00f3 hullott, m\u00edg d\u00e9lebbre, Horv\u00e1torsz\u00e1gban zivatarok tomboltak az \u00e9jjel. \u00c9szakkelet-Eur\u00f3p\u00e1ban igazi t\u00e9li id\u0151 van: kiterjedt h\u00f3takar\u00f3val \u00e9s napk\u00f6zben is fagypont alatti \u00e9rt\u00e9kekkel.<br \/>\n    A hideg leveg\u0151 a k\u00f6vetkez\u0151 napokban egyre beljebb nyomul K\u00f6z\u00e9p-Eur\u00f3p\u00e1ba is, \u00e9s a z\u00e1porokat t\u00f6bbfel\u00e9 h\u00f3z\u00e1porok v\u00e1ltj\u00e1k fel.<br \/>\n<div class=\"ads-in-post2\"><script async src=\"https:\/\/pagead2.googlesyndication.com\/pagead\/js\/adsbygoogle.js\"><\/script>\r\n<ins class=\"adsbygoogle\"\r\n     style=\"display:block\"\r\n     data-ad-format=\"fluid\"\r\n     data-ad-layout-key=\"-6t+ed+2i-1n-4w\"\r\n     data-ad-client=\"ca-pub-1959107119989764\"\r\n     data-ad-slot=\"4008251320\"><\/ins>\r\n<script>\r\n     (adsbygoogle = window.adsbygoogle || []).push({});\r\n<\/script><\/div>\n    Magyarorsz\u00e1gon az \u00e9jszaka m\u00e1sodik fel\u00e9ben \u00e9szaknyugaton, nyugaton megn\u00f6vekszik a felh\u0151zet, amelyb\u0151l csapad\u00e9k is el\u0151fordul: h\u0151, havas es\u0151, es\u0151 egyar\u00e1nt eshet. A sz\u00e9l t\u00f6bbfel\u00e9 meg\u00e9l\u00e9nk\u00fcl.<br \/>\n    Kedden hajnalra foltokban \u00e1tmenetileg k\u00f6d k\u00e9pz\u0151dhet. A kora reggeli \u00f3r\u00e1kban m\u00e9g \u00e9szaknyugaton, nyugaton, k\u00e9s\u0151bb a k\u00f6z\u00e9ps\u0151, d\u00e9lut\u00e1n a keleti t\u00e1jakon is er\u0151sen megn\u00f6vekszik a felh\u0151zet. Egyre t\u00f6bbfel\u00e9 v\u00e1rhat\u00f3 vegyes halmaz\u00e1llapot\u00fa csapad\u00e9k: h\u00f3, havas es\u0151, es\u0151. Megmarad\u00f3 h\u00f3nak s\u00edkvid\u00e9ken kicsi a val\u00f3sz\u00edn\u0171s\u00e9ge, de f\u0151k\u00e9nt k\u00e9s\u0151 d\u00e9lut\u00e1nt\u00f3l, az orsz\u00e1g \u00e9szakkeleti fel\u00e9n, nagyj\u00e1b\u00f3l a Gy\u0151r-Duna\u00fajv\u00e1ros-B\u00e9k\u00e9scsaba vonalt\u00f3l \u00e9szakkeletre helyenk\u00e9nt ak\u00e1r 2 centim\u00e9ternyi h\u00f3 is eshet. T\u00f6bbfel\u00e9 meg\u00e9l\u00e9nk\u00fcl, a Dun\u00e1nt\u00fal \u00e9szaki r\u00e9sz\u00e9n meg is er\u0151s\u00f6dik a sz\u00e9l. A legalacsonyabb h\u0151m\u00e9rs\u00e9klet m\u00ednusz 5 \u00e9s plus 1 fok, a legmagasabb h\u0151m\u00e9rs\u00e9klet 1-7 fok k\u00f6z\u00f6tt v\u00e1rhat\u00f3.<br \/>\n    Szerd\u00e1n szakadozik a felh\u0151zet, sz\u00f3rv\u00e1nyosan val\u00f3sz\u00edn\u0171 z\u00e1por, h\u00f3z\u00e1por. Hajnalban d\u00e9lnyugaton \u00f3nos es\u0151 is el\u0151fordulhat. A sz\u00e9l n\u00e9hol meger\u0151s\u00f6dik. Napk\u00f6zben plusz 1-6 fokig melegszik a leveg\u0151.<br \/>\n    Cs\u00fct\u00f6rt\u00f6k\u00f6n m\u00e1r t\u00e1volodik a hideg\u00f6rv\u00e9ny. A h\u00e9tv\u00e9g\u00e9ig sz\u00e1mottev\u0151 csapad\u00e9k sem v\u00e1rhat\u00f3. Szombaton viszont ism\u00e9t nedvesebb l\u00e9ghull\u00e1mok \u00e9ri el a K\u00e1rp\u00e1t-medenc\u00e9t &#8211; ismertette a meteorol\u00f3gus.(MTI)<\/p>\n","protected":false},"excerpt":{"rendered":"<p>\u00c9szak fel\u0151l hideg\u00f6rv\u00e9ny k\u00f6zeledik az orsz\u00e1g fel\u00e9, ami meghat\u00e1rozza a k\u00f6vetkez\u0151 napok id\u0151j\u00e1r\u00e1s\u00e1t &#8211; h\u00edvta fel a figyelmet az Orsz\u00e1gos Meteorol\u00f3giai Szolg\u00e1lat h\u00e9tf\u0151n Facebook-oldal\u00e1n k\u00f6zz\u00e9tett vide\u00f3j\u00e1ban.<\/p>\n","protected":false},"author":1,"featured_media":0,"comment_status":"closed","ping_status":"open","sticky":false,"template":"","format":"standard","meta":[],"categories":[4],"tags":[],"_links":{"self":[{"href":"https:\/\/gazdasagportal.hu\/index.php\/wp-json\/wp\/v2\/posts\/111672"}],"collection":[{"href":"https:\/\/gazdasagportal.hu\/index.php\/wp-json\/wp\/v2\/posts"}],"about":[{"href":"https:\/\/gazdasagportal.hu\/index.php\/wp-json\/wp\/v2\/types\/post"}],"author":[{"embeddable":true,"href":"https:\/\/gazdasagportal.hu\/index.php\/wp-json\/wp\/v2\/users\/1"}],"replies":[{"embeddable":true,"href":"https:\/\/gazdasagportal.hu\/index.php\/wp-json\/wp\/v2\/comments?post=111672"}],"version-history":[{"count":1,"href":"https:\/\/gazdasagportal.hu\/index.php\/wp-json\/wp\/v2\/posts\/111672\/revisions"}],"predecessor-version":[{"id":111673,"href":"https:\/\/gazdasagportal.hu\/index.php\/wp-json\/wp\/v2\/posts\/111672\/revisions\/111673"}],"wp:attachment":[{"href":"https:\/\/gazdasagportal.hu\/index.php\/wp-json\/wp\/v2\/media?parent=111672"}],"wp:term":[{"taxonomy":"category","embeddable":true,"href":"https:\/\/gazdasagportal.hu\/index.php\/wp-json\/wp\/v2\/categories?post=111672"},{"taxonomy":"post_tag","embeddable":true,"href":"https:\/\/gazdasagportal.hu\/index.php\/wp-json\/wp\/v2\/tags?post=111672"}],"curies":[{"name":"wp","href":"https:\/\/api.w.org\/{rel}","templated":true}]}}