{"id":111627,"date":"2018-12-09T17:11:21","date_gmt":"2018-12-09T16:11:21","guid":{"rendered":"http:\/\/gazdasagportal.hu\/?p=111627"},"modified":"2018-12-09T17:11:21","modified_gmt":"2018-12-09T16:11:21","slug":"onos-eso-ho-is-lehet-a-jovo-heten","status":"publish","type":"post","link":"https:\/\/gazdasagportal.hu\/index.php\/onos-eso-ho-is-lehet-a-jovo-heten\/","title":{"rendered":"\u00d3nos es\u0151, h\u00f3 is lehet a j\u00f6v\u0151 h\u00e9ten"},"content":{"rendered":"<p><strong>A j\u00f6v\u0151 h\u00e9ten is bor\u00fas, csapad\u00e9kos id\u0151 v\u00e1rhat\u00f3: es\u0151, \u00f3nos es\u0151, h\u00f3 is lehet. Kisebb leh\u0171l\u00e9sre is k\u00e9sz\u00fclni kell, t\u00f6bbfel\u00e9 a maximumok is fagypont k\u00f6r\u00fcl alakulhatnak &#8211; der\u00fcl ki az Orsz\u00e1gos Meteorol\u00f3giai Szolg\u00e1lat orsz\u00e1gos, k\u00f6z\u00e9pt\u00e1v\u00fa el\u0151rejelz\u00e9s\u00e9b\u0151l, melyet vas\u00e1rnap juttattak el az MTI-nek.<\/strong><!--more--><\/p>\n<div class=\"ads-in-post1\"><div id=\"gazdasagportal.hu_fullbanner_wideboard\"><\/div>\r\n<\/div>\n<p>    H\u00e9tf\u0151n reggelre, d\u00e9lel\u0151ttre az orsz\u00e1g nagy r\u00e9sz\u00e9n felszakadozik a felh\u0151zet, ezt k\u00f6vet\u0151en a napos id\u0151szakok k\u00f6z\u00f6tti felh\u0151\u00e1tvonul\u00e1sokb\u00f3l sz\u00f3rv\u00e1nyosan fordul el\u0151 z\u00e1pores\u0151, a hegyekben, illetve est\u00e9t\u0151l n\u00e9hol s\u00edkvid\u00e9ken is h\u00f3z\u00e1por. Az \u00e9szakkeleti orsz\u00e1gr\u00e9sz kiv\u00e9tel\u00e9vel er\u0151s, helyenk\u00e9nt viharos lehet a sz\u00e9l, est\u00e9re m\u00e9rs\u00e9kl\u0151dik a l\u00e9gmozg\u00e1s. A leghidegebb \u00f3r\u00e1kban 0-4 fok lehet, de \u00e9szakkeleten \u00e9s d\u00e9lnyugaton n\u00e9hol gyeng\u00e9n fagyhat. A nappali maximumok 4-9 fok k\u00f6z\u00f6tt alakulnak.<br \/>\n    Kedden sz\u00f3rv\u00e1nyosan val\u00f3sz\u00edn\u0171 havas es\u0151, f\u0151k\u00e9nt a magasabban fekv\u0151 ter\u00fcleteken havaz\u00e1s, d\u00e9lnyugaton ink\u00e1bb es\u0151. Helyenk\u00e9nt meger\u0151s\u00f6dik a sz\u00e9l is. A legalacsonyabb h\u0151m\u00e9rs\u00e9klet m\u00ednusz 5 \u00e9s 0, a legmagasabb h\u0151m\u00e9rs\u00e9klet 1 \u00e9s 7 fok k\u00f6z\u00f6tt alakul.<br \/>\n    Szerd\u00e1n elsz\u00f3rtan val\u00f3sz\u00edn\u0171 z\u00e1por, h\u00f3z\u00e1por, hajnalban d\u00e9lnyugaton \u00f3nos es\u0151 is el\u0151fordulhat. N\u00e9hol meger\u0151s\u00f6dhet a sz\u00e9l. A minimumh\u0151m\u00e9rs\u00e9klet m\u00ednusz 4 \u00e9s plusz 2, a maximumh\u0151m\u00e9rs\u00e9klet 1 \u00e9s 7 fok k\u00f6z\u00f6tt alakul.<br \/>\n<div class=\"ads-in-post2\"><script async src=\"https:\/\/pagead2.googlesyndication.com\/pagead\/js\/adsbygoogle.js\"><\/script>\r\n<ins class=\"adsbygoogle\"\r\n     style=\"display:block\"\r\n     data-ad-format=\"fluid\"\r\n     data-ad-layout-key=\"-6t+ed+2i-1n-4w\"\r\n     data-ad-client=\"ca-pub-1959107119989764\"\r\n     data-ad-slot=\"4008251320\"><\/ins>\r\n<script>\r\n     (adsbygoogle = window.adsbygoogle || []).push({});\r\n<\/script><\/div>\n    Cs\u00fct\u00f6rt\u00f6k\u00f6n nem val\u00f3sz\u00edn\u0171 csapad\u00e9k. A leghidegebb \u00f3r\u00e1kban m\u00ednusz 6 \u00e9s m\u00ednusz 1, napk\u00f6zben m\u00ednusz 1 \u00e9s plusz 4 fok k\u00f6z\u00f6tt alakul a h\u0151m\u00e9rs\u00e9klet.<br \/>\n    P\u00e9nteken nyugaton, d\u00e9lnyugaton h\u00f3sz\u00e1lling\u00f3z\u00e1s, havaz\u00e1s is lehet. A legalacsonyabb h\u0151m\u00e9rs\u00e9klet m\u00ednusz 6 \u00e9s m\u00ednusz 1, a legmagasabb h\u0151m\u00e9rs\u00e9klet m\u00ednusz 1 \u00e9s plusz 3 fok k\u00f6z\u00f6tt val\u00f3sz\u00edn\u0171.<br \/>\n    Szombaton \u00e9s vas\u00e1rnap sz\u00f3rv\u00e1nyosan val\u00f3sz\u00edn\u0171 h\u00f3, havas es\u0151, f\u0151k\u00e9nt keleten \u00f3nos es\u0151, es\u0151 is lehet. A sz\u00e9l n\u00e9hol meger\u0151s\u00f6dik. A legalacsonyabb h\u0151m\u00e9rs\u00e9klet szombaton m\u00ednusz 6 \u00e9s m\u00ednusz 1, vas\u00e1rnap m\u00ednusz 4 \u00e9s plusz 1 fok k\u00f6z\u00f6tt alakul. A nappali maximumok szombaton m\u00ednusz 1 \u00e9s plusz 3,  vas\u00e1rnap 0  \u00e9s plusz 5 fok k\u00f6z\u00f6tt alakulnak &#8211; olvashat\u00f3 az el\u0151rejelz\u00e9sben.(MTI)<\/p>\n","protected":false},"excerpt":{"rendered":"<p>A j\u00f6v\u0151 h\u00e9ten is bor\u00fas, csapad\u00e9kos id\u0151 v\u00e1rhat\u00f3: es\u0151, \u00f3nos es\u0151, h\u00f3 is lehet. Kisebb leh\u0171l\u00e9sre is k\u00e9sz\u00fclni kell, t\u00f6bbfel\u00e9 a maximumok is fagypont k\u00f6r\u00fcl alakulhatnak &#8211; der\u00fcl ki az Orsz\u00e1gos Meteorol\u00f3giai Szolg\u00e1lat orsz\u00e1gos, k\u00f6z\u00e9pt\u00e1v\u00fa el\u0151rejelz\u00e9s\u00e9b\u0151l, melyet vas\u00e1rnap juttattak el az MTI-nek.<\/p>\n","protected":false},"author":1001003,"featured_media":0,"comment_status":"closed","ping_status":"open","sticky":false,"template":"","format":"standard","meta":[],"categories":[4],"tags":[],"_links":{"self":[{"href":"https:\/\/gazdasagportal.hu\/index.php\/wp-json\/wp\/v2\/posts\/111627"}],"collection":[{"href":"https:\/\/gazdasagportal.hu\/index.php\/wp-json\/wp\/v2\/posts"}],"about":[{"href":"https:\/\/gazdasagportal.hu\/index.php\/wp-json\/wp\/v2\/types\/post"}],"author":[{"embeddable":true,"href":"https:\/\/gazdasagportal.hu\/index.php\/wp-json\/wp\/v2\/users\/1001003"}],"replies":[{"embeddable":true,"href":"https:\/\/gazdasagportal.hu\/index.php\/wp-json\/wp\/v2\/comments?post=111627"}],"version-history":[{"count":1,"href":"https:\/\/gazdasagportal.hu\/index.php\/wp-json\/wp\/v2\/posts\/111627\/revisions"}],"predecessor-version":[{"id":111628,"href":"https:\/\/gazdasagportal.hu\/index.php\/wp-json\/wp\/v2\/posts\/111627\/revisions\/111628"}],"wp:attachment":[{"href":"https:\/\/gazdasagportal.hu\/index.php\/wp-json\/wp\/v2\/media?parent=111627"}],"wp:term":[{"taxonomy":"category","embeddable":true,"href":"https:\/\/gazdasagportal.hu\/index.php\/wp-json\/wp\/v2\/categories?post=111627"},{"taxonomy":"post_tag","embeddable":true,"href":"https:\/\/gazdasagportal.hu\/index.php\/wp-json\/wp\/v2\/tags?post=111627"}],"curies":[{"name":"wp","href":"https:\/\/api.w.org\/{rel}","templated":true}]}}