{"id":111609,"date":"2018-12-09T11:33:54","date_gmt":"2018-12-09T10:33:54","guid":{"rendered":"http:\/\/gazdasagportal.hu\/?p=111609"},"modified":"2018-12-09T10:34:51","modified_gmt":"2018-12-09T09:34:51","slug":"heti-makronaptar-inflacios-ipari-es-idegenforgalmi-adatok-varhatok-a-jovo-heten","status":"publish","type":"post","link":"https:\/\/gazdasagportal.hu\/index.php\/heti-makronaptar-inflacios-ipari-es-idegenforgalmi-adatok-varhatok-a-jovo-heten\/","title":{"rendered":"Heti makronapt\u00e1r &#8211; Infl\u00e1ci\u00f3s, ipari \u00e9s idegenforgalmi adatok v\u00e1rhat\u00f3k a j\u00f6v\u0151 h\u00e9ten"},"content":{"rendered":"<p><strong>T\u00f6bb statisztikai adat is megjelenik a k\u00f6vetkez\u0151 h\u00e9ten, k\u00f6z\u00fcl\u00fck kiemelkedik a novemberi infl\u00e1ci\u00f3s adat \u00e9s az okt\u00f3beri ipari termel\u00e9s r\u00e9szletes jelent\u00e9se, valamint a sz\u00e1ll\u00e1shelyek okt\u00f3beri forgalm\u00e1nak adatai.<\/strong><!--more--><\/p>\n<div class=\"ads-in-post1\"><div id=\"gazdasagportal.hu_fullbanner_wideboard\"><\/div>\r\n<\/div>\n<p>    Kedden teszi k\u00f6zz\u00e9 a K\u00f6zponti Statisztikai Hivatal (KSH) a fogyaszt\u00f3i \u00e1rak novemberi adatait \u00e9s a mez\u0151gazdas\u00e1g tavalyi teljes\u00edtm\u00e9ny\u00e9t. Okt\u00f3berben a fogyaszt\u00f3i \u00e1rak \u00e1tlagosan 3,8 sz\u00e1zal\u00e9kkal voltak magasabbak az egy \u00e9vvel kor\u00e1bbin\u00e1l az el\u0151z\u0151 havi 3,6 sz\u00e1zal\u00e9kos emelked\u00e9st k\u00f6vet\u0151en. Szeptemberhez viszony\u00edtva \u00e1tlagosan 0,5 sz\u00e1zal\u00e9kkal n\u0151ttek az \u00e1rak. Az \u00e9v els\u0151 t\u00edz h\u00f3napj\u00e1ban \u00e1tlagosan 2,8 sz\u00e1zal\u00e9k volt az infl\u00e1ci\u00f3.<br \/>\n    Szerd\u00e1n az ipari termel\u00e9s okt\u00f3beri r\u00e9szletes adata jelenik meg. Az els\u0151 becsl\u00e9s szerint okt\u00f3berben 5,9 sz\u00e1zal\u00e9kkal n\u0151tt az ipari termel\u00e9s az egy \u00e9vvel kor\u00e1bbihoz k\u00e9pest, a munkanaphat\u00e1st\u00f3l megtiszt\u00edtott adatok alapj\u00e1n 3,3 sz\u00e1zal\u00e9kos a n\u00f6veked\u00e9s. Az idei \u00e9v els\u0151 10 h\u00f3napj\u00e1ban 3,4 sz\u00e1zal\u00e9kkal volt nagyobb az ipari termel\u00e9s, mint az el\u0151z\u0151 \u00e9v azonos id\u0151szak\u00e1ban.<br \/>\n<div class=\"ads-in-post2\"><script async src=\"https:\/\/pagead2.googlesyndication.com\/pagead\/js\/adsbygoogle.js\"><\/script>\r\n<ins class=\"adsbygoogle\"\r\n     style=\"display:block\"\r\n     data-ad-format=\"fluid\"\r\n     data-ad-layout-key=\"-6t+ed+2i-1n-4w\"\r\n     data-ad-client=\"ca-pub-1959107119989764\"\r\n     data-ad-slot=\"4008251320\"><\/ins>\r\n<script>\r\n     (adsbygoogle = window.adsbygoogle || []).push({});\r\n<\/script><\/div>\n    Cs\u00fct\u00f6rt\u00f6k\u00f6n a sz\u00e1ll\u00e1shelyek okt\u00f3beri forgalm\u00e1r\u00f3l k\u00f6z\u00f6l statisztik\u00e1t a KSH. Szeptemberben a  belf\u00f6ldi vend\u00e9gek \u00e1ltal elt\u00f6lt\u00f6tt \u00e9jszak\u00e1k sz\u00e1ma 7,9 sz\u00e1zal\u00e9kkal n\u0151tt  a kereskedelmi sz\u00e1ll\u00e1shelyeken, a k\u00fclf\u00f6ldi vend\u00e9gek \u00e1ltal elt\u00f6lt\u00f6tt \u00e9jszak\u00e1k\u00e9 0,5 sz\u00e1zal\u00e9kkal cs\u00f6kkent az el\u0151z\u0151 \u00e9v azonos id\u0151szak\u00e1hoz k\u00e9pest. A kereskedelmi sz\u00e1ll\u00e1shelyek &#8211; foly\u00f3 \u00e1ron sz\u00e1molt &#8211; \u00f6sszes brutt\u00f3 \u00e1rbev\u00e9tele 11,2 sz\u00e1zal\u00e9kkal emelkedett, \u00e9s 29,4 milli\u00e1rd forintot tett ki.  Id\u00e9n janu\u00e1r-szeptemberben a kereskedelmi sz\u00e1ll\u00e1shelyek vend\u00e9g\u00e9jszak\u00e1ban m\u00e9rt vend\u00e9gforgalma 3,9, brutt\u00f3 bev\u00e9tele 9,4 sz\u00e1zal\u00e9kkal volt t\u00f6bb, mint 2017 azonos id\u0151szak\u00e1ban. Az \u00e9v els\u0151 kilenc h\u00f3napj\u00e1ban a kereskedelmi sz\u00e1ll\u00e1shelyek 5,2 sz\u00e1zal\u00e9kkal t\u00f6bb, \u00f6sszesen 9,8 milli\u00f3 vend\u00e9get, \u00e9s 3,9 sz\u00e1zal\u00e9kkal t\u00f6bb, 24,6 milli\u00f3t meghalad\u00f3 vend\u00e9g\u00e9jszak\u00e1t regisztr\u00e1ltak az el\u0151z\u0151 \u00e9v azonos id\u0151szak\u00e1hoz k\u00e9pest.<br \/>\n    P\u00e9nteken az \u00e9p\u00edt\u0151ipar okt\u00f3beri teljes\u00edtm\u00e9ny\u00e9t k\u00f6zlik \u00e9s a mez\u0151gazdas\u00e1gi termel\u0151i \u00e1rak okt\u00f3beri alakul\u00e1s\u00e1t. Szeptemberben az \u00e9p\u00edt\u0151ipari termel\u00e9s 25,8 sz\u00e1zal\u00e9kkal meghaladta az egy \u00e9vvel kor\u00e1bbit, az el\u0151z\u0151 havi 25,7 sz\u00e1zal\u00e9kos fel\u00fclvizsg\u00e1lt adattal szinte megegyez\u0151en. Mindk\u00e9t \u00e9p\u00edtm\u00e9nyf\u0151csoport termel\u00e9se n\u0151tt: az \u00e9p\u00fcletek \u00e9p\u00edt\u00e9s\u00e9nek volumene 22,2, az egy\u00e9b \u00e9p\u00edtm\u00e9nyek\u00e9 30,5 sz\u00e1zal\u00e9kkal. Az \u00e9p\u00edt\u0151ipar szezon\u00e1lisan \u00e9s munkanaphat\u00e1ssal kiigaz\u00edtott termel\u00e9se 0,2 sz\u00e1zal\u00e9kkal cs\u00f6kkent az el\u0151z\u0151 havihoz m\u00e9rten. Az \u00e9p\u00fcletekn\u00e9l ipari, kereskedelmi \u00e9s lak\u00f3\u00e9p\u00fcletek \u00e9p\u00edt\u00e9se, az egy\u00e9b \u00e9p\u00edtm\u00e9nyekn\u00e9l pedig tov\u00e1bbra is az \u00fat-, vas\u00fat- \u00e9s k\u00f6zm\u0171\u00e9p\u00edt\u00e9sek eredm\u00e9nyezt\u00e9k a n\u00f6veked\u00e9st.(MTI)<\/p>\n","protected":false},"excerpt":{"rendered":"<p>T\u00f6bb statisztikai adat is megjelenik a k\u00f6vetkez\u0151 h\u00e9ten, k\u00f6z\u00fcl\u00fck kiemelkedik a novemberi infl\u00e1ci\u00f3s adat \u00e9s az okt\u00f3beri ipari termel\u00e9s r\u00e9szletes jelent\u00e9se, valamint a sz\u00e1ll\u00e1shelyek okt\u00f3beri forgalm\u00e1nak adatai.<\/p>\n","protected":false},"author":1001003,"featured_media":0,"comment_status":"closed","ping_status":"open","sticky":false,"template":"","format":"standard","meta":[],"categories":[19],"tags":[],"_links":{"self":[{"href":"https:\/\/gazdasagportal.hu\/index.php\/wp-json\/wp\/v2\/posts\/111609"}],"collection":[{"href":"https:\/\/gazdasagportal.hu\/index.php\/wp-json\/wp\/v2\/posts"}],"about":[{"href":"https:\/\/gazdasagportal.hu\/index.php\/wp-json\/wp\/v2\/types\/post"}],"author":[{"embeddable":true,"href":"https:\/\/gazdasagportal.hu\/index.php\/wp-json\/wp\/v2\/users\/1001003"}],"replies":[{"embeddable":true,"href":"https:\/\/gazdasagportal.hu\/index.php\/wp-json\/wp\/v2\/comments?post=111609"}],"version-history":[{"count":1,"href":"https:\/\/gazdasagportal.hu\/index.php\/wp-json\/wp\/v2\/posts\/111609\/revisions"}],"predecessor-version":[{"id":111610,"href":"https:\/\/gazdasagportal.hu\/index.php\/wp-json\/wp\/v2\/posts\/111609\/revisions\/111610"}],"wp:attachment":[{"href":"https:\/\/gazdasagportal.hu\/index.php\/wp-json\/wp\/v2\/media?parent=111609"}],"wp:term":[{"taxonomy":"category","embeddable":true,"href":"https:\/\/gazdasagportal.hu\/index.php\/wp-json\/wp\/v2\/categories?post=111609"},{"taxonomy":"post_tag","embeddable":true,"href":"https:\/\/gazdasagportal.hu\/index.php\/wp-json\/wp\/v2\/tags?post=111609"}],"curies":[{"name":"wp","href":"https:\/\/api.w.org\/{rel}","templated":true}]}}