{"id":111501,"date":"2018-12-05T14:45:45","date_gmt":"2018-12-05T13:45:45","guid":{"rendered":"http:\/\/gazdasagportal.hu\/?p=111501"},"modified":"2018-12-05T14:45:45","modified_gmt":"2018-12-05T13:45:45","slug":"meghosszabbitottak-a-vodafone-frekvenciahasznalati-jogosultsagat","status":"publish","type":"post","link":"https:\/\/gazdasagportal.hu\/index.php\/meghosszabbitottak-a-vodafone-frekvenciahasznalati-jogosultsagat\/","title":{"rendered":"Meghosszabb\u00edtott\u00e1k a Vodafone frekvenciahaszn\u00e1lati jogosults\u00e1g\u00e1t"},"content":{"rendered":"<p><strong>A Nemzeti M\u00e9dia- \u00e9s H\u00edrk\u00f6zl\u00e9si Hat\u00f3s\u00e1g (NMHH) 2027. j\u00fanius 23-ig meghosszabb\u00edtotta a Vodafone frekvenciahaszn\u00e1lati jogosults\u00e1g\u00e1t a 3G hang \u00e9s adatszolg\u00e1ltat\u00e1st biztos\u00edt\u00f3 2100 megahertzes (MHz) frekvencias\u00e1vban.<\/strong><!--more--><\/p>\n<div class=\"ads-in-post1\"><div id=\"gazdasagportal.hu_fullbanner_wideboard\"><\/div>\r\n<\/div>\n<p>    A t\u00e1vk\u00f6zl\u00e9si szolg\u00e1ltat\u00f3 szerdai k\u00f6zlem\u00e9nye szerint a jogosults\u00e1g meghosszabb\u00edt\u00e1s\u00e1nak egyszeri d\u00edja 11 milli\u00e1rd forint. A s\u00e1vd\u00edj havi m\u00e9rt\u00e9ke jelenleg 56,250 milli\u00f3 forint.<br \/>\n    A Vodafone Magyarorsz\u00e1g a jelenleg 3G-s hang \u00e9s adatszolg\u00e1ltat\u00e1sra haszn\u00e1lt 2100 MHz-es frekvencia tartom\u00e1nyban m\u00e1r megkezdte a 4G-s szolg\u00e1ltat\u00e1s ny\u00fajt\u00e1s\u00e1t is, a j\u00f6v\u0151ben pedig a tartom\u00e1ny ak\u00e1r 5G-s szolg\u00e1ltat\u00e1sra is alkalmas lehet. A Vodafone Magyarorsz\u00e1g elk\u00f6telezett a magyarorsz\u00e1gi telekommunik\u00e1ci\u00f3s infrastrukt\u00fara, \u00edgy a mobil \u00e9s vezet\u00e9kes h\u00e1l\u00f3zatok fejleszt\u00e9se mellett &#8211; \u00edrt\u00e1k.<br \/>\n<div class=\"ads-in-post2\"><script async src=\"https:\/\/pagead2.googlesyndication.com\/pagead\/js\/adsbygoogle.js\"><\/script>\r\n<ins class=\"adsbygoogle\"\r\n     style=\"display:block\"\r\n     data-ad-format=\"fluid\"\r\n     data-ad-layout-key=\"-6t+ed+2i-1n-4w\"\r\n     data-ad-client=\"ca-pub-1959107119989764\"\r\n     data-ad-slot=\"4008251320\"><\/ins>\r\n<script>\r\n     (adsbygoogle = window.adsbygoogle || []).push({});\r\n<\/script><\/div>\n    A t\u00e1rsas\u00e1g c\u00e9lja, hogy a UPC Magyarorsz\u00e1g kor\u00e1bban bejelentett, az Eur\u00f3pai Bizotts\u00e1g versenyhat\u00f3s\u00e1gi j\u00f3v\u00e1hagy\u00e1s\u00e1t v\u00e1r\u00f3 felv\u00e1s\u00e1rl\u00e1s\u00e1val olyan szolg\u00e1ltat\u00f3v\u00e1 v\u00e1ljon, amely orsz\u00e1gszerte k\u00e9pes mobil \u00e9s vezet\u00e9kes sz\u00e9less\u00e1v\u00fa, valamint telev\u00edzi\u00f3s szolg\u00e1ltat\u00e1sokat is ny\u00fajtatni.(MTI)<\/p>\n","protected":false},"excerpt":{"rendered":"<p>A Nemzeti M\u00e9dia- \u00e9s H\u00edrk\u00f6zl\u00e9si Hat\u00f3s\u00e1g (NMHH) 2027. j\u00fanius 23-ig meghosszabb\u00edtotta a Vodafone frekvenciahaszn\u00e1lati jogosults\u00e1g\u00e1t a 3G hang \u00e9s adatszolg\u00e1ltat\u00e1st biztos\u00edt\u00f3 2100 megahertzes (MHz) frekvencias\u00e1vban.<\/p>\n","protected":false},"author":1,"featured_media":0,"comment_status":"closed","ping_status":"open","sticky":false,"template":"","format":"standard","meta":[],"categories":[4],"tags":[],"_links":{"self":[{"href":"https:\/\/gazdasagportal.hu\/index.php\/wp-json\/wp\/v2\/posts\/111501"}],"collection":[{"href":"https:\/\/gazdasagportal.hu\/index.php\/wp-json\/wp\/v2\/posts"}],"about":[{"href":"https:\/\/gazdasagportal.hu\/index.php\/wp-json\/wp\/v2\/types\/post"}],"author":[{"embeddable":true,"href":"https:\/\/gazdasagportal.hu\/index.php\/wp-json\/wp\/v2\/users\/1"}],"replies":[{"embeddable":true,"href":"https:\/\/gazdasagportal.hu\/index.php\/wp-json\/wp\/v2\/comments?post=111501"}],"version-history":[{"count":1,"href":"https:\/\/gazdasagportal.hu\/index.php\/wp-json\/wp\/v2\/posts\/111501\/revisions"}],"predecessor-version":[{"id":111502,"href":"https:\/\/gazdasagportal.hu\/index.php\/wp-json\/wp\/v2\/posts\/111501\/revisions\/111502"}],"wp:attachment":[{"href":"https:\/\/gazdasagportal.hu\/index.php\/wp-json\/wp\/v2\/media?parent=111501"}],"wp:term":[{"taxonomy":"category","embeddable":true,"href":"https:\/\/gazdasagportal.hu\/index.php\/wp-json\/wp\/v2\/categories?post=111501"},{"taxonomy":"post_tag","embeddable":true,"href":"https:\/\/gazdasagportal.hu\/index.php\/wp-json\/wp\/v2\/tags?post=111501"}],"curies":[{"name":"wp","href":"https:\/\/api.w.org\/{rel}","templated":true}]}}