{"id":111411,"date":"2018-12-03T17:08:15","date_gmt":"2018-12-03T16:08:15","guid":{"rendered":"http:\/\/gazdasagportal.hu\/?p=111411"},"modified":"2018-12-03T17:08:15","modified_gmt":"2018-12-03T16:08:15","slug":"hitelminosites-fitch-jovore-dontes-valoszinu-a-pozitiv-kilatasu-kozep-es-kelet-europai-orszag-adososztalyzatarol","status":"publish","type":"post","link":"https:\/\/gazdasagportal.hu\/index.php\/hitelminosites-fitch-jovore-dontes-valoszinu-a-pozitiv-kilatasu-kozep-es-kelet-europai-orszag-adososztalyzatarol\/","title":{"rendered":"Hitelmin\u0151s\u00edt\u00e9s &#8211; Fitch: j\u00f6v\u0151re d\u00f6nt\u00e9s val\u00f3sz\u00edn\u0171 a pozit\u00edv kil\u00e1t\u00e1s\u00fa k\u00f6z\u00e9p- \u00e9s kelet-eur\u00f3pai orsz\u00e1g ad\u00f3soszt\u00e1lyzat\u00e1r\u00f3l"},"content":{"rendered":"<p><strong>A k\u00f6z\u00e9p- \u00e9s kelet-eur\u00f3pai orsz\u00e1gok \u00e1llamad\u00f3s-oszt\u00e1lyzatainak t\u00f6bbs\u00e9g\u00e9re a Fitch Ratings stabil kil\u00e1t\u00e1st tart \u00e9rv\u00e9nyben, \u00e1m a t\u00e9rs\u00e9gen bel\u00fcl h\u00e9t \u00e1llamad\u00f3st a c\u00e9g felmin\u0151s\u00edt\u00e9s lehet\u0151s\u00e9g\u00e9re utal\u00f3 pozit\u00edv besorol\u00e1si kil\u00e1t\u00e1ssal tart nyilv\u00e1n, \u00e9s mivel e pozit\u00edv kil\u00e1t\u00e1sok m\u00e1r tavaly \u00f3ta \u00e9rv\u00e9nyben vannak, ezeknek az orsz\u00e1goknak az ad\u00f3soszt\u00e1lyzatair\u00f3l j\u00f6v\u0151re val\u00f3sz\u00edn\u0171leg d\u00f6nt\u00e9s sz\u00fcletik &#8211; \u00e1ll a hitelmin\u0151s\u00edt\u0151 h\u00e9tf\u0151n Londonban ismertetett \u00e9ves helyzet\u00e9rt\u00e9kel\u00e9s\u00e9ben.<\/strong><!--more--><\/p>\n<div class=\"ads-in-post1\"><div id=\"gazdasagportal.hu_fullbanner_wideboard\"><\/div>\r\n<\/div>\n<p>    A Fitch tavaly \u00f3ta pozit\u00edv kil\u00e1t\u00e1ssal tartja nyilv\u00e1n Magyarorsz\u00e1g befektet\u00e9si aj\u00e1nl\u00e1s\u00fa, &#8222;BBB m\u00ednusz&#8221; szint\u0171 szuver\u00e9n besorol\u00e1s\u00e1t is.<br \/>\n    Ez azonos a k\u00e9t m\u00e1sik glob\u00e1lis piacvezet\u0151 hitelmin\u0151s\u00edt\u0151, a Moody&#8217;s Investors Service \u00e9s a S&#038;P Global Ratings magyar \u00e1llamad\u00f3s-besorol\u00e1s\u00e1val.<br \/>\n    A magyar oszt\u00e1lyzatra az S&#038;P szint\u00e9n pozit\u00edv, a Moody&#8217;s stabil kil\u00e1t\u00e1st tart \u00e9rv\u00e9nyben.<br \/>\n    Az id\u00e9n m\u00e1r egyik c\u00e9g sem vizsg\u00e1lja a magyar szuver\u00e9n besorol\u00e1sokat.<br \/>\n    A Fitch Ratings h\u00e9tf\u0151i elemz\u00e9se kiemeli, hogy az \u00e1ltala pozit\u00edv kil\u00e1t\u00e1ssal nyilv\u00e1ntartott h\u00e9t t\u00e9rs\u00e9gbeli \u00e1llamad\u00f3ssal szemben mind\u00f6ssze egy orsz\u00e1g &#8211; T\u00f6r\u00f6korsz\u00e1g &#8211; szuver\u00e9n besorol\u00e1s\u00e1t terheli negat\u00edv kil\u00e1t\u00e1s.<br \/>\n    A Fitch megfogalmaz\u00e1sa szerint ez a megoszl\u00e1s &#8222;felfel\u00e9 hat\u00f3 min\u0151s\u00edt\u00e9si lend\u00fcletet&#8221; ad a t\u00e9rs\u00e9gnek 2019-ben.<br \/>\n<div class=\"ads-in-post2\"><script async src=\"https:\/\/pagead2.googlesyndication.com\/pagead\/js\/adsbygoogle.js\"><\/script>\r\n<ins class=\"adsbygoogle\"\r\n     style=\"display:block\"\r\n     data-ad-format=\"fluid\"\r\n     data-ad-layout-key=\"-6t+ed+2i-1n-4w\"\r\n     data-ad-client=\"ca-pub-1959107119989764\"\r\n     data-ad-slot=\"4008251320\"><\/ins>\r\n<script>\r\n     (adsbygoogle = window.adsbygoogle || []).push({});\r\n<\/script><\/div>\n    Az \u00f6sszes\u00edt\u00e9s szerint a c\u00e9g az \u00e1ltala besorol\u00e1ssal ell\u00e1tott 21 k\u00f6z\u00e9p- \u00e9s kelet-eur\u00f3pai \u00e1llamad\u00f3s k\u00f6z\u00fcl 12-re tart \u00e9rv\u00e9nyben befektet\u00e9si aj\u00e1nl\u00e1s\u00fa oszt\u00e1lyzatot.<br \/>\n    Az elemz\u00e9s szerint a Fitch \u00f6sszess\u00e9g\u00e9ben is pozit\u00edvan \u00edt\u00e9li meg a t\u00e9rs\u00e9gi szuver\u00e9n ad\u00f3sok kil\u00e1t\u00e1sait, k\u00fcl\u00f6n\u00f6s tekintettel arra, hogy a pozit\u00edv \u00e9s a negat\u00edv kil\u00e1t\u00e1sok 7:1-es ar\u00e1nya k\u00f6zel\u00edt a 2011 \u00f3ta el\u00e9rt legjobb megoszl\u00e1sokhoz.<br \/>\n    A Fitch Ratings szerint a t\u00e9rs\u00e9g szil\u00e1rd gazdas\u00e1gi k\u00f6rnyezete, valamint az egykori szovjet t\u00e9rs\u00e9g gazdas\u00e1gpolitikai keretrendszer\u00e9ben lezajlott javul\u00e1si folyamat &#8222;eg\u00e9szs\u00e9ges&#8221; gazdas\u00e1gi h\u00e1tteret biztos\u00edt a r\u00e9gi\u00f3nak.<br \/>\n    A hitelmin\u0151s\u00edt\u0151 szerint azonban a k\u00fcls\u0151 kond\u00edci\u00f3k a k\u00f6vetkez\u0151 id\u0151szakban m\u00e1r kev\u00e9sb\u00e9 lesznek kedvez\u0151k, \u00e9s ez n\u00f6velheti a lefel\u00e9 hat\u00f3 kock\u00e1zatokat.<br \/>\n    A c\u00e9g k\u00f6z\u00f6lte: az \u00e1ltala oszt\u00e1lyzattal nyilv\u00e1ntartott 21 t\u00e9rs\u00e9gi orsz\u00e1g k\u00f6z\u00fcl 18-ban v\u00e1rja a gazdas\u00e1gi n\u00f6veked\u00e9s lassul\u00e1s\u00e1t 2019-ben.<br \/>\n    Magyarorsz\u00e1gon az el\u0151rejelz\u00e9shez f\u0171z\u00f6tt grafikus kimutat\u00e1s szerint a Fitch Ratings az id\u00e9n 4 sz\u00e1zal\u00e9kos, j\u00f6v\u0151re 3,5 sz\u00e1zal\u00e9k k\u00f6r\u00fcli, 2020-ban hozz\u00e1vet\u0151leg 3 sz\u00e1zal\u00e9kos gazdas\u00e1gi n\u00f6veked\u00e9ssel sz\u00e1mol.<br \/>\n    A londoni elemz\u0151i k\u00f6z\u00f6ss\u00e9gben vannak enn\u00e9l der\u0171l\u00e1t\u00f3bb el\u0151rejelz\u00e9sek a magyar gazdas\u00e1g j\u00f6v\u0151 \u00e9vi teljes\u00edtm\u00e9ny\u00e9re.<br \/>\n    A Morgan Stanley glob\u00e1lis p\u00e9nz\u00fcgyi szolg\u00e1ltat\u00f3 csoport londoni befektet\u00e9si r\u00e9szleg\u00e9nek eur\u00f3pai felt\u00f6rekv\u0151 piacokkal foglalkoz\u00f3 elemz\u0151st\u00e1bja a t\u00e9rs\u00e9gre kidolgozott, minap ismertetett \u00e1tfog\u00f3 \u00e9ves el\u0151rejelz\u00e9s\u00e9ben k\u00f6z\u00f6lte: a magyar hazai \u00f6sszterm\u00e9k (GDP) idei n\u00f6veked\u00e9si \u00fctem\u00e9re sz\u00f3l\u00f3 progn\u00f3zis\u00e1t 4,6 sz\u00e1zal\u00e9kra, 2019-re adott n\u00f6veked\u00e9si becsl\u00e9s\u00e9t 3,8 sz\u00e1zal\u00e9kra jav\u00edtotta, mindenekel\u0151tt az er\u0151teljes idei harmadik negyed\u00e9vi teljes\u00edtm\u00e9ny alapj\u00e1n.<br \/>\n    A Morgan Stanley eddigi el\u0151rejelz\u00e9se 2018-ra 4,4 sz\u00e1zal\u00e9kos, j\u00f6v\u0151re 3,7 sz\u00e1zal\u00e9kos n\u00f6veked\u00e9st val\u00f3sz\u00edn\u0171s\u00edtett a magyar gazdas\u00e1gban.<br \/>\n    Ezek is m\u00e1r jav\u00edtott progn\u00f3zisok voltak: a h\u00e1z m\u00e9g eggyel kor\u00e1bbi el\u0151rejelz\u00e9s\u00e9ben 3,9 sz\u00e1zal\u00e9kos, illetve 3,3 sz\u00e1zal\u00e9kos magyarorsz\u00e1gi GDP-n\u00f6veked\u00e9s szerepelt erre a k\u00e9t \u00e9vre.<br \/>\n    A c\u00e9g 2020-ban &#8211; els\u0151 progn\u00f3zisak\u00e9nt arra az \u00e9vre &#8211; 3,2 sz\u00e1zal\u00e9kos n\u00f6veked\u00e9st v\u00e1r a magyar gazdas\u00e1gban.<br \/>\n    Az \u00faj el\u0151rejelz\u00e9sben a Morgan Stanley londoni elemz\u0151i hangs\u00falyozt\u00e1k, hogy a magyar gazdas\u00e1g az \u00e1ltaluk j\u00f6v\u0151re \u00e9s 2020-ra v\u00e1rt, m\u00e9rs\u00e9keltebb n\u00f6veked\u00e9si lend\u00fclettel is &#8222;k\u00e9nyelmesen&#8221; t\u00falteljes\u00edti az eur\u00f3\u00f6vezetben e k\u00e9t \u00e9vre val\u00f3sz\u00edn\u0171s\u00edthet\u0151 n\u00f6veked\u00e9si \u00fctemet.<br \/>\n    Az Eur\u00f3pai \u00dajj\u00e1\u00e9p\u00edt\u00e9si \u00e9s Fejleszt\u00e9si Bank (EBRD) a tev\u00e9kenys\u00e9gi ter\u00fclet\u00e9nek n\u00f6veked\u00e9si kil\u00e1t\u00e1sair\u00f3l minap Londonban ismertetett friss progn\u00f3zis\u00e1ban az idei \u00e9vre 4,3 sz\u00e1zal\u00e9kos, 2019-re 3,3 sz\u00e1zal\u00e9kos n\u00f6veked\u00e9st val\u00f3sz\u00edn\u0171s\u00edtett a magyar gazdas\u00e1gban. A p\u00e9nzint\u00e9zet jelent\u0151sen, 0,5, illetve 0,3 sz\u00e1zal\u00e9kponttal jav\u00edtotta a magyar hazai \u00f6sszterm\u00e9k idei \u00e9s j\u00f6v\u0151 \u00e9vi n\u00f6veked\u00e9si \u00fctem\u00e9re adott becsl\u00e9s\u00e9t az el\u0151z\u0151, m\u00e1jusban kiadott el\u0151rejelz\u00e9s\u00e9hez k\u00e9pest, a folyamatosan er\u0151teljes hazai kereslettel, valamint a beruh\u00e1z\u00e1si \u00e9rt\u00e9k k\u00e9tsz\u00e1mjegy\u0171 sz\u00e1zal\u00e9kos n\u00f6veked\u00e9s\u00e9vel indokolva a korrekci\u00f3t.(MTI)<\/p>\n","protected":false},"excerpt":{"rendered":"<p>A k\u00f6z\u00e9p- \u00e9s kelet-eur\u00f3pai orsz\u00e1gok \u00e1llamad\u00f3s-oszt\u00e1lyzatainak t\u00f6bbs\u00e9g\u00e9re a Fitch Ratings stabil kil\u00e1t\u00e1st tart \u00e9rv\u00e9nyben, \u00e1m a t\u00e9rs\u00e9gen bel\u00fcl h\u00e9t \u00e1llamad\u00f3st a c\u00e9g felmin\u0151s\u00edt\u00e9s lehet\u0151s\u00e9g\u00e9re utal\u00f3 pozit\u00edv besorol\u00e1si kil\u00e1t\u00e1ssal tart nyilv\u00e1n, \u00e9s mivel e pozit\u00edv kil\u00e1t\u00e1sok m\u00e1r tavaly \u00f3ta \u00e9rv\u00e9nyben vannak, ezeknek az orsz\u00e1goknak az ad\u00f3soszt\u00e1lyzatair\u00f3l j\u00f6v\u0151re val\u00f3sz\u00edn\u0171leg d\u00f6nt\u00e9s sz\u00fcletik &#8211; \u00e1ll a hitelmin\u0151s\u00edt\u0151 h\u00e9tf\u0151n Londonban &#8230;<\/p>\n","protected":false},"author":1,"featured_media":108457,"comment_status":"closed","ping_status":"open","sticky":false,"template":"","format":"standard","meta":[],"categories":[146,4,19,246],"tags":[],"_links":{"self":[{"href":"https:\/\/gazdasagportal.hu\/index.php\/wp-json\/wp\/v2\/posts\/111411"}],"collection":[{"href":"https:\/\/gazdasagportal.hu\/index.php\/wp-json\/wp\/v2\/posts"}],"about":[{"href":"https:\/\/gazdasagportal.hu\/index.php\/wp-json\/wp\/v2\/types\/post"}],"author":[{"embeddable":true,"href":"https:\/\/gazdasagportal.hu\/index.php\/wp-json\/wp\/v2\/users\/1"}],"replies":[{"embeddable":true,"href":"https:\/\/gazdasagportal.hu\/index.php\/wp-json\/wp\/v2\/comments?post=111411"}],"version-history":[{"count":1,"href":"https:\/\/gazdasagportal.hu\/index.php\/wp-json\/wp\/v2\/posts\/111411\/revisions"}],"predecessor-version":[{"id":111412,"href":"https:\/\/gazdasagportal.hu\/index.php\/wp-json\/wp\/v2\/posts\/111411\/revisions\/111412"}],"wp:featuredmedia":[{"embeddable":true,"href":"https:\/\/gazdasagportal.hu\/index.php\/wp-json\/wp\/v2\/media\/108457"}],"wp:attachment":[{"href":"https:\/\/gazdasagportal.hu\/index.php\/wp-json\/wp\/v2\/media?parent=111411"}],"wp:term":[{"taxonomy":"category","embeddable":true,"href":"https:\/\/gazdasagportal.hu\/index.php\/wp-json\/wp\/v2\/categories?post=111411"},{"taxonomy":"post_tag","embeddable":true,"href":"https:\/\/gazdasagportal.hu\/index.php\/wp-json\/wp\/v2\/tags?post=111411"}],"curies":[{"name":"wp","href":"https:\/\/api.w.org\/{rel}","templated":true}]}}