{"id":111345,"date":"2018-11-30T14:58:11","date_gmt":"2018-11-30T13:58:11","guid":{"rendered":"http:\/\/gazdasagportal.hu\/?p=111345"},"modified":"2018-11-30T14:58:11","modified_gmt":"2018-11-30T13:58:11","slug":"a-vartnal-jobban-alakult-az-oktoberi-nemet-kiskereskedelmi-forgalom","status":"publish","type":"post","link":"https:\/\/gazdasagportal.hu\/index.php\/a-vartnal-jobban-alakult-az-oktoberi-nemet-kiskereskedelmi-forgalom\/","title":{"rendered":"A v\u00e1rtn\u00e1l jobban alakult az okt\u00f3beri n\u00e9met kiskereskedelmi forgalom"},"content":{"rendered":"<p><strong>Az elemz\u0151k \u00e1ltal v\u00e1rtn\u00e1l j\u00f3val kedvez\u0151bben alakult a n\u00e9met kiskereskedelmi forgalom okt\u00f3berben \u00e9ves \u00f6sszevet\u00e9sben.<\/strong><!--more--><\/p>\n<div class=\"ads-in-post1\"><div id=\"gazdasagportal.hu_fullbanner_wideboard\"><\/div>\r\n<\/div>\n<p>    A n\u00e9met sz\u00f6vets\u00e9gi statisztikai hivatal (Destatis) p\u00e9nteken azt k\u00f6z\u00f6lte el\u0151zetes adatk\u00e9nt, hogy a benzin \u00e9s aut\u00f3\u00e9rt\u00e9kes\u00edt\u00e9s n\u00e9lk\u00fcli kiskereskedelmi forgalom 5 sz\u00e1zal\u00e9kkal b\u0151v\u00fclt re\u00e1l\u00e9rt\u00e9kben tavaly okt\u00f3berhez k\u00e9pest. Elemz\u0151k szer\u00e9nyebb, 2,7 sz\u00e1zal\u00e9kos n\u00f6veked\u00e9sre sz\u00e1m\u00edtottak a szeptemberi 2,8 sz\u00e1zal\u00e9kos cs\u00f6kken\u00e9s ut\u00e1n.<br \/>\n    Havi \u00f6sszevet\u00e9sben a forgalom 0,3 sz\u00e1zal\u00e9kkal cs\u00f6kkent a szeptemberi ugyancsak 0,3 sz\u00e1zal\u00e9kos hanyatl\u00e1s ut\u00e1n. Az elemz\u0151i v\u00e1rakoz\u00e1sok \u00e1tlag\u00e1ban 0,3 sz\u00e1zal\u00e9kos n\u00f6veked\u00e9s szerepelt szeptemberhez k\u00e9pest.<br \/>\n<div class=\"ads-in-post2\"><script async src=\"https:\/\/pagead2.googlesyndication.com\/pagead\/js\/adsbygoogle.js\"><\/script>\r\n<ins class=\"adsbygoogle\"\r\n     style=\"display:block\"\r\n     data-ad-format=\"fluid\"\r\n     data-ad-layout-key=\"-6t+ed+2i-1n-4w\"\r\n     data-ad-client=\"ca-pub-1959107119989764\"\r\n     data-ad-slot=\"4008251320\"><\/ins>\r\n<script>\r\n     (adsbygoogle = window.adsbygoogle || []).push({});\r\n<\/script><\/div>\n    Nomin\u00e1lis \u00e9rt\u00e9ken a kiskereskedelmi forgalom \u00e9ves szinten 7,1 sz\u00e1zal\u00e9kkal n\u0151tt okt\u00f3berben \u00e9s 0,3 sz\u00e1zal\u00e9kkal cs\u00f6kkent szeptemberrel \u00f6sszevetve.<br \/>\n    A Destatis adatai szerint az idei els\u0151 t\u00edz h\u00f3napban a n\u00e9met kiskereskedelmi forgalom re\u00e1l\u00e9rt\u00e9kben 1,4 sz\u00e1zal\u00e9kkal, nomin\u00e1lisan 3,1 sz\u00e1zal\u00e9kkal m\u00falta fel\u00fcl az egy \u00e9vvel kor\u00e1bbit.(MTI)<\/p>\n","protected":false},"excerpt":{"rendered":"<p>Az elemz\u0151k \u00e1ltal v\u00e1rtn\u00e1l j\u00f3val kedvez\u0151bben alakult a n\u00e9met kiskereskedelmi forgalom okt\u00f3berben \u00e9ves \u00f6sszevet\u00e9sben.<\/p>\n","protected":false},"author":1,"featured_media":0,"comment_status":"closed","ping_status":"open","sticky":false,"template":"","format":"standard","meta":[],"categories":[246],"tags":[],"_links":{"self":[{"href":"https:\/\/gazdasagportal.hu\/index.php\/wp-json\/wp\/v2\/posts\/111345"}],"collection":[{"href":"https:\/\/gazdasagportal.hu\/index.php\/wp-json\/wp\/v2\/posts"}],"about":[{"href":"https:\/\/gazdasagportal.hu\/index.php\/wp-json\/wp\/v2\/types\/post"}],"author":[{"embeddable":true,"href":"https:\/\/gazdasagportal.hu\/index.php\/wp-json\/wp\/v2\/users\/1"}],"replies":[{"embeddable":true,"href":"https:\/\/gazdasagportal.hu\/index.php\/wp-json\/wp\/v2\/comments?post=111345"}],"version-history":[{"count":1,"href":"https:\/\/gazdasagportal.hu\/index.php\/wp-json\/wp\/v2\/posts\/111345\/revisions"}],"predecessor-version":[{"id":111346,"href":"https:\/\/gazdasagportal.hu\/index.php\/wp-json\/wp\/v2\/posts\/111345\/revisions\/111346"}],"wp:attachment":[{"href":"https:\/\/gazdasagportal.hu\/index.php\/wp-json\/wp\/v2\/media?parent=111345"}],"wp:term":[{"taxonomy":"category","embeddable":true,"href":"https:\/\/gazdasagportal.hu\/index.php\/wp-json\/wp\/v2\/categories?post=111345"},{"taxonomy":"post_tag","embeddable":true,"href":"https:\/\/gazdasagportal.hu\/index.php\/wp-json\/wp\/v2\/tags?post=111345"}],"curies":[{"name":"wp","href":"https:\/\/api.w.org\/{rel}","templated":true}]}}