{"id":111327,"date":"2018-11-30T10:48:19","date_gmt":"2018-11-30T09:48:19","guid":{"rendered":"http:\/\/gazdasagportal.hu\/?p=111327"},"modified":"2018-11-30T10:48:19","modified_gmt":"2018-11-30T09:48:19","slug":"nagyon-jol-jarhatunk-jovore-ha-ev-vegen-odafigyelunk-a-penzugyeinkre","status":"publish","type":"post","link":"https:\/\/gazdasagportal.hu\/index.php\/nagyon-jol-jarhatunk-jovore-ha-ev-vegen-odafigyelunk-a-penzugyeinkre\/","title":{"rendered":"Nagyon j\u00f3l j\u00e1rhatunk j\u00f6v\u0151re, ha \u00e9v v\u00e9g\u00e9n odafigyel\u00fcnk a p\u00e9nz\u00fcgyeinkre"},"content":{"rendered":"<p style=\"font-weight: 400;\"><strong>Az \u00e9v v\u00e9ge term\u00e9szetesen nem csak az aj\u00e1nd\u00e9kv\u00e1s\u00e1rl\u00e1sr\u00f3l sz\u00f3l, a megtakar\u00edtani v\u00e1gy\u00f3knak n\u00e9h\u00e1ny fontos hat\u00e1rid\u0151t is be kell tartaniuk. December 31-\u00e9n az ad\u00f3\u00e9v is v\u00e9get \u00e9r, addig pedig m\u00e9g van id\u0151 maximaliz\u00e1lni az erre az \u00e9vre vonatkoz\u00f3 szem\u00e9lyi j\u00f6vedelemad\u00f3-visszat\u00e9r\u00edt\u00e9seinket is. \u2013 h\u00edvja fel a figyelmet az<\/strong><a href=\"https:\/\/www.ovb.hu\/\" data-saferedirecturl=\"https:\/\/www.google.com\/url?q=https:\/\/www.ovb.hu\/&amp;source=gmail&amp;ust=1543653619999000&amp;usg=AFQjCNEsrvAomTMf80vrZNgjJb6skbiQ4w\" target=\"_blank\" rel=\"noopener\"><strong>OVB Magyarorsz\u00e1g<\/strong><\/a><strong>. A p\u00e9nz\u00fcgyi tan\u00e1csad\u00f3 c\u00e9g \u00f6sszefoglalta, milyen lehet\u0151s\u00e9geket \u00e9rdemes kihaszn\u00e1lni a p\u00e9nz\u00fcgyeink optimaliz\u00e1l\u00e1sa \u00e9rdek\u00e9ben.<\/strong><\/p>\n<p><!--more--><\/p>\n<div class=\"ads-in-post1\"><div id=\"gazdasagportal.hu_fullbanner_wideboard\"><\/div>\r\n<\/div>\n<p style=\"font-weight: 400;\"><strong>\u00a0<\/strong><\/p>\n<p style=\"font-weight: 400;\">M\u00e1r csak egy h\u00f3nap, \u00e9s bekopogtat az ajt\u00f3nkon a 2019-es esztend\u0151. Az aj\u00e1nd\u00e9kv\u00e1s\u00e1rl\u00e1sok mellett az \u00e9v v\u00e9gi id\u0151szakban a p\u00e9nz\u00fcgyek optimaliz\u00e1l\u00e1s\u00e1ra is oda kell figyeln\u00fcnk, sokan ilyenkor gondolj\u00e1k \u00e1t megl\u00e9v\u0151 \u00e9s leend\u0151 megtakar\u00edt\u00e1saikat vagy igyekeznek kihaszn\u00e1lni, maximaliz\u00e1lni a k\u00fcl\u00f6nb\u00f6z\u0151 ad\u00f3kedvezm\u00e9nyeket. Fontos tudni, hogy az ad\u00f3kedvezm\u00e9nyek kihaszn\u00e1l\u00e1s\u00e1hoz pozit\u00edv SZJA egyenlegre lesz sz\u00fcks\u00e9g\u00fcnk, azaz csak a fizetend\u0151 ad\u00f3nk erej\u00e9ig j\u00e1r a visszat\u00e9r\u00edt\u00e9s.<\/p>\n<p style=\"font-weight: 400;\">\n<p style=\"font-weight: 400;\"><strong>Sokat hozhatnak a p\u00e9nzt\u00e1ri befizet\u00e9sek<\/strong><\/p>\n<p style=\"font-weight: 400;\">\n<p style=\"font-weight: 400;\">Az ad\u00f3j\u00f3v\u00e1\u00edr\u00e1st egyfel\u0151l a p\u00e9nzt\u00e1ri befizet\u00e9sek ut\u00e1n vehetj\u00fck ig\u00e9nybe, amelyek eset\u00e9ben\u00a0<strong>20 sz\u00e1zal\u00e9k j\u00f3v\u00e1\u00edr\u00e1sra vagyunk jogosultak, maximum 150 ezer forintig<\/strong>\u00a0az \u00f6nk\u00e9ntes nyugd\u00edjp\u00e9nzt\u00e1rakn\u00e1l, vagy az \u00f6nseg\u00e9lyez\u0151- \u00e9s eg\u00e9szs\u00e9gp\u00e9nzt\u00e1rakn\u00e1l vezetett sz\u00e1ml\u00e1n. Ezen k\u00edv\u00fcl\u00a0<strong>20 sz\u00e1zal\u00e9k ad\u00f3j\u00f3v\u00e1\u00edr\u00e1s<\/strong>\u00a0illeti a nyugd\u00edjbiztos\u00edt\u00e1ssal \u00e9s NYESZ-R sz\u00e1ml\u00e1val rendelkez\u0151ket is, ennek fels\u0151 hat\u00e1ra a nyugd\u00edjbiztos\u00edt\u00e1sok eset\u00e9n\u00a0<strong>130 ezer forint<\/strong>, a nyugd\u00edj-el\u0151takar\u00e9koss\u00e1gi sz\u00e1ml\u00e1kn\u00e1l pedig\u00a0<strong>a 2020 el\u0151tt nyugd\u00edjba vonul\u00f3knak 130 ezer forint, a 2020. janu\u00e1r elsej\u00e9t\u0151l nyugd\u00edjba vonul\u00f3knak pedig 100 ezer forint<\/strong>\u00a0<strong>lehet.\u00a0<\/strong>Ha valaki t\u00f6bb megold\u00e1ssal is rendelkezik, j\u00f6v\u0151re ak\u00e1r 280 ezer forinttal is n\u00f6velheti megtakar\u00edt\u00e1sait az \u00e9v v\u00e9gi befizet\u00e9sekkel \u2013 emelte ki k\u00f6zlem\u00e9ny\u00e9ben az\u00a0<a href=\"https:\/\/www.ovb.hu\/\" data-saferedirecturl=\"https:\/\/www.google.com\/url?q=https:\/\/www.ovb.hu\/&amp;source=gmail&amp;ust=1543653619999000&amp;usg=AFQjCNEsrvAomTMf80vrZNgjJb6skbiQ4w\" target=\"_blank\" rel=\"noopener\">OVB Magyarorsz\u00e1g<\/a>.<\/p>\n<p style=\"font-weight: 400;\"><strong>Sp\u00f3rolhatunk a biztos\u00edt\u00e1si d\u00edjakon<\/strong><\/p>\n<p style=\"font-weight: 400;\">Amennyiben kock\u00e1zati \u00e9letbiztos\u00edt\u00e1ssal szeretn\u00e9nk csal\u00e1dunk anyagi biztons\u00e1g\u00e1t meg\u00f3vni arra az esetre, ha vel\u00fcnk t\u00f6rt\u00e9nne valami, figyeln\u00fcnk kell arra, hogy a d\u00edjak janu\u00e1rt\u00f3l jelent\u0151sen dr\u00e1gulhatnak. Az ilyen jelleg\u0171 biztos\u00edt\u00e1sokn\u00e1l ugyanis az \u00e9letkorral egy\u00fctt n\u0151 az \u00e1r, \u00e9s a legt\u00f6bb d\u00edjszab\u00e1sn\u00e1l nem a sz\u00fclet\u00e9snapunkat, hanem a napt\u00e1ri \u00e9vfordul\u00f3t veszik alapul a biztos\u00edt\u00f3k. Ennek megfelel\u0151en az \u00faj \u00e9v els\u0151 napj\u00e1n egy \u00e9vvel id\u0151sebbnek sz\u00e1m\u00edtunk m\u00e1r, mint az \u00f3\u00e9v utols\u00f3 napj\u00e1n.<\/p>\n<p style=\"font-weight: 400;\">R\u00e1ad\u00e1sul a janu\u00e1rt\u00f3l fizetend\u0151 magasabb d\u00edj nem csup\u00e1n azt jelenti, hogy az els\u0151 biztos\u00edt\u00e1si \u00e9vben kell t\u00f6bbet fizetn\u00fcnk, hanem sok esetben a szerz\u0151d\u00e9s teljes fenn\u00e1ll\u00e1sa alatt magasabb lesz a d\u00edjunk.<strong>\u00a0Egy 40 \u00e9ves csal\u00e1dfenntart\u00f3 v\u00e1ltozatlan eg\u00e9szs\u00e9g\u00fcgyi \u00e1llapot mellett ak\u00e1r 10 sz\u00e1zal\u00e9kkal magasabb d\u00edjra sz\u00e1m\u00edthat, ha janu\u00e1rig v\u00e1r a biztos\u00edt\u00e1s megk\u00f6t\u00e9s\u00e9vel.<\/strong><\/p>\n<p style=\"font-weight: 400;\"><strong>\u00d3vakodjunk a felel\u0151tlen k\u00f6ltekez\u00e9st\u0151l<\/strong><\/p>\n<p style=\"font-weight: 400;\">\n<div class=\"ads-in-post2\"><script async src=\"https:\/\/pagead2.googlesyndication.com\/pagead\/js\/adsbygoogle.js\"><\/script>\r\n<ins class=\"adsbygoogle\"\r\n     style=\"display:block\"\r\n     data-ad-format=\"fluid\"\r\n     data-ad-layout-key=\"-6t+ed+2i-1n-4w\"\r\n     data-ad-client=\"ca-pub-1959107119989764\"\r\n     data-ad-slot=\"4008251320\"><\/ins>\r\n<script>\r\n     (adsbygoogle = window.adsbygoogle || []).push({});\r\n<\/script><\/div>\n<p style=\"font-weight: 400;\">A kar\u00e1csonyi id\u0151szak sajnos sokak sz\u00e1m\u00e1ra fokozott p\u00e9nz\u00fcgyi teherrel is j\u00e1r. A h\u00e1ztart\u00e1sok \u00e9v v\u00e9gi kiad\u00e1sai meghaladhatj\u00e1k a 100 ezer forintot, amit sokszor valamilyen hitelkonstrukci\u00f3val fedeznek a csal\u00e1dok.\u00a0<strong>Az\u00a0<\/strong><a href=\"https:\/\/www.ovb.hu\/\" data-saferedirecturl=\"https:\/\/www.google.com\/url?q=https:\/\/www.ovb.hu\/&amp;source=gmail&amp;ust=1543653619999000&amp;usg=AFQjCNEsrvAomTMf80vrZNgjJb6skbiQ4w\" target=\"_blank\" rel=\"noopener\"><strong>OVB Magyarorsz\u00e1g<\/strong><\/a><strong>\u00a0v\u00e9lem\u00e9nye szerint, ha lehet, ink\u00e1bb \u00e9v k\u00f6zben sp\u00f3roljunk, nehogy s\u00falyos elad\u00f3sod\u00e1ssal kezd\u0151dj\u00f6n az \u00faj esztend\u0151.<\/strong>\u00a0Sokaknak\u00a0\u00e9ppen a kar\u00e1csonyi \u00fcnnepek jelentik a p\u00e9nz\u00fcgyi gondok kezdet\u00e9t: a felvett hitel r\u00f6vid t\u00e1von a gondtalans\u00e1g \u00e9rzet\u00e9t adhatja, de sajnos az \u00faj \u00e9v m\u00e1ris ad\u00f3ss\u00e1ggal kezd\u0151dik, aminek terheit hossz\u00fa h\u00f3napokig vagy ak\u00e1r \u00e9vekig ny\u00f6gheti a csal\u00e1d. A nulla sz\u00e1zal\u00e9kos THM-mel meghirdetett \u00e1ruhitelekn\u00e9l, amennyiben megfelel\u00fcnk a szerz\u0151d\u00e9sben foglalt felt\u00e9teleknek, nem kell egy\u00e9b k\u00f6lts\u00e9gekkel sz\u00e1molnunk. Azonban k\u00f6r\u00fcltekint\u0151nek kell lenn\u00fcnk, hiszen el\u0151fordulhat, hogy ez a d\u00edjmentess\u00e9g csak bizonyos futamid\u0151 v\u00e1llal\u00e1sa eset\u00e9n \u00e9rv\u00e9nyes. Ha ett\u0151l elt\u00e9r a futamid\u0151, akkor m\u00e1r a jogszab\u00e1lyi plafonhoz k\u00f6zel\u00edthetnek a THM-\u00e9rt\u00e9kek. Tart\u00f3s fogyaszt\u00e1si cikkek v\u00e1s\u00e1rl\u00e1sa eset\u00e9n ez p\u00e9ld\u00e1ul a jegybanki alapkamat 39 sz\u00e1zal\u00e9kponttal n\u00f6velt m\u00e9rt\u00e9ke is lehet.<\/p>\n<p style=\"font-weight: 400;\"><strong>\u00a0<\/strong><\/p>\n<p style=\"font-weight: 400;\"><strong>A hitelk\u00e1rtya sem olcs\u00f3 megold\u00e1s<\/strong><\/p>\n<p style=\"font-weight: 400;\">\n<p style=\"font-weight: 400;\">A hitelk\u00e1rty\u00e1kkal ugyan\u00fagy fizet\u00fcnk a megv\u00e1s\u00e1rolni k\u00edv\u00e1nt \u00e1ru\u00e9rt, mint a \u201ehagyom\u00e1nyos bankk\u00e1rty\u00e1nkkal\u201d, viszont ebben az esetben nem a saj\u00e1t p\u00e9nz\u00fcnket k\u00f6ltj\u00fck, \u00e9s ezt a \u201ek\u00f6lcs\u00f6nt\u201d meghat\u00e1rozott id\u0151n bel\u00fcl vissza is kell fizetn\u00fcnk. Figyelj\u00fcnk r\u00e1, hogy a hitelbe felvett vagy lev\u00e1s\u00e1rolt \u00f6sszeget m\u00e9g a szerz\u0151d\u00e9sben r\u00f6gz\u00edtett kamatmentes peri\u00f3duson bel\u00fcl t\u00e9r\u00edts\u00fck meg a hitelez\u0151 int\u00e9zm\u00e9nynek, ellenkez\u0151 esetben m\u00e1r kamattal is kell sz\u00e1molnunk. Azt is fontos tudni, hogy \u201ek\u00f6lt\u00e9si\u201d \u00e9s t\u00fcrelmi id\u0151szak nem az els\u0151 k\u00e1rty\u00e1s v\u00e1s\u00e1rl\u00e1ssal indul, hanem mindig k\u00f6t\u00f6tt az adott h\u00f3napban. \u00cdgy, ha valaki a \u201ek\u00f6lt\u00e9si\u201d id\u0151szak utols\u00f3 napjaiban v\u00e1s\u00e1rol k\u00e1rty\u00e1j\u00e1val, csak egy-k\u00e9t hete marad a t\u00f6rleszt\u00e9sre.<\/p>\n","protected":false},"excerpt":{"rendered":"<p>Az \u00e9v v\u00e9ge term\u00e9szetesen nem csak az aj\u00e1nd\u00e9kv\u00e1s\u00e1rl\u00e1sr\u00f3l sz\u00f3l, a megtakar\u00edtani v\u00e1gy\u00f3knak n\u00e9h\u00e1ny fontos hat\u00e1rid\u0151t is be kell tartaniuk. December 31-\u00e9n az ad\u00f3\u00e9v is v\u00e9get \u00e9r, addig pedig m\u00e9g van id\u0151 maximaliz\u00e1lni az erre az \u00e9vre vonatkoz\u00f3 szem\u00e9lyi j\u00f6vedelemad\u00f3-visszat\u00e9r\u00edt\u00e9seinket is. \u2013 h\u00edvja fel a figyelmet azOVB Magyarorsz\u00e1g. A p\u00e9nz\u00fcgyi tan\u00e1csad\u00f3 c\u00e9g \u00f6sszefoglalta, milyen lehet\u0151s\u00e9geket \u00e9rdemes &#8230;<\/p>\n","protected":false},"author":1,"featured_media":111328,"comment_status":"closed","ping_status":"open","sticky":false,"template":"","format":"standard","meta":[],"categories":[146,4,19],"tags":[],"_links":{"self":[{"href":"https:\/\/gazdasagportal.hu\/index.php\/wp-json\/wp\/v2\/posts\/111327"}],"collection":[{"href":"https:\/\/gazdasagportal.hu\/index.php\/wp-json\/wp\/v2\/posts"}],"about":[{"href":"https:\/\/gazdasagportal.hu\/index.php\/wp-json\/wp\/v2\/types\/post"}],"author":[{"embeddable":true,"href":"https:\/\/gazdasagportal.hu\/index.php\/wp-json\/wp\/v2\/users\/1"}],"replies":[{"embeddable":true,"href":"https:\/\/gazdasagportal.hu\/index.php\/wp-json\/wp\/v2\/comments?post=111327"}],"version-history":[{"count":1,"href":"https:\/\/gazdasagportal.hu\/index.php\/wp-json\/wp\/v2\/posts\/111327\/revisions"}],"predecessor-version":[{"id":111329,"href":"https:\/\/gazdasagportal.hu\/index.php\/wp-json\/wp\/v2\/posts\/111327\/revisions\/111329"}],"wp:featuredmedia":[{"embeddable":true,"href":"https:\/\/gazdasagportal.hu\/index.php\/wp-json\/wp\/v2\/media\/111328"}],"wp:attachment":[{"href":"https:\/\/gazdasagportal.hu\/index.php\/wp-json\/wp\/v2\/media?parent=111327"}],"wp:term":[{"taxonomy":"category","embeddable":true,"href":"https:\/\/gazdasagportal.hu\/index.php\/wp-json\/wp\/v2\/categories?post=111327"},{"taxonomy":"post_tag","embeddable":true,"href":"https:\/\/gazdasagportal.hu\/index.php\/wp-json\/wp\/v2\/tags?post=111327"}],"curies":[{"name":"wp","href":"https:\/\/api.w.org\/{rel}","templated":true}]}}