{"id":111295,"date":"2018-11-29T16:25:55","date_gmt":"2018-11-29T15:25:55","guid":{"rendered":"http:\/\/gazdasagportal.hu\/?p=111295"},"modified":"2018-11-29T15:26:56","modified_gmt":"2018-11-29T14:26:56","slug":"a-vartnal-kisebb-lett-a-novemberi-nemet-inflacio","status":"publish","type":"post","link":"https:\/\/gazdasagportal.hu\/index.php\/a-vartnal-kisebb-lett-a-novemberi-nemet-inflacio\/","title":{"rendered":"A v\u00e1rtn\u00e1l kisebb lett a novemberi n\u00e9met infl\u00e1ci\u00f3"},"content":{"rendered":"<p><strong>Novemberben a v\u00e1rtn\u00e1l kisebb m\u00e9rt\u00e9kben emelkedtek a fogyaszt\u00f3i \u00e1rak N\u00e9metorsz\u00e1gban mind \u00e9ves, mind havi \u00f6sszevet\u00e9sben a n\u00e9met sz\u00f6vets\u00e9gi statisztikai hivatal, a Destatis cs\u00fct\u00f6rt\u00f6k\u00f6n k\u00f6zz\u00e9tett jelent\u00e9se alapj\u00e1n.<\/strong><!--more--><\/p>\n<div class=\"ads-in-post1\"><div id=\"gazdasagportal.hu_fullbanner_wideboard\"><\/div>\r\n<\/div>\n<p>Novemberben a Destatis el\u0151zetes adatai szerint 2,3 sz\u00e1zal\u00e9kkal emelkedtek a fogyaszt\u00f3i \u00e1rak a 2017 novemberihez k\u00e9pest \u00e9s 0,1 sz\u00e1zal\u00e9kkal a 2018 okt\u00f3berihez k\u00e9pest. Okt\u00f3berben 2,5 sz\u00e1zal\u00e9k volt a fogyaszt\u00f3i \u00e1rak \u00e9ves \u00e9s 0,2 sz\u00e1zal\u00e9k a havi emelked\u00e9s\u00e9nek a m\u00e9rt\u00e9ke. Elemz\u0151k a t\u00e9nylegesn\u00e9l magasabb, 2,4 sz\u00e1zal\u00e9kos \u00e9ves \u00e9s 0,2 sz\u00e1zal\u00e9kos havi \u00e1remelked\u00e9st v\u00e1rtak novemberre.<br \/>\n<div class=\"ads-in-post2\"><script async src=\"https:\/\/pagead2.googlesyndication.com\/pagead\/js\/adsbygoogle.js\"><\/script>\r\n<ins class=\"adsbygoogle\"\r\n     style=\"display:block\"\r\n     data-ad-format=\"fluid\"\r\n     data-ad-layout-key=\"-6t+ed+2i-1n-4w\"\r\n     data-ad-client=\"ca-pub-1959107119989764\"\r\n     data-ad-slot=\"4008251320\"><\/ins>\r\n<script>\r\n     (adsbygoogle = window.adsbygoogle || []).push({});\r\n<\/script><\/div>\nAz infl\u00e1ci\u00f3t els\u0151sorban az energia\u00e1rak emelked\u00e9se gerjesztette novemberben N\u00e9metorsz\u00e1gban: az energia\u00e1rak 9,3 sz\u00e1zal\u00e9kkal emelkedtek \u00e9ves b\u00e1zison az okt\u00f3beri 8,9 sz\u00e1zal\u00e9k ut\u00e1n. Az \u00e9lelmiszer-\u00e1rak ezzel szemben novemberben 1,4 sz\u00e1zal\u00e9kkal az okt\u00f3beri 1,9 sz\u00e1zal\u00e9k ut\u00e1n, a szolg\u00e1ltat\u00e1sok \u00e1ra pedig 1,5 sz\u00e1zal\u00e9kkal az el\u0151z\u0151 havi 1,8 sz\u00e1zal\u00e9k ut\u00e1n.<br \/>\nAz Eur\u00f3pai Uni\u00f3ban \u00f6sszehasonl\u00edt\u00e1si c\u00e9llal egys\u00e9ges m\u00f3dszer szerint kalkul\u00e1lt (HICP) infl\u00e1ci\u00f3 2,2 sz\u00e1zal\u00e9k volt novemberben N\u00e9metorsz\u00e1gban, a havi \u00e1remelked\u00e9s pedig 0,1 sz\u00e1zal\u00e9k. Az el\u0151z\u0151 h\u00f3napban, okt\u00f3berben az \u00e9ves HICP 2,4 sz\u00e1zal\u00e9k, a havi 0,1 sz\u00e1zal\u00e9k volt. Elemz\u0151k a t\u00e9nylegesn\u00e9l magasabb, 2,3 sz\u00e1zal\u00e9kos \u00e9ves \u00e9s 0,2 sz\u00e1zal\u00e9kos havi HICP \u00e1remelked\u00e9st v\u00e1rtak novemberre.<br \/>\n<a title=\"Hely megnyit\u00e1sa\" href=\"https:\/\/www.destatis.de\/DE\/PresseService\/Presse\/Pressemitteilungen\/2018\/11\/PD18_466_611.html\" target=\"_blank\" rel=\"noopener noreferrer\">https:\/\/www.destatis.de\/DE\/PresseService\/Presse\/Pressemitteilungen\/2018\/11\/PD18_466_611.html<\/a><\/p>\n<p>&nbsp;<br \/>\n(MTI)<\/p><div id=\"gazda-2382605004\" class=\"gazda-tartalomban gazda-entity-placement\"><script async src=\"https:\/\/pagead2.googlesyndication.com\/pagead\/js\/adsbygoogle.js\"><\/script>\r\n<ins class=\"adsbygoogle\"\r\n     style=\"display:block\"\r\n     data-ad-format=\"fluid\"\r\n     data-ad-layout-key=\"-6t+ed+2i-1n-4w\"\r\n     data-ad-client=\"ca-pub-1959107119989764\"\r\n     data-ad-slot=\"4008251320\"><\/ins>\r\n<script>\r\n     (adsbygoogle = window.adsbygoogle || []).push({});\r\n<\/script><\/div>\n","protected":false},"excerpt":{"rendered":"<p>Novemberben a v\u00e1rtn\u00e1l kisebb m\u00e9rt\u00e9kben emelkedtek a fogyaszt\u00f3i \u00e1rak N\u00e9metorsz\u00e1gban mind \u00e9ves, mind havi \u00f6sszevet\u00e9sben a n\u00e9met sz\u00f6vets\u00e9gi statisztikai hivatal, a Destatis cs\u00fct\u00f6rt\u00f6k\u00f6n k\u00f6zz\u00e9tett jelent\u00e9se alapj\u00e1n.<\/p>\n","protected":false},"author":1,"featured_media":0,"comment_status":"closed","ping_status":"open","sticky":false,"template":"","format":"standard","meta":[],"categories":[12,5],"tags":[],"_links":{"self":[{"href":"https:\/\/gazdasagportal.hu\/index.php\/wp-json\/wp\/v2\/posts\/111295"}],"collection":[{"href":"https:\/\/gazdasagportal.hu\/index.php\/wp-json\/wp\/v2\/posts"}],"about":[{"href":"https:\/\/gazdasagportal.hu\/index.php\/wp-json\/wp\/v2\/types\/post"}],"author":[{"embeddable":true,"href":"https:\/\/gazdasagportal.hu\/index.php\/wp-json\/wp\/v2\/users\/1"}],"replies":[{"embeddable":true,"href":"https:\/\/gazdasagportal.hu\/index.php\/wp-json\/wp\/v2\/comments?post=111295"}],"version-history":[{"count":1,"href":"https:\/\/gazdasagportal.hu\/index.php\/wp-json\/wp\/v2\/posts\/111295\/revisions"}],"predecessor-version":[{"id":111296,"href":"https:\/\/gazdasagportal.hu\/index.php\/wp-json\/wp\/v2\/posts\/111295\/revisions\/111296"}],"wp:attachment":[{"href":"https:\/\/gazdasagportal.hu\/index.php\/wp-json\/wp\/v2\/media?parent=111295"}],"wp:term":[{"taxonomy":"category","embeddable":true,"href":"https:\/\/gazdasagportal.hu\/index.php\/wp-json\/wp\/v2\/categories?post=111295"},{"taxonomy":"post_tag","embeddable":true,"href":"https:\/\/gazdasagportal.hu\/index.php\/wp-json\/wp\/v2\/tags?post=111295"}],"curies":[{"name":"wp","href":"https:\/\/api.w.org\/{rel}","templated":true}]}}