{"id":111218,"date":"2018-11-27T16:33:41","date_gmt":"2018-11-27T15:33:41","guid":{"rendered":"http:\/\/gazdasagportal.hu\/?p=111218"},"modified":"2018-11-27T16:33:41","modified_gmt":"2018-11-27T15:33:41","slug":"nagy-valtozasok-jonnek-az-unios-forrasok-felhasznalasanal","status":"publish","type":"post","link":"https:\/\/gazdasagportal.hu\/index.php\/nagy-valtozasok-jonnek-az-unios-forrasok-felhasznalasanal\/","title":{"rendered":"Nagy v\u00e1ltoz\u00e1sok j\u00f6nnek az uni\u00f3s forr\u00e1sok felhaszn\u00e1l\u00e1s\u00e1n\u00e1l"},"content":{"rendered":"<p><strong><\/p>\n<p style=\"font-weight: 400;\">Komoly kih\u00edv\u00e1st fog jelenteni a tag\u00e1llamok sz\u00e1m\u00e1ra, ha a jelenlegi elk\u00e9pzel\u00e9sek szerint val\u00f3sul meg a 2021-2027-es eur\u00f3pai uni\u00f3s k\u00f6lts\u00e9gvet\u00e9si ciklusban a forr\u00e1sok felhaszn\u00e1l\u00e1s\u00e1nak \u00e9rt\u00e9kel\u00e9se, ugyanis el\u0151fordulhat, hogy k\u00e9tszer kell majd megtervezni, mire is sz\u00e1nj\u00e1k ezeket az \u00f6sszegeket. Az \u00faj rendszerben megn\u0151het az \u00e1tfog\u00f3 \u00e9rt\u00e9kel\u00e9seket k\u00e9sz\u00edt\u0151 tan\u00e1csad\u00f3k szerepe.<\/p>\n<p><\/strong><!--more--><\/p>\n<div class=\"ads-in-post1\"><div id=\"gazdasagportal.hu_fullbanner_wideboard\"><\/div>\r\n<\/div>\n<p style=\"font-weight: 400;\">\n<p style=\"font-weight: 400;\">M\u00e1jusban mutatta be az Eur\u00f3pai Bizotts\u00e1g (EB) a 2021-2027-es k\u00f6lts\u00e9gvet\u00e9si ciklusra vonatkoz\u00f3 szab\u00e1lyoz\u00e1si elk\u00e9pzel\u00e9seit, amelyek komoly v\u00e1ltoz\u00e1sokat hozhatnak az uni\u00f3s fejleszt\u00e9spolitika eredm\u00e9nyess\u00e9g\u00e9nek \u00e9rt\u00e9kel\u00e9s\u00e9ben. Az operat\u00edv programok eset\u00e9ben kor\u00e1bban az volt a gyakorlat, hogy az Eur\u00f3pai Bizotts\u00e1g fel\u00e9 t\u00f6rt\u00e9n\u0151 beny\u00fajt\u00e1suk el\u0151tt f\u00fcggetlen, k\u00fcls\u0151 szak\u00e9rt\u0151vel felm\u00e9r\u00e9st, \u00fan. ex ante \u00e9rt\u00e9kel\u00e9st k\u00e9sz\u00edtettek r\u00f3luk a tag\u00e1llamok, hogy val\u00f3ban j\u00f3 min\u0151s\u00e9g\u0171 programok j\u00f6jjenek l\u00e9tre. Ezt k\u00f6vet\u0151en a folyamatban l\u00e9v\u0151 \u00e9s lez\u00e1rt programokat szint\u00e9n \u00e9rt\u00e9kelni kellett, \u00edgy lehetett k\u00f6vetkeztet\u00e9seket levonni azok m\u0171k\u00f6d\u00e9s\u00e9r\u0151l, hat\u00e9konys\u00e1g\u00e1r\u00f3l, hogy a tapasztalatokra \u00e9p\u00edtve fejlessz\u00e9k azokat.<\/p>\n<p style=\"font-weight: 400;\">\n<p style=\"font-weight: 400;\">A mostani javaslat szerint az el\u0151zetes f\u00fcggetlen szak\u00e9rt\u0151i vizsg\u00e1latot elt\u00f6r\u00f6ln\u00e9k, viszont \u00f6t \u00e9v ut\u00e1n k\u00f6telez\u0151en kellene k\u00e9sz\u00edteni egy \u00fagynevezett \u201emid-term\u201d (azaz id\u0151k\u00f6zi) besz\u00e1mol\u00f3t az \u00f6sszes fut\u00f3 programr\u00f3l. Ezen besz\u00e1mol\u00f3 alapj\u00e1n pedig \u00fajra egyeztetni\u00fck kellene a tag\u00e1llamoknak az EB-vel, hogy a fennmarad\u00f3 k\u00e9t \u00e9vben hogyan alakuljon az egyes programok sorsa, milyen ter\u00fcletekre k\u00f6ltsenek t\u00f6bbet, esetleg megsz\u00fcntessenek-e bizonyos kezdem\u00e9nyez\u00e9seket.<\/p>\n<div class=\"ads-in-post2\"><script async src=\"https:\/\/pagead2.googlesyndication.com\/pagead\/js\/adsbygoogle.js\"><\/script>\r\n<ins class=\"adsbygoogle\"\r\n     style=\"display:block\"\r\n     data-ad-format=\"fluid\"\r\n     data-ad-layout-key=\"-6t+ed+2i-1n-4w\"\r\n     data-ad-client=\"ca-pub-1959107119989764\"\r\n     data-ad-slot=\"4008251320\"><\/ins>\r\n<script>\r\n     (adsbygoogle = window.adsbygoogle || []).push({});\r\n<\/script><\/div>\n<p style=\"font-weight: 400;\">\n<p style=\"font-weight: 400;\">A fejleszt\u00e9spolitika eredm\u00e9nyess\u00e9g\u00e9nek m\u00e9r\u00e9s\u00e9re vonatkoz\u00f3 \u00faj elk\u00e9pzel\u00e9s az eddigi visszajelz\u00e9sek alapj\u00e1n nem aratott osztatlan sikert a tag\u00e1llamok k\u00f6r\u00e9ben. A kritikusok t\u00f6bbek k\u00f6z\u00f6tt azt vetett\u00e9k fel, hogy az eur\u00f3pai uni\u00f3s k\u00f6lts\u00e9gvet\u00e9sb\u0151l rendelkez\u00e9sre \u00e1ll\u00f3 forr\u00e1sok felhaszn\u00e1l\u00e1sa jellemz\u0151en a k\u00f6lts\u00e9gvet\u00e9si ciklus v\u00e9ge fel\u00e9 fut fel, \u00edgy nem szerencs\u00e9s \u00f6t \u00e9v ut\u00e1n egy v\u00e1laszt\u00f3vonal beiktat\u00e1sa.<\/p>\n<p style=\"font-weight: 400;\">\n<p style=\"font-weight: 400;\">Hasonl\u00f3 megold\u00e1s bevezet\u00e9s\u00e9re m\u00e1r volt k\u00eds\u00e9rlet a 2000-2006-os k\u00f6lts\u00e9gvet\u00e9si ciklusban, azonban a m\u00f3dszertani, illetve kapacit\u00e1sbeli hi\u00e1nyoss\u00e1gok hatalmas cs\u00fasz\u00e1st eredm\u00e9nyeztek az \u00e9rt\u00e9kel\u00e9sekben. A mostani elk\u00e9pzel\u00e9s elfogad\u00e1sa eset\u00e9n a tag\u00e1llamok is komoly feladatokkal szembes\u00fcln\u00e9nek, azonban a legnagyobb teher az Eur\u00f3pai Bizotts\u00e1gon lenne, amelynek fel kellene dolgoznia a besz\u00e1mol\u00f3kat.<\/p>\n<p style=\"font-weight: 400;\">\n<p style=\"font-weight: 400;\">\u201eAz eur\u00f3pai uni\u00f3s forr\u00e1sok felhaszn\u00e1l\u00e1s\u00e1nak eredm\u00e9nyess\u00e9ge nemcsak azon m\u00falik, hogy mennyi p\u00e9nzt tud elk\u00f6lteni egy-egy orsz\u00e1g, hanem azon is, hogy mennyire vannak pozit\u00edv hat\u00e1ssal a gazdas\u00e1gra \u00e9s a t\u00e1rsadalomra az ebb\u0151l az \u00f6sszegb\u0151l megval\u00f3sult programok. Ennek meg\u00e1llap\u00edt\u00e1s\u00e1hoz pedig nem csak az uni\u00f3s fejleszt\u00e9spolitikai rendszerekben rendelkez\u00e9sre \u00e1ll\u00f3 inform\u00e1ci\u00f3kra van sz\u00fcks\u00e9g, hanem k\u00fcl\u00f6n felm\u00e9r\u00e9sekre, kutat\u00e1sokra\u201d \u2013 mutatott r\u00e1 Kenyeres Kinga, a Deloitte Magyarorsz\u00e1g korm\u00e1nyzati tan\u00e1csad\u00e1si ter\u00fclet igazgat\u00f3ja. \u201eAmennyiben bevezetik a \u201emid-term\u201d besz\u00e1mol\u00f3k rendszer\u00e9t, ma m\u00e1r rendelkez\u00e9sre \u00e1ll az a m\u00f3dszertani tud\u00e1s, illetve tan\u00e1csad\u00f3i kapacit\u00e1s, amivel Magyarorsz\u00e1gon val\u00f3sz\u00edn\u0171leg megoldhat\u00f3 lehet ez a feladat\u201d \u2013 f\u0171zte hozz\u00e1 Kenyeres Kinga.<\/p>\n<p style=\"font-weight: 400;\">\n<p><strong>A Deloitte-r\u00f3l<\/strong><\/p>\n<p>A Deloitte sz\u00e1mos ipar\u00e1gban ny\u00fajt k\u00f6nyvvizsg\u00e1lati, valamint ad\u00f3- \u00e9s egy\u00e9b tan\u00e1csad\u00e1si, tov\u00e1bb\u00e1 jogi szolg\u00e1ltat\u00e1sokat (\u00fcgyfeleinknek egy\u00fcttm\u0171k\u00f6d\u0151 \u00fcgyv\u00e9di irod\u00e1nk, a Deloitte Legal Erd\u0151s \u00e9s T\u00e1rsai \u00dcgyv\u00e9di Iroda ny\u00fajtja a jogi tan\u00e1csad\u00e1si szolg\u00e1ltat\u00e1sokat) \u00e1llami \u00e9s mag\u00e1nc\u00e9gek r\u00e9sz\u00e9re egyar\u00e1nt. T\u00f6bb mint 150 orsz\u00e1gban jelen l\u00e9v\u0151 h\u00e1l\u00f3zat\u00e1n kereszt\u00fcl a Deloitte vil\u00e1gsz\u00ednvonal\u00fa szak\u00e9rtelm\u00e9vel \u00e9s min\u0151s\u00e9gi szolg\u00e1ltat\u00e1saival seg\u00edti \u00fcgyfeleit abban, hogy megfeleljenek az el\u0151tt\u00fck \u00e1ll\u00f3 \u00fczleti kih\u00edv\u00e1soknak. A Deloitte mintegy 225 000 szak\u00e9rt\u0151je egyt\u0151l egyig arra t\u00f6rekszik, hogy a kiv\u00e1l\u00f3s\u00e1g m\u00e9rc\u00e9j\u00e9v\u00e9 v\u00e1ljon.<\/p>\n<p>A Deloitte n\u00e9v az Egyes\u00fclt Kir\u00e1lys\u00e1gban \u201ccompany limited by guarantee\u201d form\u00e1ban alap\u00edtott Deloitte Touche Tohmatsu Limited t\u00e1rsas\u00e1gra \u00e9s tagv\u00e1llalatainak h\u00e1l\u00f3zat\u00e1ra utal, melyek mindegyike \u00f6n\u00e1ll\u00f3, egym\u00e1st\u00f3l elk\u00fcl\u00f6n\u00fcl\u0151 jogi szem\u00e9ly. A Deloitte Touche Tohmatsu Limited \u00e9s tagv\u00e1llalatai jogi strukt\u00far\u00e1j\u00e1nak r\u00e9szletes bemutat\u00e1s\u00e1t a k\u00f6vetkez\u0151 link alatt tal\u00e1lja:\u00a0<a href=\"http:\/\/www.deloitte.com\/hu\/magunkrol\" data-saferedirecturl=\"https:\/\/www.google.com\/url?q=http:\/\/www.deloitte.com\/hu\/magunkrol&amp;source=gmail&amp;ust=1543399992001000&amp;usg=AFQjCNEdJbhW58tcgR7uFZuz7eG_JRFfEw\" target=\"_blank\" rel=\"noopener\">www.deloitte.com\/hu\/magunkrol<\/a>.<\/p>\n","protected":false},"excerpt":{"rendered":"<p>Komoly kih\u00edv\u00e1st fog jelenteni a tag\u00e1llamok sz\u00e1m\u00e1ra, ha a jelenlegi elk\u00e9pzel\u00e9sek szerint val\u00f3sul meg a 2021-2027-es eur\u00f3pai uni\u00f3s k\u00f6lts\u00e9gvet\u00e9si ciklusban a forr\u00e1sok felhaszn\u00e1l\u00e1s\u00e1nak \u00e9rt\u00e9kel\u00e9se, ugyanis el\u0151fordulhat, hogy k\u00e9tszer kell majd megtervezni, mire is sz\u00e1nj\u00e1k ezeket az \u00f6sszegeket. Az \u00faj rendszerben megn\u0151het az \u00e1tfog\u00f3 \u00e9rt\u00e9kel\u00e9seket k\u00e9sz\u00edt\u0151 tan\u00e1csad\u00f3k szerepe.<\/p>\n","protected":false},"author":1,"featured_media":0,"comment_status":"closed","ping_status":"open","sticky":false,"template":"","format":"standard","meta":[],"categories":[4,19],"tags":[],"_links":{"self":[{"href":"https:\/\/gazdasagportal.hu\/index.php\/wp-json\/wp\/v2\/posts\/111218"}],"collection":[{"href":"https:\/\/gazdasagportal.hu\/index.php\/wp-json\/wp\/v2\/posts"}],"about":[{"href":"https:\/\/gazdasagportal.hu\/index.php\/wp-json\/wp\/v2\/types\/post"}],"author":[{"embeddable":true,"href":"https:\/\/gazdasagportal.hu\/index.php\/wp-json\/wp\/v2\/users\/1"}],"replies":[{"embeddable":true,"href":"https:\/\/gazdasagportal.hu\/index.php\/wp-json\/wp\/v2\/comments?post=111218"}],"version-history":[{"count":1,"href":"https:\/\/gazdasagportal.hu\/index.php\/wp-json\/wp\/v2\/posts\/111218\/revisions"}],"predecessor-version":[{"id":111219,"href":"https:\/\/gazdasagportal.hu\/index.php\/wp-json\/wp\/v2\/posts\/111218\/revisions\/111219"}],"wp:attachment":[{"href":"https:\/\/gazdasagportal.hu\/index.php\/wp-json\/wp\/v2\/media?parent=111218"}],"wp:term":[{"taxonomy":"category","embeddable":true,"href":"https:\/\/gazdasagportal.hu\/index.php\/wp-json\/wp\/v2\/categories?post=111218"},{"taxonomy":"post_tag","embeddable":true,"href":"https:\/\/gazdasagportal.hu\/index.php\/wp-json\/wp\/v2\/tags?post=111218"}],"curies":[{"name":"wp","href":"https:\/\/api.w.org\/{rel}","templated":true}]}}