{"id":111210,"date":"2018-11-27T13:00:50","date_gmt":"2018-11-27T12:00:50","guid":{"rendered":"http:\/\/gazdasagportal.hu\/?p=111210"},"modified":"2018-11-27T13:00:50","modified_gmt":"2018-11-27T12:00:50","slug":"az-ukran-hadiallapot-miatt-eszkalalodhat-a-konfliktus-a-donyec-medenceben","status":"publish","type":"post","link":"https:\/\/gazdasagportal.hu\/index.php\/az-ukran-hadiallapot-miatt-eszkalalodhat-a-konfliktus-a-donyec-medenceben\/","title":{"rendered":"Az ukr\u00e1n hadi\u00e1llapot miatt eszkal\u00e1l\u00f3dhat a konfliktus a Donyec-medenc\u00e9ben"},"content":{"rendered":"<p><strong>A hadi\u00e1llapot bevezet\u00e9se Ukrajna t\u00f6bb r\u00e9gi\u00f3j\u00e1ban mag\u00e1ban hordozza annak kock\u00e1zat\u00e1t, hogy eszkal\u00e1l\u00f3dni fog a konfliktus a d\u00e9lnyugati v\u00e1ls\u00e1gz\u00f3n\u00e1ban &#8211; jelentette ki Dmitrij Peszkov, a Kreml sz\u00f3viv\u0151je kedden \u00fajs\u00e1g\u00edr\u00f3knak.<\/strong><!--more--><\/p>\n<div class=\"ads-in-post1\"><div id=\"gazdasagportal.hu_fullbanner_wideboard\"><\/div>\r\n<\/div>\n<p>    Ukrajn\u00e1ban a Kercsi-szoros k\u00f6zel\u00e9ben t\u00f6rt\u00e9nt orosz-ukr\u00e1n katonai incidens nyom\u00e1n vezettek be hadi\u00e1llapotot, ami ott a rendk\u00edv\u00fcli \u00e1llapot egyik form\u00e1ja. A h\u00e1rom ukr\u00e1n hadihaj\u00f3 vas\u00e1rnapi, Oroszorsz\u00e1g \u00e1ltali lefoglal\u00e1s\u00e1\u00e9rt \u00e9s a 24 f\u0151nyi szem\u00e9lyzet \u0151rizetbe v\u00e9tel\u00e9\u00e9rt a k\u00e9t f\u00e9l egym\u00e1st tette felel\u0151ss\u00e9. Az elfogott ukr\u00e1n \u00e1llampolg\u00e1rokat &#8211; akik k\u00f6z\u00fcl ketten orosz k\u00f6zl\u00e9s szerint az Ukr\u00e1n Biztons\u00e1gi Szolg\u00e1lat (SZBU) tisztjei &#8211; szerd\u00e1n Kercsb\u0151l a Kr\u00edm sz\u00e9kv\u00e1ros\u00e1ba, Szimferopolba sz\u00e1ll\u00edtott\u00e1k \u00e1t, ahol a nap folyam\u00e1n b\u00edr\u00f3s\u00e1g el\u00e9 fogj\u00e1k \u0151ket \u00e1ll\u00edtani.<br \/>\n    Peszkov a hadi\u00e1llapot bevezet\u00e9s\u00e9t a j\u00f6v\u0151 m\u00e1rciusban tartand\u00f3 ukr\u00e1n eln\u00f6kv\u00e1laszt\u00e1ssal hozta \u00f6sszef\u00fcgg\u00e9sbe, \u00e9s arra figyelmeztetett, hogy az int\u00e9zked\u00e9s miatt megn\u00f6vekedhet a fesz\u00fclts\u00e9g a Donyec-medenc\u00e9ben. A sz\u00f3viv\u0151 k\u00f6z\u00f6lte, hogy a kercsi incidens miatt nem volt sz\u00fcks\u00e9g k\u00f6zvetlen kapcsolatfelv\u00e9telre Vlagyimir Putyin orosz \u00e9s Petro Porosenko ukr\u00e1n eln\u00f6k k\u00f6z\u00f6tt, mert a hat\u00e1r\u0151rizet &#8222;pacifik\u00e1lta&#8221; a hat\u00e1rs\u00e9rt\u0151ket.<br \/>\n<div class=\"ads-in-post2\"><script async src=\"https:\/\/pagead2.googlesyndication.com\/pagead\/js\/adsbygoogle.js\"><\/script>\r\n<ins class=\"adsbygoogle\"\r\n     style=\"display:block\"\r\n     data-ad-format=\"fluid\"\r\n     data-ad-layout-key=\"-6t+ed+2i-1n-4w\"\r\n     data-ad-client=\"ca-pub-1959107119989764\"\r\n     data-ad-slot=\"4008251320\"><\/ins>\r\n<script>\r\n     (adsbygoogle = window.adsbygoogle || []).push({});\r\n<\/script><\/div>\n    Az orosz eln\u00f6ki sz\u00f3viv\u0151 mindemellett elmondta:  az orosz-ukr\u00e1n konfliktus \u00fajabb ki\u00e9lez\u0151d\u00e9se nem lesz t\u00e9m\u00e1ja a G20 csoport p\u00e9nteken \u00e9s szombaton Buenos Airesben tartand\u00f3 cs\u00facstal\u00e1lkoz\u00f3j\u00e1nak, amelynek alkalm\u00e1b\u00f3l a tervek szerint Vlagyimir Putyin orosz \u00e9s Donald Trump amerikai eln\u00f6k k\u00fcl\u00f6n is t\u00e1rgyal\u00f3asztalhoz \u00fcl egym\u00e1ssal.<br \/>\n    Peszkov szerint ha a tengeri incidens t\u00e9m\u00e1ja felmer\u00fclne Putyin \u00e9s Trump eszmecser\u00e9j\u00e9n, &#8222;senkinek ne legyen k\u00e9ts\u00e9ge afel\u0151l, hogy az orosz eln\u00f6k kimer\u00edt\u0151 magyar\u00e1zatot ad majd&#8221; a t\u00f6rt\u00e9ntekre. Bejelentette, hogy Putyin hamarosan nyilv\u00e1nosan ki fogja fejteni \u00e1ll\u00e1spontj\u00e1t a kercsi incidenssel kapcsolatban, amire val\u00f3sz\u00edn\u0171leg az argentin f\u0151v\u00e1rosban tartand\u00f3 nemzetk\u00f6zi sajt\u00f3t\u00e1j\u00e9koztat\u00f3ja ny\u00fajt majd alkalmat. \u00dagy v\u00e9lekedett, hogy nem szabad al\u00e1becs\u00fclni az eff\u00e9le &#8222;provok\u00e1ci\u00f3k&#8221; vesz\u00e9lyess\u00e9g\u00e9t.<br \/>\n    A sz\u00f3viv\u0151 &#8211; egy k\u00e9rd\u00e9sre v\u00e1laszolva &#8211; az ukr\u00e1n hadi\u00e1llapot bevezet\u00e9s\u00e9re adand\u00f3 orosz v\u00e1laszt a moszkvai v\u00e9delmi t\u00e1rca illet\u00e9kess\u00e9g\u00e9be utalta.(MTI)<\/p>\n","protected":false},"excerpt":{"rendered":"<p>A hadi\u00e1llapot bevezet\u00e9se Ukrajna t\u00f6bb r\u00e9gi\u00f3j\u00e1ban mag\u00e1ban hordozza annak kock\u00e1zat\u00e1t, hogy eszkal\u00e1l\u00f3dni fog a konfliktus a d\u00e9lnyugati v\u00e1ls\u00e1gz\u00f3n\u00e1ban &#8211; jelentette ki Dmitrij Peszkov, a Kreml sz\u00f3viv\u0151je kedden \u00fajs\u00e1g\u00edr\u00f3knak.<\/p>\n","protected":false},"author":1,"featured_media":0,"comment_status":"closed","ping_status":"open","sticky":false,"template":"","format":"standard","meta":[],"categories":[12,5],"tags":[],"_links":{"self":[{"href":"https:\/\/gazdasagportal.hu\/index.php\/wp-json\/wp\/v2\/posts\/111210"}],"collection":[{"href":"https:\/\/gazdasagportal.hu\/index.php\/wp-json\/wp\/v2\/posts"}],"about":[{"href":"https:\/\/gazdasagportal.hu\/index.php\/wp-json\/wp\/v2\/types\/post"}],"author":[{"embeddable":true,"href":"https:\/\/gazdasagportal.hu\/index.php\/wp-json\/wp\/v2\/users\/1"}],"replies":[{"embeddable":true,"href":"https:\/\/gazdasagportal.hu\/index.php\/wp-json\/wp\/v2\/comments?post=111210"}],"version-history":[{"count":1,"href":"https:\/\/gazdasagportal.hu\/index.php\/wp-json\/wp\/v2\/posts\/111210\/revisions"}],"predecessor-version":[{"id":111211,"href":"https:\/\/gazdasagportal.hu\/index.php\/wp-json\/wp\/v2\/posts\/111210\/revisions\/111211"}],"wp:attachment":[{"href":"https:\/\/gazdasagportal.hu\/index.php\/wp-json\/wp\/v2\/media?parent=111210"}],"wp:term":[{"taxonomy":"category","embeddable":true,"href":"https:\/\/gazdasagportal.hu\/index.php\/wp-json\/wp\/v2\/categories?post=111210"},{"taxonomy":"post_tag","embeddable":true,"href":"https:\/\/gazdasagportal.hu\/index.php\/wp-json\/wp\/v2\/tags?post=111210"}],"curies":[{"name":"wp","href":"https:\/\/api.w.org\/{rel}","templated":true}]}}