{"id":111200,"date":"2018-11-27T10:28:43","date_gmt":"2018-11-27T09:28:43","guid":{"rendered":"http:\/\/gazdasagportal.hu\/?p=111200"},"modified":"2018-11-27T10:28:43","modified_gmt":"2018-11-27T09:28:43","slug":"trenkwalder-ev-vegeig-minden-munkavallalonak-ki-kell-adni-az-idei-szabadsagat","status":"publish","type":"post","link":"https:\/\/gazdasagportal.hu\/index.php\/trenkwalder-ev-vegeig-minden-munkavallalonak-ki-kell-adni-az-idei-szabadsagat\/","title":{"rendered":"Trenkwalder: \u00e9v v\u00e9g\u00e9ig minden munkav\u00e1llal\u00f3nak ki kell adni az idei szabads\u00e1g\u00e1t"},"content":{"rendered":"<p><strong>A Munka t\u00f6rv\u00e9nyk\u00f6nyve rendelkez\u00e9se szerint \u00e9v v\u00e9g\u00e9ig minden munkav\u00e1llal\u00f3nak ki kell adni az idei szabads\u00e1g\u00e1t, a jogszab\u00e1lyt\u00f3l csak kiv\u00e9teles esetekben lehet elt\u00e9rni &#8211; h\u00edvta fel a figyelmet a Trenkwalder Szem\u00e9lyzeti Szolg\u00e1ltat\u00f3 Kft. keddi MTI-nek k\u00fcld\u00f6tt k\u00f6zlem\u00e9ny\u00e9ben.<\/strong><!--more--><\/p>\n<div class=\"ads-in-post1\"><div id=\"gazdasagportal.hu_fullbanner_wideboard\"><\/div>\r\n<\/div>\n<p>    A Trenkwalder szerint sz\u00e1mos c\u00e9g k\u00fczd jelent\u0151s elmarad\u00e1sokkal a szabads\u00e1gok kiad\u00e1s\u00e1n\u00e1l, a helyzet megold\u00e1s\u00e1t pedig nehez\u00edtheti a munkaer\u0151hi\u00e1ny, illetve a kar\u00e1csony el\u0151tti cs\u00facsid\u0151szak fokozott terhel\u00e9se is. Arra is r\u00e1mutattak, hogy a munkav\u00e1llal\u00f3 az \u00e9ves szabads\u00e1gkeret\u00e9b\u0151l h\u00e9t munkanappal szabadon rendelkezhet, ezt az id\u0151keretet pedig a munk\u00e1ltat\u00f3 k\u00f6teles legfeljebb k\u00e9t r\u00e9szletben a munkav\u00e1llal\u00f3 k\u00e9r\u00e9s\u00e9nek megfelel\u0151 id\u0151pontban kiadni, ha a munkav\u00e1llal\u00f3 a k\u00e9r\u00e9st legal\u00e1bb 15 nappal kor\u00e1bban jelezte.<br \/>\n    Kiemelt\u00e9k, a k\u00f6vetkez\u0151 \u00e9vre csup\u00e1n az \u00e9letkor szerint j\u00e1r\u00f3 p\u00f3tszabads\u00e1g vihet\u0151 \u00e1t, ami kort\u00f3l f\u00fcgg\u0151en 1-10 nap lehet. Ugyanakkor megjegyezt\u00e9k, hogy a p\u00f3tszabads\u00e1g \u00e1tvitele nem automatikus, err\u0151l a feleknek napt\u00e1ri \u00e9venk\u00e9nt k\u00fcl\u00f6n meg kell \u00e1llapodniuk, \u00e9s ekkor is csup\u00e1n a t\u00e1rgy\u00e9vet k\u00f6vet\u0151 \u00e9v december 31-\u00e9ig adhat\u00f3ak ki.<br \/>\n<div class=\"ads-in-post2\"><script async src=\"https:\/\/pagead2.googlesyndication.com\/pagead\/js\/adsbygoogle.js\"><\/script>\r\n<ins class=\"adsbygoogle\"\r\n     style=\"display:block\"\r\n     data-ad-format=\"fluid\"\r\n     data-ad-layout-key=\"-6t+ed+2i-1n-4w\"\r\n     data-ad-client=\"ca-pub-1959107119989764\"\r\n     data-ad-slot=\"4008251320\"><\/ins>\r\n<script>\r\n     (adsbygoogle = window.adsbygoogle || []).push({});\r\n<\/script><\/div>\n    A szabads\u00e1g abban az esetben cs\u00faszhat m\u00e9g \u00e1t 2019-re, ha a munkav\u00e1llal\u00f3 2018. v\u00e9g\u00e9n kezdi meg a szabads\u00e1g\u00e1t, ekkor ugyanis 5 munkanapot \u00e1ttolhat j\u00f6v\u0151re, azaz ha valaki m\u00e1r id\u00e9n december 28-\u00e1n p\u00e9nteken szabads\u00e1gra megy, m\u00e9g 2018-as szabads\u00e1ga terh\u00e9re eg\u00e9szen janu\u00e1r 8-ig pihenhet, amennyiben a szabads\u00e1g\u00e1t k\u00f6zben nem szak\u00edtja meg.<br \/>\n    Azokn\u00e1l a munkav\u00e1llal\u00f3kn\u00e1l viszont, akik az \u00e9v utols\u00f3 negyed\u00e9v\u00e9ben kezdt\u00e9k munkaviszonyukat, az adott id\u0151szakra j\u00e1r\u00f3 t\u00e1rgy\u00e9vi szabads\u00e1g a k\u00f6vetkez\u0151 \u00e9v m\u00e1rcius 31-\u00e9ig adhat\u00f3 ki.<br \/>\n    A Trenkwalder szerint mindezeken fel\u00fcl el\u0151fordulhat, hogy a munkav\u00e1llal\u00f3n\u00e1l mer\u00fcl fel olyan ok, ami nem teszi lehet\u0151v\u00e9 a szabads\u00e1g kiad\u00e1s\u00e1t, az ok megsz\u0171n\u00e9s\u00e9t k\u00f6vet\u0151en azonban 60 napon bel\u00fcl meg kell kezdeni a szabads\u00e1g kiad\u00e1s\u00e1t. P\u00e9ldak\u00e9nt a keres\u0151k\u00e9ptelens\u00e9get jelent\u0151 betegs\u00e9get vagy gyesr\u0151l val\u00f3 visszat\u00e9r\u00e9st eml\u00edtett\u00e9k.<br \/>\n    A Trenkwalder \u00fagy v\u00e9li, hogy az \u00e9v v\u00e9g\u00e9hez k\u00f6zeledve minden c\u00e9gnek id\u0151szer\u0171 \u00e1tvil\u00e1g\u00edtani, melyik munkav\u00e1llal\u00f3ja hol tart az idei szabads\u00e1gok felhaszn\u00e1l\u00e1s\u00e1ban, m\u00e1r csak az\u00e9rt is, mert a munk\u00e1ltat\u00f3 15 nappal el\u0151re k\u00f6teles k\u00f6z\u00f6lni dolgoz\u00f3j\u00e1val, ha szabads\u00e1gra k\u00fcldi.<br \/>\n    A munkav\u00e1llal\u00f3k ki nem adott szabads\u00e1ga nem v\u00e9sz el, annak kiad\u00e1s\u00e1t a munkav\u00e1llal\u00f3 a munkaviszony tartama alatt k\u00e9s\u0151bb is k\u00f6vetelheti. Igaz, a szabads\u00e1g p\u00e9nzben ekkor sem v\u00e1lthat\u00f3 meg &#8211; arra csak a munkaviszony megsz\u0171n\u00e9se eset\u00e9n van lehet\u0151s\u00e9g &#8211; olvashat\u00f3 a Trenkwalder k\u00f6zlem\u00e9ny\u00e9ben.(MTI)<\/p>\n","protected":false},"excerpt":{"rendered":"<p>A Munka t\u00f6rv\u00e9nyk\u00f6nyve rendelkez\u00e9se szerint \u00e9v v\u00e9g\u00e9ig minden munkav\u00e1llal\u00f3nak ki kell adni az idei szabads\u00e1g\u00e1t, a jogszab\u00e1lyt\u00f3l csak kiv\u00e9teles esetekben lehet elt\u00e9rni &#8211; h\u00edvta fel a figyelmet a Trenkwalder Szem\u00e9lyzeti Szolg\u00e1ltat\u00f3 Kft. keddi MTI-nek k\u00fcld\u00f6tt k\u00f6zlem\u00e9ny\u00e9ben.<\/p>\n","protected":false},"author":1,"featured_media":0,"comment_status":"closed","ping_status":"open","sticky":false,"template":"","format":"standard","meta":[],"categories":[4,19],"tags":[],"_links":{"self":[{"href":"https:\/\/gazdasagportal.hu\/index.php\/wp-json\/wp\/v2\/posts\/111200"}],"collection":[{"href":"https:\/\/gazdasagportal.hu\/index.php\/wp-json\/wp\/v2\/posts"}],"about":[{"href":"https:\/\/gazdasagportal.hu\/index.php\/wp-json\/wp\/v2\/types\/post"}],"author":[{"embeddable":true,"href":"https:\/\/gazdasagportal.hu\/index.php\/wp-json\/wp\/v2\/users\/1"}],"replies":[{"embeddable":true,"href":"https:\/\/gazdasagportal.hu\/index.php\/wp-json\/wp\/v2\/comments?post=111200"}],"version-history":[{"count":1,"href":"https:\/\/gazdasagportal.hu\/index.php\/wp-json\/wp\/v2\/posts\/111200\/revisions"}],"predecessor-version":[{"id":111201,"href":"https:\/\/gazdasagportal.hu\/index.php\/wp-json\/wp\/v2\/posts\/111200\/revisions\/111201"}],"wp:attachment":[{"href":"https:\/\/gazdasagportal.hu\/index.php\/wp-json\/wp\/v2\/media?parent=111200"}],"wp:term":[{"taxonomy":"category","embeddable":true,"href":"https:\/\/gazdasagportal.hu\/index.php\/wp-json\/wp\/v2\/categories?post=111200"},{"taxonomy":"post_tag","embeddable":true,"href":"https:\/\/gazdasagportal.hu\/index.php\/wp-json\/wp\/v2\/tags?post=111200"}],"curies":[{"name":"wp","href":"https:\/\/api.w.org\/{rel}","templated":true}]}}