{"id":111152,"date":"2018-11-25T22:04:59","date_gmt":"2018-11-25T21:04:59","guid":{"rendered":"http:\/\/gazdasagportal.hu\/?p=111152"},"modified":"2018-11-25T22:04:59","modified_gmt":"2018-11-25T21:04:59","slug":"juncker-a-bbc-nek-ha-a-brit-parlament-elutasitja-a-megallapodast-megallapodas-nelkuli-brexit-lesz","status":"publish","type":"post","link":"https:\/\/gazdasagportal.hu\/index.php\/juncker-a-bbc-nek-ha-a-brit-parlament-elutasitja-a-megallapodast-megallapodas-nelkuli-brexit-lesz\/","title":{"rendered":"Juncker a BBC-nek: ha a brit parlament elutas\u00edtja a meg\u00e1llapod\u00e1st, meg\u00e1llapod\u00e1s n\u00e9lk\u00fcli Brexit lesz"},"content":{"rendered":"<p><strong>Az Eur\u00f3pai Bizotts\u00e1g eln\u00f6ke szerint ha a londoni parlament nem fogadja el a brit EU-tags\u00e1g megsz\u0171n\u00e9s\u00e9nek (Brexit) felt\u00e9telrendszer\u00e9r\u0151l \u00e9s a j\u00f6v\u0151beni kapcsolatokr\u00f3l sz\u00f3l\u00f3, vas\u00e1rnap Br\u00fcsszelben al\u00e1\u00edrt meg\u00e1llapod\u00e1sokat, akkor Nagy-Britannia meg\u00e1llapod\u00e1s n\u00e9lk\u00fcl l\u00e9p ki j\u00f6v\u0151re az Eur\u00f3pai Uni\u00f3b\u00f3l. Jean-Claude Juncker hozz\u00e1tette: a Brexit\u00e9rt kiz\u00e1r\u00f3lag Nagy-Britanni\u00e1t terheli a felel\u0151ss\u00e9g.<\/strong><!--more--><\/p>\n<div class=\"ads-in-post1\"><div id=\"gazdasagportal.hu_fullbanner_wideboard\"><\/div>\r\n<\/div>\n<p>    A londoni als\u00f3h\u00e1z v\u00e1rhat\u00f3an december m\u00e1sodik het\u00e9ben szavaz a meg\u00e1llapod\u00e1scsomagr\u00f3l, de a korm\u00e1nyz\u00f3 Konzervat\u00edv P\u00e1rt \u00e9s az ellenz\u00e9ki p\u00e1rtok frakci\u00f3in bel\u00fcl is rendk\u00edv\u00fcl er\u0151teljes b\u00edr\u00e1latok \u00e9rik az egyezm\u00e9nyt. Ebben a helyzetben jelenleg k\u00e9rd\u00e9ses, hogy az elfogad\u00e1shoz a korm\u00e1ny biztos\u00edtani tudja-e a parlamenti t\u00f6bbs\u00e9get.<br \/>\n    Juncker azonban a BBC telev\u00edzi\u00f3nak adott vas\u00e1rnap esti nyilatkozat\u00e1ban a n\u00e9vel\u0151t er\u0151teljesen hangs\u00falyozva kijelentette: ez &#8222;a&#8221; meg\u00e1llapod\u00e1s, egyben ez a lehet\u0151 legjobb meg\u00e1llapod\u00e1s Nagy-Britannia sz\u00e1m\u00e1ra, \u00e9s ez az egyetlen lehets\u00e9ges meg\u00e1llapod\u00e1s.<br \/>\n    &#8222;\u00c9n soha nem v\u00e1ltoztatgatom a v\u00e9lem\u00e9nyemet napr\u00f3l napra. Ha a (londoni) als\u00f3h\u00e1z nemet mond, akkor nem lesz meg\u00e1llapod\u00e1s&#8221; &#8211; tette hozz\u00e1.<br \/>\n<div class=\"ads-in-post2\"><script async src=\"https:\/\/pagead2.googlesyndication.com\/pagead\/js\/adsbygoogle.js\"><\/script>\r\n<ins class=\"adsbygoogle\"\r\n     style=\"display:block\"\r\n     data-ad-format=\"fluid\"\r\n     data-ad-layout-key=\"-6t+ed+2i-1n-4w\"\r\n     data-ad-client=\"ca-pub-1959107119989764\"\r\n     data-ad-slot=\"4008251320\"><\/ins>\r\n<script>\r\n     (adsbygoogle = window.adsbygoogle || []).push({});\r\n<\/script><\/div>\n    Ugyanezt hangs\u00falyozta legut\u00f3bbi nyilatkozataiban Theresa May brit minisztereln\u00f6k \u00e9s k\u00fcl\u00fcgyminisztere, Jeremy Hunt is.<br \/>\n    Theresa May p\u00e9nteken, a BBC News brit k\u00f6zszolg\u00e1lati h\u00edrtelev\u00edzi\u00f3 \u00e9s a BBC r\u00e1di\u00f3 k\u00f6z\u00f6s betelefon\u00e1l\u00f3s m\u0171sor\u00e1nak vend\u00e9ge volt. Arra a hallgat\u00f3i k\u00e9rd\u00e9sre, hogy &#8222;van-e B-terv&#8221; arra az esetre, ha  a londoni als\u00f3h\u00e1z nem fogadja el a Brexit-meg\u00e1llapod\u00e1sokat, May kijelentette: ha a meg\u00e1llapod\u00e1s &#8222;nem megy \u00e1t, akkor kezdhet\u00fcnk mindent el\u00f6lr\u0151l&#8221;, \u00e9s az orsz\u00e1gra m\u00e9g t\u00f6bb bizonytalans\u00e1g, megosztotts\u00e1g nehezedne.<br \/>\n    Hozz\u00e1tette: a korm\u00e1ny ebben az esetben hi\u00e1ba t\u00e9rne vissza Br\u00fcsszelbe azzal, &#8222;hogy az embereknek ez az egyezs\u00e9g nem tetszett, kaphatn\u00e1nk-e egy m\u00e1sikat. Nem hinn\u00e9m, hogy az Eur\u00f3pai Uni\u00f3 v\u00e1lasza erre az lenne, hogy tess\u00e9k, itt van jobb egy meg\u00e1llapod\u00e1s&#8221;.<br \/>\n    Jeremy Hunt k\u00fcl\u00fcgyminiszter vas\u00e1rnap, a meg\u00e1llapod\u00e1sok br\u00fcsszeli al\u00e1\u00edr\u00e1sa ut\u00e1n, a BBC telev\u00edzi\u00f3 interj\u00fam\u0171sor\u00e1ban elismerte, hogy &#8222;a parlamenti aritmetika pr\u00f3bat\u00e9telt jelent&#8221; a korm\u00e1ny sz\u00e1m\u00e1ra, b\u00e1r szerinte a k\u00f6vetkez\u0151 k\u00e9t h\u00e9tben &#8222;sok minden v\u00e1ltozhat&#8221;.<br \/>\n    Hozz\u00e1tette ugyanakkor: ha a brit parlament elveti a meg\u00e1llapod\u00e1st, &#8222;abb\u00f3l nem k\u00f6vetkezne automatikusan&#8221;, hogy az Eur\u00f3pai Uni\u00f3 hajland\u00f3 lenne t\u00e1rgyalni egy jobb egyezm\u00e9nyr\u0151l.<br \/>\n    Jean-Claude Juncker a vas\u00e1rnap esti BBC-interj\u00faban hat\u00e1rozott nemmel v\u00e1laszolt arra a k\u00e9rd\u00e9sre, hogy Nagy-Britannia kil\u00e9p\u00e9s\u00e9\u00e9rt az Eur\u00f3pai Uni\u00f3t is terheli-e felel\u0151ss\u00e9g.<br \/>\n    &#8222;Az embereknek \u00e9vr\u0151l \u00e9vre, h\u00f3napr\u00f3l h\u00f3napra, napr\u00f3l napra azt mondogatt\u00e1k, hogy Nagy-Britannia EU-tags\u00e1ga rossz dolog a brit \u00e1llampolg\u00e1rok sz\u00e1m\u00e1ra, \u00edgy nem hiszem, hogy az Eur\u00f3pai Uni\u00f3t lehetne hib\u00e1ztatni e kimenetel\u00e9rt. Ez\u00e9rt Nagy-Britanni\u00e1t terheli a felel\u0151ss\u00e9g, kiz\u00e1r\u00f3lag Nagy-Britanni\u00e1t, \u00e9s senki m\u00e1st&#8221; &#8211; mondta az Eur\u00f3pai Bizotts\u00e1g eln\u00f6ke.(MTI)<\/p>\n","protected":false},"excerpt":{"rendered":"<p>Az Eur\u00f3pai Bizotts\u00e1g eln\u00f6ke szerint ha a londoni parlament nem fogadja el a brit EU-tags\u00e1g megsz\u0171n\u00e9s\u00e9nek (Brexit) felt\u00e9telrendszer\u00e9r\u0151l \u00e9s a j\u00f6v\u0151beni kapcsolatokr\u00f3l sz\u00f3l\u00f3, vas\u00e1rnap Br\u00fcsszelben al\u00e1\u00edrt meg\u00e1llapod\u00e1sokat, akkor Nagy-Britannia meg\u00e1llapod\u00e1s n\u00e9lk\u00fcl l\u00e9p ki j\u00f6v\u0151re az Eur\u00f3pai Uni\u00f3b\u00f3l. Jean-Claude Juncker hozz\u00e1tette: a Brexit\u00e9rt kiz\u00e1r\u00f3lag Nagy-Britanni\u00e1t terheli a felel\u0151ss\u00e9g.<\/p>\n","protected":false},"author":1,"featured_media":81437,"comment_status":"closed","ping_status":"open","sticky":false,"template":"","format":"standard","meta":[],"categories":[146,246],"tags":[],"_links":{"self":[{"href":"https:\/\/gazdasagportal.hu\/index.php\/wp-json\/wp\/v2\/posts\/111152"}],"collection":[{"href":"https:\/\/gazdasagportal.hu\/index.php\/wp-json\/wp\/v2\/posts"}],"about":[{"href":"https:\/\/gazdasagportal.hu\/index.php\/wp-json\/wp\/v2\/types\/post"}],"author":[{"embeddable":true,"href":"https:\/\/gazdasagportal.hu\/index.php\/wp-json\/wp\/v2\/users\/1"}],"replies":[{"embeddable":true,"href":"https:\/\/gazdasagportal.hu\/index.php\/wp-json\/wp\/v2\/comments?post=111152"}],"version-history":[{"count":1,"href":"https:\/\/gazdasagportal.hu\/index.php\/wp-json\/wp\/v2\/posts\/111152\/revisions"}],"predecessor-version":[{"id":111153,"href":"https:\/\/gazdasagportal.hu\/index.php\/wp-json\/wp\/v2\/posts\/111152\/revisions\/111153"}],"wp:featuredmedia":[{"embeddable":true,"href":"https:\/\/gazdasagportal.hu\/index.php\/wp-json\/wp\/v2\/media\/81437"}],"wp:attachment":[{"href":"https:\/\/gazdasagportal.hu\/index.php\/wp-json\/wp\/v2\/media?parent=111152"}],"wp:term":[{"taxonomy":"category","embeddable":true,"href":"https:\/\/gazdasagportal.hu\/index.php\/wp-json\/wp\/v2\/categories?post=111152"},{"taxonomy":"post_tag","embeddable":true,"href":"https:\/\/gazdasagportal.hu\/index.php\/wp-json\/wp\/v2\/tags?post=111152"}],"curies":[{"name":"wp","href":"https:\/\/api.w.org\/{rel}","templated":true}]}}