{"id":111124,"date":"2018-11-24T09:18:57","date_gmt":"2018-11-24T08:18:57","guid":{"rendered":"http:\/\/gazdasagportal.hu\/?p=111124"},"modified":"2018-11-24T09:18:57","modified_gmt":"2018-11-24T08:18:57","slug":"nav-aki-mar-nem-felel-meg-a-koztartozasmentesseg-felteteleinek-elozetes-ertesitest-kap","status":"publish","type":"post","link":"https:\/\/gazdasagportal.hu\/index.php\/nav-aki-mar-nem-felel-meg-a-koztartozasmentesseg-felteteleinek-elozetes-ertesitest-kap\/","title":{"rendered":"NAV: aki m\u00e1r nem felel meg a k\u00f6ztartoz\u00e1smentess\u00e9g felt\u00e9teleinek, el\u0151zetes \u00e9rtes\u00edt\u00e9st kap"},"content":{"rendered":"<p><strong>A Nemzeti Ad\u00f3- \u00e9s V\u00e1mhivatal (NAV) \u00faj szolg\u00e1ltat\u00e1sk\u00e9nt &#8211; teszt jelleggel &#8211; el\u0151zetes \u00e9rtes\u00edt\u00e9st k\u00fcld azoknak, akik a november 25-i el\u0151zetes vizsg\u00e1lat szerint valamilyen mulaszt\u00e1s miatt m\u00e1r nem felelnek meg a k\u00f6ztartoz\u00e1smentes ad\u00f3z\u00f3i adatb\u00e1zisban szerepl\u00e9s felt\u00e9teleinek, ami lehet\u0151s\u00e9get ad nekik arra, hogy m\u00e9g id\u0151ben p\u00f3tolj\u00e1k a mulaszt\u00e1st &#8211; tette k\u00f6zz\u00e9 az ad\u00f3hivatal a honlapj\u00e1n. <\/strong><!--more--><\/p>\n<div class=\"ads-in-post1\"><div id=\"gazdasagportal.hu_fullbanner_wideboard\"><\/div>\r\n<\/div>\n<p>    A NAV mindig a h\u00f3nap utols\u00f3 napja szerinti \u00e1llapotot veszi figyelembe, amikor azt vizsg\u00e1lja, hogy az ad\u00f3alany megfelel-e a k\u00f6ztartoz\u00e1smentes ad\u00f3z\u00f3i adatb\u00e1zisban szerepl\u00e9s felt\u00e9teleinek \u00e9s a t\u00e1rgyh\u00f3napot k\u00f6vet\u0151 h\u00f3nap 10-\u00e9n friss\u00edti adatb\u00e1zis\u00e1t.<br \/>\n    Az ad\u00f3hat\u00f3s\u00e1g \u00faj szolg\u00e1ltat\u00e1s\u00e1val az adatb\u00e1zisban szerepl\u0151 ad\u00f3z\u00f3kat seg\u00edti azzal, hogy annak, aki a rendelkez\u00e9s\u00e9re \u00e1ll\u00f3 adatok szerint m\u00e1r nem felelne meg a jogszab\u00e1lyi felt\u00e9teleknek, err\u0151l a C\u00e9gkapun vagy a K\u00f6zponti \u00dcgyf\u00e9l-regisztr\u00e1ci\u00f3s Nyilv\u00e1ntart\u00e1shoz kapcsol\u00f3d\u00f3 (K\u00dcNY) t\u00e1rhelyen kereszt\u00fcl, elektronikusan el\u0151zetes \u00e9rtes\u00edt\u00e9st k\u00fcld.<br \/>\n<div class=\"ads-in-post2\"><script async src=\"https:\/\/pagead2.googlesyndication.com\/pagead\/js\/adsbygoogle.js\"><\/script>\r\n<ins class=\"adsbygoogle\"\r\n     style=\"display:block\"\r\n     data-ad-format=\"fluid\"\r\n     data-ad-layout-key=\"-6t+ed+2i-1n-4w\"\r\n     data-ad-client=\"ca-pub-1959107119989764\"\r\n     data-ad-slot=\"4008251320\"><\/ins>\r\n<script>\r\n     (adsbygoogle = window.adsbygoogle || []).push({});\r\n<\/script><\/div>\n    Az ad\u00f3z\u00f3knak a t\u00e1rgyh\u00f3nap utols\u00f3 napj\u00e1ig &#8211; jelen esetben november 30-\u00e1ig &#8211; kell p\u00f3tolniuk az el\u0151zetes \u00e9rtes\u00edt\u00e9sben megjel\u00f6lt hi\u00e1nyoss\u00e1gokat, valamint teljes\u00edteni\u00fck a t\u00e1rgyh\u00f3napban esed\u00e9kes tov\u00e1bbi ad\u00f3k\u00f6telezetts\u00e9geiket.<br \/>\n    Ha az ad\u00f3z\u00f3 id\u0151k\u00f6zben m\u00e1r rendezte mulaszt\u00e1s\u00e1t (p\u00e9ld\u00e1ul tartoz\u00e1s\u00e1t befizette, bevall\u00e1s\u00e1t beny\u00fajtotta), nincs tov\u00e1bbi teend\u0151je, a levelet t\u00e1rgytalannak tekintheti.<br \/>\n    A NAV szerint gyakran el\u0151fordul, hogy az ad\u00f3z\u00f3k kisebb mulaszt\u00e1s, jellemz\u0151en kisebb \u00f6sszeg\u0171, n\u00e9h\u00e1ny ezer forintos, els\u0151sorban figyelmetlens\u00e9gb\u0151l ad\u00f3d\u00f3 foly\u00f3sz\u00e1mla-rendez\u00e9si probl\u00e9m\u00e1k miatt ker\u00fclnek ki az adatb\u00e1zisb\u00f3l. Ennek k\u00f6vetkezm\u00e9nye pedig sz\u00e1mos kellemetlens\u00e9g lehet, hiszen a mulaszt\u00e1s p\u00f3tl\u00e1sa ut\u00e1n leghamarabb a k\u00f6vetkez\u0151 havi adatb\u00e1zis-friss\u00edt\u00e9ssel ker\u00fclhetnek vissza. Ez legink\u00e1bb az elektronikus k\u00f6z\u00fati \u00e1ruforgalom-ellen\u0151rz\u0151 rendszerben (ek\u00e1er) bejelent\u00e9sre k\u00f6telezett ad\u00f3z\u00f3knak fontos, hiszen, aki szerepel az adatb\u00e1zisban, \u00e9s megfelel a felt\u00e9teleknek, mentes\u00fcl a biztos\u00edt\u00e9kny\u00fajt\u00e1si k\u00f6telezetts\u00e9g al\u00f3l &#8211; \u00edrja az ad\u00f3hat\u00f3s\u00e1g.(MTI)<\/p>\n","protected":false},"excerpt":{"rendered":"<p>A Nemzeti Ad\u00f3- \u00e9s V\u00e1mhivatal (NAV) \u00faj szolg\u00e1ltat\u00e1sk\u00e9nt &#8211; teszt jelleggel &#8211; el\u0151zetes \u00e9rtes\u00edt\u00e9st k\u00fcld azoknak, akik a november 25-i el\u0151zetes vizsg\u00e1lat szerint valamilyen mulaszt\u00e1s miatt m\u00e1r nem felelnek meg a k\u00f6ztartoz\u00e1smentes ad\u00f3z\u00f3i adatb\u00e1zisban szerepl\u00e9s felt\u00e9teleinek, ami lehet\u0151s\u00e9get ad nekik arra, hogy m\u00e9g id\u0151ben p\u00f3tolj\u00e1k a mulaszt\u00e1st &#8211; tette k\u00f6zz\u00e9 az ad\u00f3hivatal a honlapj\u00e1n.<\/p>\n","protected":false},"author":1,"featured_media":0,"comment_status":"closed","ping_status":"open","sticky":false,"template":"","format":"standard","meta":[],"categories":[20,4,19],"tags":[],"_links":{"self":[{"href":"https:\/\/gazdasagportal.hu\/index.php\/wp-json\/wp\/v2\/posts\/111124"}],"collection":[{"href":"https:\/\/gazdasagportal.hu\/index.php\/wp-json\/wp\/v2\/posts"}],"about":[{"href":"https:\/\/gazdasagportal.hu\/index.php\/wp-json\/wp\/v2\/types\/post"}],"author":[{"embeddable":true,"href":"https:\/\/gazdasagportal.hu\/index.php\/wp-json\/wp\/v2\/users\/1"}],"replies":[{"embeddable":true,"href":"https:\/\/gazdasagportal.hu\/index.php\/wp-json\/wp\/v2\/comments?post=111124"}],"version-history":[{"count":1,"href":"https:\/\/gazdasagportal.hu\/index.php\/wp-json\/wp\/v2\/posts\/111124\/revisions"}],"predecessor-version":[{"id":111125,"href":"https:\/\/gazdasagportal.hu\/index.php\/wp-json\/wp\/v2\/posts\/111124\/revisions\/111125"}],"wp:attachment":[{"href":"https:\/\/gazdasagportal.hu\/index.php\/wp-json\/wp\/v2\/media?parent=111124"}],"wp:term":[{"taxonomy":"category","embeddable":true,"href":"https:\/\/gazdasagportal.hu\/index.php\/wp-json\/wp\/v2\/categories?post=111124"},{"taxonomy":"post_tag","embeddable":true,"href":"https:\/\/gazdasagportal.hu\/index.php\/wp-json\/wp\/v2\/tags?post=111124"}],"curies":[{"name":"wp","href":"https:\/\/api.w.org\/{rel}","templated":true}]}}