{"id":111119,"date":"2018-11-23T17:11:24","date_gmt":"2018-11-23T16:11:24","guid":{"rendered":"http:\/\/gazdasagportal.hu\/?p=111119"},"modified":"2018-11-23T17:11:24","modified_gmt":"2018-11-23T16:11:24","slug":"malaj-utasszallito-az-aldozatok-hozzatartozoi-bepereltek-oroszorszagot","status":"publish","type":"post","link":"https:\/\/gazdasagportal.hu\/index.php\/malaj-utasszallito-az-aldozatok-hozzatartozoi-bepereltek-oroszorszagot\/","title":{"rendered":"Mal\u00e1j utassz\u00e1ll\u00edt\u00f3 &#8211; Az \u00e1ldozatok hozz\u00e1tartoz\u00f3i beperelt\u00e9k Oroszorsz\u00e1got"},"content":{"rendered":"<p><strong>A n\u00e9gy \u00e9vvel ezel\u0151tt Kelet-Ukrajna felett lel\u0151tt mal\u00e1j utassz\u00e1ll\u00edt\u00f3 rep\u00fcl\u0151g\u00e9p 55 \u00e1ldozat\u00e1nak csal\u00e1djai beperelt\u00e9k H\u00e1g\u00e1ban Oroszorsz\u00e1got, mert nem  m\u0171k\u00f6dik egy\u00fctt a katasztr\u00f3fa okainak kivizsg\u00e1l\u00e1s\u00e1ban.<\/strong><!--more--><\/p>\n<div class=\"ads-in-post1\"><div id=\"gazdasagportal.hu_fullbanner_wideboard\"><\/div>\r\n<\/div>\n<p>    Sajt\u00f3inform\u00e1ci\u00f3k szerint a hozz\u00e1tartoz\u00f3k \u00fcgyv\u00e9dje arr\u00f3l t\u00e1j\u00e9koztatott, hogy az elm\u00falt \u00e9vek folyam\u00e1n Oroszorsz\u00e1g nem ny\u00fajtott elegend\u0151 inform\u00e1ci\u00f3t a nemzetk\u00f6zi nyomoz\u00f3csoport munk\u00e1j\u00e1hoz, tov\u00e1bbra is akad\u00e1lyozza a vizsg\u00e1latokat, \u00e9s mindezzel alapvet\u0151 jogokat s\u00e9rt.<br \/>\n    A h\u00f3nap elej\u00e9n az MH17-es lajstromsz\u00e1m\u00fa rep\u00fcl\u0151g\u00e9p utasainak 30 hozz\u00e1tartoz\u00f3ja arra sz\u00f3l\u00edtotta fel Donald Trump amerikai eln\u00f6k\u00f6t, hogy k\u00f6veteljen v\u00e1laszt Vlagyimir Putyin orosz eln\u00f6kt\u0151l a trag\u00e9di\u00e1val kapcsolatos nyitott k\u00e9rd\u00e9sekre.<br \/>\n    Az amerikai eln\u00f6k P\u00e1rizsban az els\u0151 vil\u00e1gh\u00e1bor\u00fat lez\u00e1r\u00f3 t\u0171zsz\u00fcnet 1918. november 11-i al\u00e1\u00edr\u00e1s\u00e1nak 100. \u00e9vfordul\u00f3ja alkalm\u00e1b\u00f3l tal\u00e1lkozott Putyinnal, akivel a h\u00f3nap v\u00e9g\u00e9n a G20-ak argent\u00ednai cs\u00facstal\u00e1lkoz\u00f3j\u00e1n is tan\u00e1cskozik majd.<br \/>\n    2014. j\u00falius 17-\u00e9n Kelet-Ukrajna felett rak\u00e9tatal\u00e1lat \u00e9rte a Malaysia Airlines Amszterdamb\u00f3l Kuala Lumpurba tart\u00f3 rep\u00fcl\u0151g\u00e9p\u00e9t. A pil\u00f3taf\u00fclke mellett felrobbant rak\u00e9ta szil\u00e1nkjainak ezrei f\u00fart\u00e1k \u00e1t a Boeinget, amely a leveg\u0151ben darabokra t\u00f6rt \u00e9s lezuhant. A g\u00e9pen utaz\u00f3 mind a 298 ember meghalt, k\u00f6zt\u00fck 196 holland \u00e1llampolg\u00e1r.<br \/>\n<div class=\"ads-in-post2\"><script async src=\"https:\/\/pagead2.googlesyndication.com\/pagead\/js\/adsbygoogle.js\"><\/script>\r\n<ins class=\"adsbygoogle\"\r\n     style=\"display:block\"\r\n     data-ad-format=\"fluid\"\r\n     data-ad-layout-key=\"-6t+ed+2i-1n-4w\"\r\n     data-ad-client=\"ca-pub-1959107119989764\"\r\n     data-ad-slot=\"4008251320\"><\/ins>\r\n<script>\r\n     (adsbygoogle = window.adsbygoogle || []).push({});\r\n<\/script><\/div>\n    A holland, ausztr\u00e1l, mal\u00e1j, ukr\u00e1n \u00e9s belga \u00f6sszet\u00e9tel\u0171 nemzetk\u00f6zi nyomoz\u00f3csoport m\u00e1jusban k\u00f6z\u00f6lte, hogy egy orosz katonai egys\u00e9g rak\u00e9t\u00e1ja l\u0151tte le az Amszterdamb\u00f3l Kuala Lumpurba tart\u00f3 rep\u00fcl\u0151g\u00e9pet. A Buk-Telar rak\u00e9ta &#8211; meg\u00e1llap\u00edt\u00e1suk szerint &#8211; az oroszorsz\u00e1gi Kurszkban \u00e1llom\u00e1soz\u00f3 53. l\u00e9gv\u00e9delmi dand\u00e1rt\u00f3l sz\u00e1rmazik. Mint elmondt\u00e1k, a rep\u00fcl\u0151g\u00e9pet megsemmis\u00edt\u0151 rak\u00e9ta nem sokkal a t\u00e1mad\u00e1s el\u0151tt \u00e9rkezett Kelet-Ukrajn\u00e1ba Oroszorsz\u00e1gb\u00f3l, ahov\u00e1 a Boeing 777-es lel\u00f6v\u00e9se ut\u00e1n vissza is vitt\u00e9k a kil\u00f6v\u0151\u00e1ll\u00e1st. A nyomoz\u00f3k nem nevezt\u00e9k meg a felt\u00e9telezett elk\u00f6vet\u0151ket.<br \/>\n    Oroszorsz\u00e1g tagadja, hogy k\u00f6ze lett volna a g\u00e9p lel\u00f6v\u00e9s\u00e9hez.(MTI)<\/p>\n","protected":false},"excerpt":{"rendered":"<p>A n\u00e9gy \u00e9vvel ezel\u0151tt Kelet-Ukrajna felett lel\u0151tt mal\u00e1j utassz\u00e1ll\u00edt\u00f3 rep\u00fcl\u0151g\u00e9p 55 \u00e1ldozat\u00e1nak csal\u00e1djai beperelt\u00e9k H\u00e1g\u00e1ban Oroszorsz\u00e1got, mert nem m\u0171k\u00f6dik egy\u00fctt a katasztr\u00f3fa okainak kivizsg\u00e1l\u00e1s\u00e1ban.<\/p>\n","protected":false},"author":1,"featured_media":0,"comment_status":"closed","ping_status":"open","sticky":false,"template":"","format":"standard","meta":[],"categories":[12,246],"tags":[],"_links":{"self":[{"href":"https:\/\/gazdasagportal.hu\/index.php\/wp-json\/wp\/v2\/posts\/111119"}],"collection":[{"href":"https:\/\/gazdasagportal.hu\/index.php\/wp-json\/wp\/v2\/posts"}],"about":[{"href":"https:\/\/gazdasagportal.hu\/index.php\/wp-json\/wp\/v2\/types\/post"}],"author":[{"embeddable":true,"href":"https:\/\/gazdasagportal.hu\/index.php\/wp-json\/wp\/v2\/users\/1"}],"replies":[{"embeddable":true,"href":"https:\/\/gazdasagportal.hu\/index.php\/wp-json\/wp\/v2\/comments?post=111119"}],"version-history":[{"count":1,"href":"https:\/\/gazdasagportal.hu\/index.php\/wp-json\/wp\/v2\/posts\/111119\/revisions"}],"predecessor-version":[{"id":111120,"href":"https:\/\/gazdasagportal.hu\/index.php\/wp-json\/wp\/v2\/posts\/111119\/revisions\/111120"}],"wp:attachment":[{"href":"https:\/\/gazdasagportal.hu\/index.php\/wp-json\/wp\/v2\/media?parent=111119"}],"wp:term":[{"taxonomy":"category","embeddable":true,"href":"https:\/\/gazdasagportal.hu\/index.php\/wp-json\/wp\/v2\/categories?post=111119"},{"taxonomy":"post_tag","embeddable":true,"href":"https:\/\/gazdasagportal.hu\/index.php\/wp-json\/wp\/v2\/tags?post=111119"}],"curies":[{"name":"wp","href":"https:\/\/api.w.org\/{rel}","templated":true}]}}