{"id":111117,"date":"2018-11-23T16:38:13","date_gmt":"2018-11-23T15:38:13","guid":{"rendered":"http:\/\/gazdasagportal.hu\/?p=111117"},"modified":"2018-11-23T16:38:13","modified_gmt":"2018-11-23T15:38:13","slug":"brexit-theresa-may-az-eu-nem-fog-felajanlani-jobb-megallapodast","status":"publish","type":"post","link":"https:\/\/gazdasagportal.hu\/index.php\/brexit-theresa-may-az-eu-nem-fog-felajanlani-jobb-megallapodast\/","title":{"rendered":"Brexit &#8211; Theresa May: az EU nem fog felaj\u00e1nlani jobb meg\u00e1llapod\u00e1st"},"content":{"rendered":"<p><strong>A brit minisztereln\u00f6k szerint nem lehet arra sz\u00e1m\u00edtani, hogy az Eur\u00f3pai Uni\u00f3 a brit EU-tags\u00e1g megsz\u0171n\u00e9s\u00e9nek (Brexit) felt\u00e9teleir\u0151l \u00e9s a majdani k\u00e9toldal\u00fa kapcsolatrendszer kereteir\u0151l kidolgozott tervezetekn\u00e9l jobbat aj\u00e1nlana fel Londonnak, ha a brit parlament e dokumentumokat elutas\u00edtja.<\/strong><!--more--><\/p>\n<div class=\"ads-in-post1\"><div id=\"gazdasagportal.hu_fullbanner_wideboard\"><\/div>\r\n<\/div>\n<p>    Theresa May p\u00e9ntek d\u00e9lut\u00e1n a BBC News brit k\u00f6zszolg\u00e1lati h\u00edrtelev\u00edzi\u00f3 \u00e9s a BBC r\u00e1di\u00f3 k\u00f6z\u00f6s betelefon\u00e1l\u00f3s m\u0171sor\u00e1nak vend\u00e9ge volt. Arra a hallgat\u00f3i k\u00e9rd\u00e9sre, hogy &#8222;van-e B-terv&#8221; arra az esetre, ha  a londoni als\u00f3h\u00e1z a december m\u00e1sodik het\u00e9ben esed\u00e9kes szavaz\u00e1son nem fogadja el a Brexit-meg\u00e1llapod\u00e1sokat, May kijelentette: ha a meg\u00e1llapod\u00e1s &#8222;nem megy \u00e1t, akkor kezdhet\u00fcnk mindent el\u00f6lr\u0151l&#8221;, \u00e9s az orsz\u00e1gra m\u00e9g t\u00f6bb bizonytalans\u00e1g, megosztotts\u00e1g nehezedne.<br \/>\n    Hozz\u00e1tette: a korm\u00e1ny ebben az esetben hi\u00e1ba t\u00e9rne vissza Br\u00fcsszelbe azzal, &#8222;hogy az embereknek ez az egyezs\u00e9g nem tetszett, kaphatn\u00e1nk-e egy m\u00e1sikat. Nem hinn\u00e9m, hogy az Eur\u00f3pai Uni\u00f3 v\u00e1lasza erre az lenne, hogy tess\u00e9k, adunk egy jobb meg\u00e1llapod\u00e1st&#8221;.<br \/>\n<div class=\"ads-in-post2\"><script async src=\"https:\/\/pagead2.googlesyndication.com\/pagead\/js\/adsbygoogle.js\"><\/script>\r\n<ins class=\"adsbygoogle\"\r\n     style=\"display:block\"\r\n     data-ad-format=\"fluid\"\r\n     data-ad-layout-key=\"-6t+ed+2i-1n-4w\"\r\n     data-ad-client=\"ca-pub-1959107119989764\"\r\n     data-ad-slot=\"4008251320\"><\/ins>\r\n<script>\r\n     (adsbygoogle = window.adsbygoogle || []).push({});\r\n<\/script><\/div>\n    Theresa May szerint ugyanakkor az nem szerepelhet a lehet\u0151s\u00e9gek k\u00f6z\u00f6tt, hogy az Egyes\u00fclt Kir\u00e1lys\u00e1g az Eur\u00f3pai Uni\u00f3 tagja marad, mivel az uni\u00f3s tags\u00e1gr\u00f3l 2016-ban rendezett n\u00e9pszavaz\u00e1son a t\u00f6bbs\u00e9g a kil\u00e9p\u00e9sre voksolt, \u00e9s a korm\u00e1nynak ezt teljes\u00edtenie kell.<br \/>\n    A brit korm\u00e1nyf\u0151 azonban a m\u00falt h\u00e9ten, amikor a londoni als\u00f3h\u00e1z k\u00e9pvisel\u0151it t\u00e1j\u00e9koztatta a kil\u00e9p\u00e9si meg\u00e1llapod\u00e1stervezet r\u00e9szleteir\u0151l, m\u00e9g \u00fagy fogalmazott, hogy a dokumentum elfogad\u00e1s\u00e1val szemben csak k\u00e9t egy\u00e9b v\u00e1laszt\u00e1si lehet\u0151s\u00e9g l\u00e9tezik: a meg\u00e1llapod\u00e1s n\u00e9lk\u00fcli kil\u00e9p\u00e9s, vagy az, hogy az Egyes\u00fclt Kir\u00e1lys\u00e1g ki sem l\u00e9p az EU-b\u00f3l.         A Brexit-felt\u00e9teleket tartalmaz\u00f3 585 oldalas dokumentummal \u00e9s a majdani kapcsolatok keretrendszer\u00e9t felv\u00e1zol\u00f3 26 oldalas politikai deklar\u00e1ci\u00f3val a korm\u00e1nyz\u00f3 Konzervat\u00edv P\u00e1rt kem\u00e9nyvonalas Brexit-t\u00e1bora \u00e9s az ellenz\u00e9k egyar\u00e1nt rendk\u00edv\u00fcl el\u00e9gedetlen.<br \/>\n    Az EU-szkeptikus tory frakci\u00f3csoport meg\u00edt\u00e9l\u00e9se szerint e tervezetek a Brexit ut\u00e1n is t\u00fal szoros sz\u00e1lakkal f\u0171zn\u00e9k az Egyes\u00fclt Kir\u00e1lys\u00e1got az EU-hoz.<br \/>\n    A legnagyobb ellenz\u00e9ki er\u0151, a Munk\u00e1sp\u00e1rt ugyanakkor olyan m\u00f3dos\u00edt\u00e1sokat k\u00f6vetel, amelyek lehet\u0151v\u00e9 tenn\u00e9k Londonnak egy \u00e1lland\u00f3 v\u00e1muni\u00f3s viszonyrendszer fenntart\u00e1s\u00e1t az EU-val a kil\u00e9p\u00e9s ut\u00e1n is, a Liber\u00e1lis Demokrat\u00e1k pedig \u00faj n\u00e9pszavaz\u00e1st k\u00f6vetelnek, azzal az \u00e9rvvel, hogy a 2016-os n\u00e9pszavaz\u00e1s kamp\u00e1ny\u00e1ban a Brexit-p\u00e1rti t\u00e1bor f\u00e9lrevezet\u0151 \u00edg\u00e9retekkel vette r\u00e1 a v\u00e1laszt\u00f3kat a kil\u00e9p\u00e9s megszavaz\u00e1s\u00e1ra.<br \/>\n    Ebben a helyzetben egyel\u0151re k\u00e9rd\u00e9ses, hogy a korm\u00e1ny el tudja-e fogadtatni az als\u00f3h\u00e1zzal a kil\u00e9p\u00e9si tervezeteket a decemberi szavaz\u00e1son, k\u00fcl\u00f6n\u00f6s tekintettel arra, hogy a Konzervat\u00edv P\u00e1rt a tavalyi el\u0151rehozott v\u00e1laszt\u00e1sokon addigi csek\u00e9ly t\u00f6bbs\u00e9g\u00e9t is elvesz\u00edtette, \u00e9s jelenleg a legnagyobb \u00e9szak-\u00edrorsz\u00e1gi britp\u00e1rti protest\u00e1ns er\u0151, a szint\u00e9n rendk\u00edv\u00fcl EU-szkeptikus ir\u00e1nyvonal\u00fa Demokratikus Unionista P\u00e1rt (DUP) frakci\u00f3j\u00e1nak k\u00fcls\u0151 eseti t\u00e1mogat\u00e1s\u00e1ra szorul.<br \/>\n    A DUP is jelezte m\u00e1r, hogy a kil\u00e9p\u00e9si tervezeteket jelenlegi form\u00e1jukban nem tudja t\u00e1mogatni.<br \/>\n    Theresa May a p\u00e9nteki BBC-m\u0171sorban mindazon\u00e1ltal kijelentette: a k\u00f6vetkez\u0151 napokban az \u0151 feladata az lesz, hogy meggy\u0151zze a k\u00e9pvisel\u0151ket a meg\u00e1llapod\u00e1stervezetek t\u00e1mogat\u00e1s\u00e1nak sz\u00fcks\u00e9gess\u00e9g\u00e9r\u0151l, \u00e9s igyekszik elmagyar\u00e1zni a v\u00e1laszt\u00f3knak is az el\u00e9rt egyezs\u00e9gek el\u0151nyeit.(MTI)<\/p>\n","protected":false},"excerpt":{"rendered":"<p>A brit minisztereln\u00f6k szerint nem lehet arra sz\u00e1m\u00edtani, hogy az Eur\u00f3pai Uni\u00f3 a brit EU-tags\u00e1g megsz\u0171n\u00e9s\u00e9nek (Brexit) felt\u00e9teleir\u0151l \u00e9s a majdani k\u00e9toldal\u00fa kapcsolatrendszer kereteir\u0151l kidolgozott tervezetekn\u00e9l jobbat aj\u00e1nlana fel Londonnak, ha a brit parlament e dokumentumokat elutas\u00edtja.<\/p>\n","protected":false},"author":1,"featured_media":0,"comment_status":"closed","ping_status":"open","sticky":false,"template":"","format":"standard","meta":[],"categories":[12,246],"tags":[],"_links":{"self":[{"href":"https:\/\/gazdasagportal.hu\/index.php\/wp-json\/wp\/v2\/posts\/111117"}],"collection":[{"href":"https:\/\/gazdasagportal.hu\/index.php\/wp-json\/wp\/v2\/posts"}],"about":[{"href":"https:\/\/gazdasagportal.hu\/index.php\/wp-json\/wp\/v2\/types\/post"}],"author":[{"embeddable":true,"href":"https:\/\/gazdasagportal.hu\/index.php\/wp-json\/wp\/v2\/users\/1"}],"replies":[{"embeddable":true,"href":"https:\/\/gazdasagportal.hu\/index.php\/wp-json\/wp\/v2\/comments?post=111117"}],"version-history":[{"count":1,"href":"https:\/\/gazdasagportal.hu\/index.php\/wp-json\/wp\/v2\/posts\/111117\/revisions"}],"predecessor-version":[{"id":111118,"href":"https:\/\/gazdasagportal.hu\/index.php\/wp-json\/wp\/v2\/posts\/111117\/revisions\/111118"}],"wp:attachment":[{"href":"https:\/\/gazdasagportal.hu\/index.php\/wp-json\/wp\/v2\/media?parent=111117"}],"wp:term":[{"taxonomy":"category","embeddable":true,"href":"https:\/\/gazdasagportal.hu\/index.php\/wp-json\/wp\/v2\/categories?post=111117"},{"taxonomy":"post_tag","embeddable":true,"href":"https:\/\/gazdasagportal.hu\/index.php\/wp-json\/wp\/v2\/tags?post=111117"}],"curies":[{"name":"wp","href":"https:\/\/api.w.org\/{rel}","templated":true}]}}