{"id":111113,"date":"2018-11-23T15:35:41","date_gmt":"2018-11-23T14:35:41","guid":{"rendered":"http:\/\/gazdasagportal.hu\/?p=111113"},"modified":"2018-11-23T15:35:41","modified_gmt":"2018-11-23T14:35:41","slug":"mar-387-intezmeny-tobb-mint-72-ezer-diakja-regisztralt-a-jovo-evi-penz7-temahetre","status":"publish","type":"post","link":"https:\/\/gazdasagportal.hu\/index.php\/mar-387-intezmeny-tobb-mint-72-ezer-diakja-regisztralt-a-jovo-evi-penz7-temahetre\/","title":{"rendered":"M\u00e1r 387 int\u00e9zm\u00e9ny t\u00f6bb mint 72 ezer di\u00e1kja regisztr\u00e1lt a j\u00f6v\u0151 \u00e9vi P\u00e9nz7 t\u00e9mah\u00e9tre"},"content":{"rendered":"<p><strong><strong><\/strong>Eddig 387 oktat\u00e1si int\u00e9zm\u00e9ny t\u00f6bb mint 72 ezer di\u00e1kja regisztr\u00e1lt a j\u00f6v\u0151 \u00e9vi P\u00e9nz7 rendezv\u00e9nysorozat\u00e1ra, amelyet 2019. febru\u00e1r 25-t\u0151l m\u00e1rcius 1-ig tartanak meg &#8211; jelentett\u00e9k be a szervez\u0151k a p\u00e9nz\u00fcgyi \u00e9s v\u00e1llalkoz\u00f3i t\u00e9mah\u00e9tr\u0151l tartott sajt\u00f3t\u00e1j\u00e9koztat\u00f3n p\u00e9nteken Budapesten.<\/strong><!--more--><\/p>\n<div class=\"ads-in-post1\"><div id=\"gazdasagportal.hu_fullbanner_wideboard\"><\/div>\r\n<\/div>\n<p>A 2018\/2019-es tan\u00e9v rendj\u00e9ben meghirdetett P\u00e9nz7 programban m\u00e1r \u00f6t\u00f6dsz\u00f6r vehetnek r\u00e9szt az iskol\u00e1k. Az el\u0151z\u0151, 2017\/2018-as tan\u00e9v P\u00e9nz7 rendezv\u00e9ny\u00e9n k\u00f6zel 1250 iskola 202 ezer di\u00e1kja vett r\u00e9szt, ami eur\u00f3pai rekordnak sz\u00e1m\u00edt.<br \/>\nA t\u00e9mah\u00e9t megval\u00f3s\u00edt\u00e1sa \u00e9rdek\u00e9ben p\u00e9nteken hatoldal\u00fa meg\u00e1llapod\u00e1st k\u00f6t\u00f6ttek a P\u00e9nz7 egy\u00fcttm\u0171k\u00f6d\u0151 partnerei: az Emberi Er\u0151forr\u00e1sok Miniszt\u00e9riuma projektgazdak\u00e9nt, tov\u00e1bb\u00e1 az Innov\u00e1ci\u00f3s \u00e9s Technol\u00f3giai Miniszt\u00e9rium, a P\u00e9nz\u00fcgyminiszt\u00e9rium, a Magyar Banksz\u00f6vets\u00e9g, a P\u00e9nzir\u00e1nyt\u0171 Alap\u00edtv\u00e1ny \u00e9s a Junior Achievement Magyarorsz\u00e1g Alap\u00edtv\u00e1ny.<br \/>\nA 2014\/2015. tan\u00e9v \u00f3ta &#8211; csatlakozva a European Money Week \u00e9s Global Money Week kezdem\u00e9nyez\u00e9shez &#8211; a t\u00e9mah\u00e9t keret\u00e9ben az egyes orsz\u00e1gok \u00e1ltal\u00e1nos- \u00e9s k\u00f6z\u00e9piskol\u00e1iban gazdas\u00e1gi-p\u00e9nz\u00fcgyi t\u00e9m\u00e1j\u00fa tan\u00f3r\u00e1kat tartanak. A program c\u00e9lja, hogy a fiatalok tudatosabban kezelj\u00e9k p\u00e9nz\u00fcgyeiket, alaposabb ismeretekkel rendelkezzenek a v\u00e1llalkoz\u00e1sokr\u00f3l, a gazdas\u00e1g \u00e9s a p\u00e9nzvil\u00e1g m\u0171k\u00f6d\u00e9s\u00e9r\u0151l.<br \/>\n<div class=\"ads-in-post2\"><script async src=\"https:\/\/pagead2.googlesyndication.com\/pagead\/js\/adsbygoogle.js\"><\/script>\r\n<ins class=\"adsbygoogle\"\r\n     style=\"display:block\"\r\n     data-ad-format=\"fluid\"\r\n     data-ad-layout-key=\"-6t+ed+2i-1n-4w\"\r\n     data-ad-client=\"ca-pub-1959107119989764\"\r\n     data-ad-slot=\"4008251320\"><\/ins>\r\n<script>\r\n     (adsbygoogle = window.adsbygoogle || []).push({});\r\n<\/script><\/div>\nB\u00f3dis J\u00f3zsef, az Emberi Er\u0151forr\u00e1sok Miniszt\u00e9riuma (EMMI) oktat\u00e1s\u00e9rt felel\u0151s \u00e1llamtitk\u00e1ra a sajt\u00f3t\u00e1j\u00e9koztat\u00f3n kiemelte: az oktat\u00e1sban meger\u0151s\u00f6d\u00f6tt az a n\u00e9zet, hogy a di\u00e1kok olyan ismereteket saj\u00e1t\u00edtsanak el, amelyek az \u00e9letre k\u00e9sz\u00edtik fel \u0151ket. A p\u00e9nz a mindennapjaink r\u00e9sze, \u00edgy a p\u00e9nz\u00fcgyi \u00e9s v\u00e1llalkoz\u00f3i ismeretek \u00e1tad\u00e1sa, a p\u00e9nz\u00fcgyi tudatoss\u00e1g meger\u0151s\u00edt\u00e9se megfontolt d\u00f6nt\u00e9sekre \u00f6szt\u00f6nzi a fiatalokat.<br \/>\nGy\u00f6rgy L\u00e1szl\u00f3, az Innov\u00e1ci\u00f3s \u00e9s Technol\u00f3giai Miniszt\u00e9rium (ITM) gazdas\u00e1gstrat\u00e9gi\u00e1\u00e9rt \u00e9s szab\u00e1lyoz\u00e1s\u00e9rt felel\u0151s \u00e1llamtitk\u00e1ra arr\u00f3l besz\u00e9lt, m\u00e1s orsz\u00e1gok n\u00e9pei azt tartj\u00e1k a magyarokr\u00f3l, hogy kreat\u00edv nemzet vagyunk. A c\u00e9l az, hogy ennek a kreativit\u00e1snak az alapj\u00e1n egyre t\u00f6bb fiatal fogjon v\u00e1llalkoz\u00e1sba Magyarorsz\u00e1gon, &#8222;vagyis olyan fiatalokat nevelj\u00fcnk, akik a j\u00e9g h\u00e1t\u00e1n is meg\u00e9lnek&#8221;.<br \/>\nBalogh L\u00e1szl\u00f3, a P\u00e9nz\u00fcgyminiszt\u00e9rium (PM) p\u00e9nz\u00fcgypolitik\u00e1\u00e9rt felel\u0151s helyettes \u00e1llamtitk\u00e1ra elmondta: 2017 \u0151sz\u00e9n ind\u00edtotta el a korm\u00e1ny azt a h\u00e9t \u00e9ves p\u00e9nz\u00fcgyikult\u00fara-fejleszt\u00e9si strat\u00e9gi\u00e1t, amelynek c\u00e9lja, hogy a magyar lakoss\u00e1g p\u00e9nz\u00fcgyi ismeretei b\u0151v\u00fcljenek, gyakorlati tapasztalatokat szerezzenek az emberek a p\u00e9nz\u00fcgyek mindennapi kezel\u00e9s\u00e9ben. Jelezte: el\u0151sz\u00f6r a P\u00e9nz7 rendezv\u00e9nyei az iskol\u00e1skor\u00faakat c\u00e9lozt\u00e1k meg, de az elm\u00falt \u00e9vek sor\u00e1n kider\u00fclt, nagy ig\u00e9ny van arra, hogy a di\u00e1kok mellett a tan\u00e1rok \u00e9s a sz\u00fcl\u0151k is elm\u00e9ly\u00edts\u00e9k ismereteiket.<br \/>\nHeged\u00fcs \u00c9va, a Magyar Banksz\u00f6vets\u00e9g eln\u00f6ks\u00e9gi tagja elmondta, hogy a banksz\u00f6vets\u00e9g, mint a nemzetk\u00f6zi program magyarorsz\u00e1gi kezdem\u00e9nyez\u0151je \u00f6nk\u00e9ntes oktat\u00f3kkal m\u00e1r 5 \u00e9ve seg\u00edti a lakoss\u00e1g p\u00e9nz\u00fcgyi ismereteinek b\u0151v\u00edt\u00e9s\u00e9t. A P\u00e9nz7 iskolai rendezv\u00e9nyei sor\u00e1n konkr\u00e9t p\u00e9nzint\u00e9zetek \u00e9s term\u00e9kek eml\u00edt\u00e9se n\u00e9lk\u00fcl oktatj\u00e1k az alapismereteket. A tan\u00e1rokkal egy\u00fcttm\u0171k\u00f6dve banki \u00e9s v\u00e1llalkoz\u00f3i szakemberek vesznek r\u00e9szt orsz\u00e1gszerte a k\u00e9pz\u00e9sben.<br \/>\nHerg\u00e1r Eszter, a P\u00e9nzir\u00e1nyt\u0171 Alap\u00edtv\u00e1ny kurat\u00f3rium\u00e1nak eln\u00f6ke ismertette: a j\u00f6v\u0151 \u00e9vi p\u00e9nz\u00fcgyi t\u00e9ma az &#8222;Okosan a befektet\u00e9sekr\u0151l!&#8221; t\u00e9mak\u00f6r lesz, m\u00edg a rendhagy\u00f3 v\u00e1llalkoz\u00f3i tan\u00f3r\u00e1kon a &#8222;Probl\u00e9mafelismer\u00e9s \u00e9s az \u00fczleti \u00f6tlet&#8221; lesz a k\u00e9pz\u00e9s f\u00f3kusz\u00e1ban a Junior Achievement Magyarorsz\u00e1g Alap\u00edtv\u00e1ny k\u00f6zrem\u0171k\u00f6d\u00e9s\u00e9vel. Hozz\u00e1tette, hogy a szakmai lektor\u00e1l\u00e1sokon \u00e9s pr\u00f3batan\u00edt\u00e1sokon &#8222;\u00e1tment&#8221; \u00f3ratervek \u00e9s pedag\u00f3gus felk\u00e9sz\u00edt\u0151 anyagok m\u00e1r online is el\u00e9rhet\u0151ek az iskol\u00e1k sz\u00e1m\u00e1ra &#8211; a regisztr\u00e1ci\u00f3t k\u00f6vet\u0151en &#8211; a\u00a0<a title=\"Hely megnyit\u00e1sa\" href=\"http:\/\/www.penz7.hu\/\" target=\"_blank\" rel=\"noopener noreferrer\">www.penz7.hu<\/a>\u00a0oldalon.(MTI)<\/p>\n<p>&nbsp;<\/p><div id=\"gazda-3299631179\" class=\"gazda-tartalomban gazda-entity-placement\"><script async src=\"https:\/\/pagead2.googlesyndication.com\/pagead\/js\/adsbygoogle.js\"><\/script>\r\n<ins class=\"adsbygoogle\"\r\n     style=\"display:block\"\r\n     data-ad-format=\"fluid\"\r\n     data-ad-layout-key=\"-6t+ed+2i-1n-4w\"\r\n     data-ad-client=\"ca-pub-1959107119989764\"\r\n     data-ad-slot=\"4008251320\"><\/ins>\r\n<script>\r\n     (adsbygoogle = window.adsbygoogle || []).push({});\r\n<\/script><\/div>\n","protected":false},"excerpt":{"rendered":"<p>Eddig 387 oktat\u00e1si int\u00e9zm\u00e9ny t\u00f6bb mint 72 ezer di\u00e1kja regisztr\u00e1lt a j\u00f6v\u0151 \u00e9vi P\u00e9nz7 rendezv\u00e9nysorozat\u00e1ra, amelyet 2019. febru\u00e1r 25-t\u0151l m\u00e1rcius 1-ig tartanak meg &#8211; jelentett\u00e9k be a szervez\u0151k a p\u00e9nz\u00fcgyi \u00e9s v\u00e1llalkoz\u00f3i t\u00e9mah\u00e9tr\u0151l tartott sajt\u00f3t\u00e1j\u00e9koztat\u00f3n p\u00e9nteken Budapesten.<\/p>\n","protected":false},"author":1,"featured_media":0,"comment_status":"closed","ping_status":"open","sticky":false,"template":"","format":"standard","meta":[],"categories":[4,19],"tags":[],"_links":{"self":[{"href":"https:\/\/gazdasagportal.hu\/index.php\/wp-json\/wp\/v2\/posts\/111113"}],"collection":[{"href":"https:\/\/gazdasagportal.hu\/index.php\/wp-json\/wp\/v2\/posts"}],"about":[{"href":"https:\/\/gazdasagportal.hu\/index.php\/wp-json\/wp\/v2\/types\/post"}],"author":[{"embeddable":true,"href":"https:\/\/gazdasagportal.hu\/index.php\/wp-json\/wp\/v2\/users\/1"}],"replies":[{"embeddable":true,"href":"https:\/\/gazdasagportal.hu\/index.php\/wp-json\/wp\/v2\/comments?post=111113"}],"version-history":[{"count":1,"href":"https:\/\/gazdasagportal.hu\/index.php\/wp-json\/wp\/v2\/posts\/111113\/revisions"}],"predecessor-version":[{"id":111114,"href":"https:\/\/gazdasagportal.hu\/index.php\/wp-json\/wp\/v2\/posts\/111113\/revisions\/111114"}],"wp:attachment":[{"href":"https:\/\/gazdasagportal.hu\/index.php\/wp-json\/wp\/v2\/media?parent=111113"}],"wp:term":[{"taxonomy":"category","embeddable":true,"href":"https:\/\/gazdasagportal.hu\/index.php\/wp-json\/wp\/v2\/categories?post=111113"},{"taxonomy":"post_tag","embeddable":true,"href":"https:\/\/gazdasagportal.hu\/index.php\/wp-json\/wp\/v2\/tags?post=111113"}],"curies":[{"name":"wp","href":"https:\/\/api.w.org\/{rel}","templated":true}]}}