{"id":111111,"date":"2018-11-23T14:03:08","date_gmt":"2018-11-23T13:03:08","guid":{"rendered":"http:\/\/gazdasagportal.hu\/?p=111111"},"modified":"2018-11-23T14:03:08","modified_gmt":"2018-11-23T13:03:08","slug":"varga-ajanlott-tartalekot-kepezni-a-telepulesek-koltsegveteseben","status":"publish","type":"post","link":"https:\/\/gazdasagportal.hu\/index.php\/varga-ajanlott-tartalekot-kepezni-a-telepulesek-koltsegveteseben\/","title":{"rendered":"Varga: aj\u00e1nlott tartal\u00e9kot k\u00e9pezni a telep\u00fcl\u00e9sek k\u00f6lts\u00e9gvet\u00e9s\u00e9ben"},"content":{"rendered":"<p><strong>A korm\u00e1ny 2019-es k\u00f6lts\u00e9gvet\u00e9s\u00e9ben 360 milli\u00e1rd forintnyi tartal\u00e9k van egy esetleges gazdas\u00e1gi lassul\u00e1sra felk\u00e9sz\u00fclve. A megyei jog\u00fa v\u00e1rosoknak is azt javasoltam, hogy k\u00e9pezzenek tartal\u00e9kot, \u00edgy neh\u00e9zs\u00e9gek eset\u00e9n is meg tudj\u00e1k val\u00f3s\u00edtani beruh\u00e1z\u00e1saikat &#8211; mondta Varga Mih\u00e1ly a Megyei Jog\u00fa V\u00e1rosok Sz\u00f6vets\u00e9g\u00e9nek k\u00f6zgy\u0171l\u00e9se k\u00f6zben tartott sajt\u00f3t\u00e1j\u00e9koztat\u00f3n p\u00e9nteken Tatab\u00e1ny\u00e1n.<\/strong><!--more--><\/p>\n<div class=\"ads-in-post1\"><div id=\"gazdasagportal.hu_fullbanner_wideboard\"><\/div>\r\n<\/div>\n<p>    A p\u00e9nz\u00fcgyminiszter hozz\u00e1tette, az elm\u00falt \u00e9vek a gazdas\u00e1gi er\u0151s\u00f6d\u00e9s jegy\u00e9ben teltek. A fejleszt\u00e9si programok indul\u00e1s\u00e1hoz biztos alapot jelentett, hogy a korm\u00e1ny 1300 milli\u00e1rd forintnyi ad\u00f3ss\u00e1got v\u00e1llalt \u00e1t az \u00f6nkorm\u00e1nyzatokb\u00f3l, ebb\u0151l 400 milli\u00e1rd forint volt a megyei jog\u00fa v\u00e1rosok ad\u00f3ss\u00e1g\u00e1llom\u00e1nya.<br \/>\n    Varga Mih\u00e1ly kiemelte, hogy a nagyv\u00e1rosokban a k\u00f6vetkez\u0151 \u00e9vek fejleszt\u00e9seit a Modern v\u00e1rosok programja hat\u00e1rozza meg, 250 projekt val\u00f3sul meg k\u00f6zponti t\u00e1mogat\u00e1ssal, \u00f6sszesen 3700 milli\u00e1rd forintos \u00e9rt\u00e9kben<br \/>\n    C\u00e9lunk, hogy ezt a programot teljes k\u00f6r\u0171en megval\u00f3s\u00edtsuk, mert azt gondoljuk, hogy telep\u00fcl\u00e9sek saj\u00e1t maguk tudj\u00e1k a legjobban eld\u00f6nteni, sz\u00e1mukra milyen fejleszt\u00e9sek a leghat\u00e9konyabbak &#8211; mondta a miniszter.<br \/>\n<div class=\"ads-in-post2\"><script async src=\"https:\/\/pagead2.googlesyndication.com\/pagead\/js\/adsbygoogle.js\"><\/script>\r\n<ins class=\"adsbygoogle\"\r\n     style=\"display:block\"\r\n     data-ad-format=\"fluid\"\r\n     data-ad-layout-key=\"-6t+ed+2i-1n-4w\"\r\n     data-ad-client=\"ca-pub-1959107119989764\"\r\n     data-ad-slot=\"4008251320\"><\/ins>\r\n<script>\r\n     (adsbygoogle = window.adsbygoogle || []).push({});\r\n<\/script><\/div>\n    Varga Mih\u00e1ly szint\u00e9n a fejl\u0151d\u00e9st szolg\u00e1l\u00f3 elemnek nevezte a 2016-ban elind\u00edtott b\u00e9rfelz\u00e1rk\u00f3ztat\u00e1si programot, mely \u00e9rinti a minim\u00e1lb\u00e9rt \u00e9s a garant\u00e1lt b\u00e9rminimum \u00f6sszeg\u00e9t. Hozz\u00e1tette: nehezen sz\u00fcletnek meg a k\u00f6vetkez\u0151 \u00e9vre sz\u00f3l\u00f3 b\u00e9rmeg\u00e1llapod\u00e1sok.<br \/>\n    A korm\u00e1ny t\u00f6rekszik, hogy az adott vit\u00e1t figyelembe v\u00e9ve seg\u00edtse a k\u00e9t f\u00e9l meg\u00e1llapod\u00e1s\u00e1t. Ha ez nem t\u00f6rt\u00e9nik meg akkor az \u00e9v v\u00e9g\u00e9n a korm\u00e1ny meghozza azt a sz\u00fcks\u00e9ges d\u00f6nt\u00e9st, mely meghat\u00e1rozza a k\u00f6vetkez\u0151 \u00e9vi minim\u00e1lb\u00e9r \u00f6sszeg\u00e9t &#8211; jelentette ki a politikus. (MTI)<\/p>\n","protected":false},"excerpt":{"rendered":"<p>A korm\u00e1ny 2019-es k\u00f6lts\u00e9gvet\u00e9s\u00e9ben 360 milli\u00e1rd forintnyi tartal\u00e9k van egy esetleges gazdas\u00e1gi lassul\u00e1sra felk\u00e9sz\u00fclve. A megyei jog\u00fa v\u00e1rosoknak is azt javasoltam, hogy k\u00e9pezzenek tartal\u00e9kot, \u00edgy neh\u00e9zs\u00e9gek eset\u00e9n is meg tudj\u00e1k val\u00f3s\u00edtani beruh\u00e1z\u00e1saikat &#8211; mondta Varga Mih\u00e1ly a Megyei Jog\u00fa V\u00e1rosok Sz\u00f6vets\u00e9g\u00e9nek k\u00f6zgy\u0171l\u00e9se k\u00f6zben tartott sajt\u00f3t\u00e1j\u00e9koztat\u00f3n p\u00e9nteken Tatab\u00e1ny\u00e1n.<\/p>\n","protected":false},"author":1,"featured_media":0,"comment_status":"closed","ping_status":"open","sticky":false,"template":"","format":"standard","meta":[],"categories":[4,19],"tags":[],"_links":{"self":[{"href":"https:\/\/gazdasagportal.hu\/index.php\/wp-json\/wp\/v2\/posts\/111111"}],"collection":[{"href":"https:\/\/gazdasagportal.hu\/index.php\/wp-json\/wp\/v2\/posts"}],"about":[{"href":"https:\/\/gazdasagportal.hu\/index.php\/wp-json\/wp\/v2\/types\/post"}],"author":[{"embeddable":true,"href":"https:\/\/gazdasagportal.hu\/index.php\/wp-json\/wp\/v2\/users\/1"}],"replies":[{"embeddable":true,"href":"https:\/\/gazdasagportal.hu\/index.php\/wp-json\/wp\/v2\/comments?post=111111"}],"version-history":[{"count":1,"href":"https:\/\/gazdasagportal.hu\/index.php\/wp-json\/wp\/v2\/posts\/111111\/revisions"}],"predecessor-version":[{"id":111112,"href":"https:\/\/gazdasagportal.hu\/index.php\/wp-json\/wp\/v2\/posts\/111111\/revisions\/111112"}],"wp:attachment":[{"href":"https:\/\/gazdasagportal.hu\/index.php\/wp-json\/wp\/v2\/media?parent=111111"}],"wp:term":[{"taxonomy":"category","embeddable":true,"href":"https:\/\/gazdasagportal.hu\/index.php\/wp-json\/wp\/v2\/categories?post=111111"},{"taxonomy":"post_tag","embeddable":true,"href":"https:\/\/gazdasagportal.hu\/index.php\/wp-json\/wp\/v2\/tags?post=111111"}],"curies":[{"name":"wp","href":"https:\/\/api.w.org\/{rel}","templated":true}]}}