{"id":111108,"date":"2018-11-23T12:45:51","date_gmt":"2018-11-23T11:45:51","guid":{"rendered":"http:\/\/gazdasagportal.hu\/?p=111108"},"modified":"2018-11-23T12:45:51","modified_gmt":"2018-11-23T11:45:51","slug":"nezopont-kialakuloban-van-a-v4-identitas","status":"publish","type":"post","link":"https:\/\/gazdasagportal.hu\/index.php\/nezopont-kialakuloban-van-a-v4-identitas\/","title":{"rendered":"N\u00e9z\u0151pont: kialakul\u00f3ban van a V4-identit\u00e1s"},"content":{"rendered":"<p><strong>A N\u00e9z\u0151pont Int\u00e9zet legfrissebb felm\u00e9r\u00e9s\u00e9b\u0151l arra lehet k\u00f6vetkeztetni, hogy a visegr\u00e1di orsz\u00e1gokban (V4) kialakul\u00f3ban van egy \u00fagynevezett V4-identit\u00e1s &#8211; mondta Mr\u00e1z \u00c1goston S\u00e1muel, a N\u00e9z\u0151pont-csoport vezet\u0151je az M1 aktu\u00e1lis csatorn\u00e1n p\u00e9nteken. <\/strong><!--more--><\/p>\n<div class=\"ads-in-post1\"><div id=\"gazdasagportal.hu_fullbanner_wideboard\"><\/div>\r\n<\/div>\n<p>    Kifejtette: a n\u00e9gy \u00e1llam feln\u0151tt n\u00e9pess\u00e9g\u00e9nek t\u00falnyom\u00f3 r\u00e9sze \u00fagy gondolja, hogy orsz\u00e1ga a sz\u00f6vets\u00e9g keretein bel\u00fcl jobban \u00e9rv\u00e9nyes\u00edtheti \u00e9rdekeit az Eur\u00f3pai Uni\u00f3ban. Ez az egy\u00fcttm\u0171k\u00f6d\u00e9s j\u00f6v\u0151j\u00e9t is megalapozza, hiszen demokratikus k\u00f6r\u00fclm\u00e9nyek k\u00f6z\u00f6tt egy politikus nem tud a t\u00f6bbs\u00e9ggel szemben politiz\u00e1lni, a V4-orsz\u00e1gokban lak\u00f3k t\u00f6bbs\u00e9ge pedig elv\u00e1rja, hogy nemzeti \u00e9rdek\u00e9t a visegr\u00e1di egy\u00fcttm\u0171k\u00f6d\u00e9s \u00e1ltal \u00e9rv\u00e9nyes\u00edts\u00e9k, \u00edgy a politikai vezet\u0151k is ennek megfelel\u0151en kell elj\u00e1rjanak &#8211; f\u0171zte hozz\u00e1.<br \/>\n<div class=\"ads-in-post2\"><script async src=\"https:\/\/pagead2.googlesyndication.com\/pagead\/js\/adsbygoogle.js\"><\/script>\r\n<ins class=\"adsbygoogle\"\r\n     style=\"display:block\"\r\n     data-ad-format=\"fluid\"\r\n     data-ad-layout-key=\"-6t+ed+2i-1n-4w\"\r\n     data-ad-client=\"ca-pub-1959107119989764\"\r\n     data-ad-slot=\"4008251320\"><\/ins>\r\n<script>\r\n     (adsbygoogle = window.adsbygoogle || []).push({});\r\n<\/script><\/div>\n    R\u00e1mutatott: a V4 t\u00e1mogatotts\u00e1g\u00e1nak m\u00e9rt\u00e9ke orsz\u00e1gt\u00f3l f\u00fcgg\u0151en v\u00e1ltozik, m\u00edg a lengyelek alig t\u00f6bb mint fele, addig a magyarok csaknem h\u00e1romnegyede t\u00e1mogatja az egy\u00fcttm\u0171k\u00f6d\u00e9st.<br \/>\n    Hangs\u00falyozta: Br\u00fcsszelben sok\u00e1ig rem\u00e9nykedtek abban, hogy ez az egy\u00fcttm\u0171k\u00f6d\u00e9s &#8211; ideol\u00f3giai k\u00fcl\u00f6nbs\u00e9gek miatt &#8211; megsz\u0171nik. Ez az \u00f6sszefog\u00e1s azonban nem k\u00edv\u00e1n teljes egyet\u00e9rt\u00e9st, hiszen \u00e9rdekek koordin\u00e1ci\u00f3j\u00e1ra, illetve k\u00f6z\u00f6s fell\u00e9p\u00e9sre szolg\u00e1l &#8211; fogalmazott.<br \/>\n    A N\u00e9z\u0151pont Int\u00e9zet telefonos (CATI) k\u00f6zv\u00e9lem\u00e9ny-kutat\u00e1sa okt\u00f3ber 16-31. k\u00f6z\u00f6tt k\u00e9sz\u00fclt a n\u00e9gy orsz\u00e1gban, 1000-1000 ember megk\u00e9rdez\u00e9s\u00e9vel.(MTI)<\/p>\n","protected":false},"excerpt":{"rendered":"<p>A N\u00e9z\u0151pont Int\u00e9zet legfrissebb felm\u00e9r\u00e9s\u00e9b\u0151l arra lehet k\u00f6vetkeztetni, hogy a visegr\u00e1di orsz\u00e1gokban (V4) kialakul\u00f3ban van egy \u00fagynevezett V4-identit\u00e1s &#8211; mondta Mr\u00e1z \u00c1goston S\u00e1muel, a N\u00e9z\u0151pont-csoport vezet\u0151je az M1 aktu\u00e1lis csatorn\u00e1n p\u00e9nteken.<\/p>\n","protected":false},"author":1,"featured_media":0,"comment_status":"closed","ping_status":"open","sticky":false,"template":"","format":"standard","meta":[],"categories":[4],"tags":[],"_links":{"self":[{"href":"https:\/\/gazdasagportal.hu\/index.php\/wp-json\/wp\/v2\/posts\/111108"}],"collection":[{"href":"https:\/\/gazdasagportal.hu\/index.php\/wp-json\/wp\/v2\/posts"}],"about":[{"href":"https:\/\/gazdasagportal.hu\/index.php\/wp-json\/wp\/v2\/types\/post"}],"author":[{"embeddable":true,"href":"https:\/\/gazdasagportal.hu\/index.php\/wp-json\/wp\/v2\/users\/1"}],"replies":[{"embeddable":true,"href":"https:\/\/gazdasagportal.hu\/index.php\/wp-json\/wp\/v2\/comments?post=111108"}],"version-history":[{"count":1,"href":"https:\/\/gazdasagportal.hu\/index.php\/wp-json\/wp\/v2\/posts\/111108\/revisions"}],"predecessor-version":[{"id":111109,"href":"https:\/\/gazdasagportal.hu\/index.php\/wp-json\/wp\/v2\/posts\/111108\/revisions\/111109"}],"wp:attachment":[{"href":"https:\/\/gazdasagportal.hu\/index.php\/wp-json\/wp\/v2\/media?parent=111108"}],"wp:term":[{"taxonomy":"category","embeddable":true,"href":"https:\/\/gazdasagportal.hu\/index.php\/wp-json\/wp\/v2\/categories?post=111108"},{"taxonomy":"post_tag","embeddable":true,"href":"https:\/\/gazdasagportal.hu\/index.php\/wp-json\/wp\/v2\/tags?post=111108"}],"curies":[{"name":"wp","href":"https:\/\/api.w.org\/{rel}","templated":true}]}}