{"id":111084,"date":"2018-11-22T16:24:03","date_gmt":"2018-11-22T15:24:03","guid":{"rendered":"http:\/\/gazdasagportal.hu\/?p=111084"},"modified":"2018-11-22T16:24:03","modified_gmt":"2018-11-22T15:24:03","slug":"sokba-kerulhetnek-a-megteveszto-black-friday-reklamok","status":"publish","type":"post","link":"https:\/\/gazdasagportal.hu\/index.php\/sokba-kerulhetnek-a-megteveszto-black-friday-reklamok\/","title":{"rendered":"Sokba ker\u00fclhetnek a megt\u00e9veszt\u0151 Black Friday rekl\u00e1mok"},"content":{"rendered":"<p><strong>A Black Friday magyarorsz\u00e1gi n\u00e9pszer\u0171s\u00e9g\u00e9nek n\u00f6veked\u00e9s\u00e9vel egy\u00fctt j\u00e1r az is, hogy egyre t\u00f6bb panasz \u00e9rkezik az akci\u00f3kkal kapcsolatban. A fogyaszt\u00f3v\u00e9delmi hat\u00f3s\u00e1gok is fokozottan figyelnek erre az id\u0151szakra, ez\u00e9rt a keresked\u0151knek \u00e9rdemes szak\u00e9rt\u0151kkel el\u0151re egyeztetni\u00fck az akci\u00f3ik tartalm\u00e1t, mivel ha hib\u00e1znak, ak\u00e1r t\u00f6bb milli\u00f3 forintos b\u00edrs\u00e1got is kaphatnak. <\/strong><!--more--><\/p>\n<div class=\"ads-in-post1\"><div id=\"gazdasagportal.hu_fullbanner_wideboard\"><\/div>\r\n<\/div>\n<p>A Black Friday kezdem\u00e9nyez\u00e9s 1966-ban indult az Egyes\u00fclt \u00c1llamokb\u00f3l \u00e9s p\u00e1r \u00e9ve n\u00e1lunk is egyre nagyobb n\u00e9pszer\u0171s\u00e9gnek \u00f6rvend. A kar\u00e1csonyi szezon kezdet\u00e9t jelz\u0151 id\u0151szakban sz\u00e1mos bolt \u00e9s online web\u00e1ruh\u00e1z k\u00edn\u00e1lja term\u00e9keit hatalmas kedvezm\u00e9nyekkel. A GKI Digital kutat\u00e1sa szerint az id\u00e9n november 12-t\u0151l 25-ig tart\u00f3 id\u0151szakban az eg\u00e9sz \u00e9ves online kereskedelmi forgalom csaknem 9 sz\u00e1zal\u00e9ka fog realiz\u00e1l\u00f3dni, valamint az egy f\u0151re vet\u00edtett,\u00a0\u00e1tlagosan 45-50 ezer\u00a0forintos v\u00e1rhat\u00f3 k\u00f6lt\u00e9s mellett\u00a0id\u00e9n\u00a0az online rendel\u00e9sek k\u00f6zel 40 milli\u00e1rd forintos forgalmat eredm\u00e9nyezhetnek.<a href=\"#_ftn1\" name=\"_ftnref1\">[1]<\/a><\/p>\n<p>A Black Friday n\u00e9pszer\u0171s\u00e9g\u00e9nek n\u00f6veked\u00e9s\u00e9vel term\u00e9szetesen egyre n\u0151 az akci\u00f3kkal kapcsolatos fogyaszt\u00f3i panaszok sz\u00e1ma is, annak ellen\u00e9re, hogy a fogyaszt\u00f3v\u00e9delmi hat\u00f3s\u00e1gok \u00e9vr\u0151l \u00e9vre pr\u00f3bav\u00e1s\u00e1rl\u00e1sokat hajtanak v\u00e9gre ebben az id\u0151szakban, elj\u00e1r\u00e1st ind\u00edtanak a megt\u00e9veszt\u0151en akci\u00f3z\u00f3 keresked\u0151kkel szemben \u00e9s a fogyaszt\u00f3k figyelm\u00e9t k\u00fcl\u00f6n is felh\u00edvj\u00e1k a leggyakoribb megt\u00e9veszt\u00e9sekre. Nagyon gyakori p\u00e9ld\u00e1ul, hogy a meghirdetett akci\u00f3ban gyorsan kifogy a kedvezm\u00e9nyes \u00e1ron k\u00edn\u00e1lt \u00e1ruk\u00e9szlet, a keresked\u0151k nem l\u00e9tez\u0151, fikt\u00edv \u00e1rakb\u00f3l adnak kedvezm\u00e9nyeket, vagy hatalmasnak t\u0171n\u0151 akci\u00f3t hirdetnek, de az akci\u00f3ba bevont term\u00e9kek k\u00f6re val\u00f3j\u00e1ban nagyon sz\u0171k.<\/p><div id=\"gazda-1554416614\" class=\"gazda-tartalomban gazda-entity-placement\"><script async src=\"https:\/\/pagead2.googlesyndication.com\/pagead\/js\/adsbygoogle.js\"><\/script>\r\n<ins class=\"adsbygoogle\"\r\n     style=\"display:block\"\r\n     data-ad-format=\"fluid\"\r\n     data-ad-layout-key=\"-6t+ed+2i-1n-4w\"\r\n     data-ad-client=\"ca-pub-1959107119989764\"\r\n     data-ad-slot=\"4008251320\"><\/ins>\r\n<script>\r\n     (adsbygoogle = window.adsbygoogle || []).push({});\r\n<\/script><\/div>\n<div class=\"ads-in-post2\"><script async src=\"https:\/\/pagead2.googlesyndication.com\/pagead\/js\/adsbygoogle.js\"><\/script>\r\n<ins class=\"adsbygoogle\"\r\n     style=\"display:block\"\r\n     data-ad-format=\"fluid\"\r\n     data-ad-layout-key=\"-6t+ed+2i-1n-4w\"\r\n     data-ad-client=\"ca-pub-1959107119989764\"\r\n     data-ad-slot=\"4008251320\"><\/ins>\r\n<script>\r\n     (adsbygoogle = window.adsbygoogle || []).push({});\r\n<\/script><\/div>\nA Gazdas\u00e1gi Versenyhivatal (GVH) tavaly p\u00e9ld\u00e1ul az\u00e9rt b\u00fcntetett 20 milli\u00f3 forintra egy v\u00e1llalkoz\u00e1st, mert a\u00a0Black Friday\u00a0kamp\u00e1ny\u00e1ban azt \u00edg\u00e9rte a fogyaszt\u00f3knak \u2013 p\u00e9ld\u00e1ul a\u00a0\u201eT\u00f6bb sz\u00e1z term\u00e9k v\u00e1r r\u00e1d csak egy napon \u00e1t ak\u00e1r 70 sz\u00e1zal\u00e9k kedvezm\u00e9nnyel!\u201d\u00a0szlogennel -, hogy az akci\u00f3ban nagym\u00e9rt\u00e9k\u0171 kedvezm\u00e9nnyel \u00e9rhet\u0151k el term\u00e9kei. Ezzel szemben a keresked\u0151 hirdet\u00e9seiben megjel\u00f6lt kedvezm\u00e9ny kiz\u00e1r\u00f3lag olyan \u00e1rucikkekn\u00e9l volt el\u00e9rhet\u0151, amelyek sem \u00e1tlag\u00e1ruk, sem pedig a jelleg\u00fck alapj\u00e1n nem voltak tipikus term\u00e9keknek tekinthet\u0151k \u00e9s a teljes k\u00edn\u00e1lat kevesebb, mint 1 sz\u00e1zal\u00e9ka volt el\u00e9rhet\u0151 a rekl\u00e1mokban megjel\u00f6lt,\u00a0\u201eak\u00e1r 70 sz\u00e1zal\u00e9kos\u201d kedvezm\u00e9nnyel. Jelenleg is folyamatban van egy elj\u00e1r\u00e1s, amiben a GVH azt vizsg\u00e1lja, hogy az elj\u00e1r\u00e1s al\u00e1 vont v\u00e1llalkoz\u00e1s megt\u00e9vesztette-e a fogyaszt\u00f3kat azzal, hogy kiemelked\u0151 m\u00e9rt\u00e9k\u0171, ak\u00e1r 80 sz\u00e1zal\u00e9kos Black Friday kedvezm\u00e9nyeket hirdetett, mik\u00f6zben az akci\u00f3ban val\u00f3sz\u00edn\u0171leg a term\u00e9keknek csak egy sz\u0171k k\u00f6re volt el\u00e9rhet\u0151 80 sz\u00e1zal\u00e9k feletti kedvezm\u00e9nnyel, \u00e9s a kimagasl\u00f3 \u00e1rlesz\u00e1ll\u00edt\u00e1s nem a hirdet\u00e9sekben kiemelt term\u00e9keket \u00e9rintette.<\/p>\n<p>A fogyaszt\u00f3v\u00e9delmi szab\u00e1lyok betart\u00e1sa nemcsak a v\u00e1llalkoz\u00e1sok reput\u00e1ci\u00f3j\u00e1nak fenntart\u00e1sa miatt fontos, hanem az\u00e9rt is, mert a szab\u00e1lyok megszeg\u00e9se s\u00falyos \u2013 ak\u00e1r a v\u00e1llalkoz\u00e1sok el\u0151z\u0151 \u00e9vi nett\u00f3 \u00e1rbev\u00e9tel\u00e9nek 10 sz\u00e1zal\u00e9k\u00e1ig terjed\u0151 &#8211; b\u00edrs\u00e1got is maga ut\u00e1n vonhat. A GVH jogs\u00e9rt\u00e9s meg\u00e1llap\u00edt\u00e1sa eset\u00e9n a jogs\u00e9rt\u0151 c\u00e9gek rekl\u00e1mk\u00f6lts\u00e9g\u00e9b\u0151l vagy a rekl\u00e1m kapcs\u00e1n realiz\u00e1lt \u00e1rbev\u00e9telb\u0151l kiindulva szab ki jellemz\u0151en t\u00f6bb milli\u00f3 forintos b\u00edrs\u00e1gokat.<\/p>\n<p>\u201eFontos, hogy a kereskedelemmel foglalkoz\u00f3 c\u00e9gek ne csak a mindennapi gyakorlatukban, hanem a kiemelt profittal kecsegtet\u0151 adventi-kar\u00e1csonyi id\u0151szakban is a fogyaszt\u00f3v\u00e9delmi szab\u00e1lyok betart\u00e1s\u00e1val hirdess\u00e9k term\u00e9keiket, akci\u00f3ikat. Ebben seg\u00edts\u00e9get ny\u00fajthat az, ha a v\u00e1llalkoz\u00e1sok a kereskedelmi kommunik\u00e1ci\u00f3jukat m\u00e9g annak k\u00f6zz\u00e9t\u00e9tele el\u0151tt t\u0151l\u00fck f\u00fcggetlen szakmai test\u00fclettel vagy \u00fcgyv\u00e9di irod\u00e1val v\u00e9lem\u00e9nyeztetik. Ez a prevent\u00edv int\u00e9zked\u00e9s egyr\u00e9szt seg\u00edthet a fogyaszt\u00f3v\u00e9delmi szab\u00e1lyoknak val\u00f3 megfelel\u00e9sben, m\u00e1sr\u00e9szt egy esetleges k\u00e9s\u0151bbi versenyhivatali elj\u00e1r\u00e1s sor\u00e1n jelent\u0151s b\u00edrs\u00e1gcs\u00f6kkent\u00e9si t\u00e9nyez\u0151 lehet a GVH fogyaszt\u00f3v\u00e9delmi b\u00edrs\u00e1gk\u00f6zlem\u00e9nye szerint\u201d &#8211; mutatott r\u00e1 dr. Miks Anna, a Deloitte Legal versenyjogi csapat\u00e1nak vezet\u0151 \u00fcgyv\u00e9dje.<\/p>\n<p><strong>Deloitte-r\u00f3l<\/strong><\/p>\n<p>A Deloitte sz\u00e1mos ipar\u00e1gban ny\u00fajt k\u00f6nyvvizsg\u00e1lati, valamint ad\u00f3- \u00e9s egy\u00e9b tan\u00e1csad\u00e1si, tov\u00e1bb\u00e1 jogi szolg\u00e1ltat\u00e1sokat (\u00fcgyfeleinknek egy\u00fcttm\u0171k\u00f6d\u0151 \u00fcgyv\u00e9di irod\u00e1nk, a Deloitte Legal Erd\u0151s \u00e9s T\u00e1rsai \u00dcgyv\u00e9di Iroda ny\u00fajtja a jogi tan\u00e1csad\u00e1si szolg\u00e1ltat\u00e1sokat) \u00e1llami \u00e9s mag\u00e1nc\u00e9gek r\u00e9sz\u00e9re egyar\u00e1nt. T\u00f6bb mint 150 orsz\u00e1gban jelen l\u00e9v\u0151 h\u00e1l\u00f3zat\u00e1n kereszt\u00fcl a Deloitte vil\u00e1gsz\u00ednvonal\u00fa szak\u00e9rtelm\u00e9vel \u00e9s min\u0151s\u00e9gi szolg\u00e1ltat\u00e1saival seg\u00edti \u00fcgyfeleit abban, hogy megfeleljenek az el\u0151tt\u00fck \u00e1ll\u00f3 \u00fczleti kih\u00edv\u00e1soknak. A Deloitte mintegy 225 000 szak\u00e9rt\u0151je egyt\u0151l egyig arra t\u00f6rekszik, hogy a kiv\u00e1l\u00f3s\u00e1g m\u00e9rc\u00e9j\u00e9v\u00e9 v\u00e1ljon.<\/p>\n<p>A Deloitte n\u00e9v az Egyes\u00fclt Kir\u00e1lys\u00e1gban \u201ccompany limited by guarantee\u201d form\u00e1ban alap\u00edtott Deloitte Touche Tohmatsu Limited t\u00e1rsas\u00e1gra \u00e9s tagv\u00e1llalatainak h\u00e1l\u00f3zat\u00e1ra utal, melyek mindegyike \u00f6n\u00e1ll\u00f3, egym\u00e1st\u00f3l elk\u00fcl\u00f6n\u00fcl\u0151 jogi szem\u00e9ly. A Deloitte Touche Tohmatsu Limited \u00e9s tagv\u00e1llalatai jogi strukt\u00far\u00e1j\u00e1nak r\u00e9szletes bemutat\u00e1s\u00e1t a k\u00f6vetkez\u0151 link alatt tal\u00e1lja: www.deloitte.com\/hu\/magunkrol.<\/p>\n<p>&nbsp;<\/p>\n<p><a href=\"#_ftnref1\" name=\"_ftn1\">[1]<\/a><br \/>\n[1] Forr\u00e1s: GKI Digital, <a href=\"https:\/\/gkidigital.hu\/2018\/11\/15\/elhuzodik-az-idei-black-friday\/\" target=\"_blank\" rel=\"noopener\">https:\/\/gkidigital.hu\/2018\/11\/15\/elhuzodik-az-idei-black-friday\/<\/a><\/p>\n","protected":false},"excerpt":{"rendered":"<p>A Black Friday magyarorsz\u00e1gi n\u00e9pszer\u0171s\u00e9g\u00e9nek n\u00f6veked\u00e9s\u00e9vel egy\u00fctt j\u00e1r az is, hogy egyre t\u00f6bb panasz \u00e9rkezik az akci\u00f3kkal kapcsolatban. A fogyaszt\u00f3v\u00e9delmi hat\u00f3s\u00e1gok is fokozottan figyelnek erre az id\u0151szakra, ez\u00e9rt a keresked\u0151knek \u00e9rdemes szak\u00e9rt\u0151kkel el\u0151re egyeztetni\u00fck az akci\u00f3ik tartalm\u00e1t, mivel ha hib\u00e1znak, ak\u00e1r t\u00f6bb milli\u00f3 forintos b\u00edrs\u00e1got is kaphatnak.<\/p>\n","protected":false},"author":1,"featured_media":21909,"comment_status":"closed","ping_status":"open","sticky":false,"template":"","format":"standard","meta":[],"categories":[146,4,19],"tags":[],"_links":{"self":[{"href":"https:\/\/gazdasagportal.hu\/index.php\/wp-json\/wp\/v2\/posts\/111084"}],"collection":[{"href":"https:\/\/gazdasagportal.hu\/index.php\/wp-json\/wp\/v2\/posts"}],"about":[{"href":"https:\/\/gazdasagportal.hu\/index.php\/wp-json\/wp\/v2\/types\/post"}],"author":[{"embeddable":true,"href":"https:\/\/gazdasagportal.hu\/index.php\/wp-json\/wp\/v2\/users\/1"}],"replies":[{"embeddable":true,"href":"https:\/\/gazdasagportal.hu\/index.php\/wp-json\/wp\/v2\/comments?post=111084"}],"version-history":[{"count":1,"href":"https:\/\/gazdasagportal.hu\/index.php\/wp-json\/wp\/v2\/posts\/111084\/revisions"}],"predecessor-version":[{"id":111085,"href":"https:\/\/gazdasagportal.hu\/index.php\/wp-json\/wp\/v2\/posts\/111084\/revisions\/111085"}],"wp:featuredmedia":[{"embeddable":true,"href":"https:\/\/gazdasagportal.hu\/index.php\/wp-json\/wp\/v2\/media\/21909"}],"wp:attachment":[{"href":"https:\/\/gazdasagportal.hu\/index.php\/wp-json\/wp\/v2\/media?parent=111084"}],"wp:term":[{"taxonomy":"category","embeddable":true,"href":"https:\/\/gazdasagportal.hu\/index.php\/wp-json\/wp\/v2\/categories?post=111084"},{"taxonomy":"post_tag","embeddable":true,"href":"https:\/\/gazdasagportal.hu\/index.php\/wp-json\/wp\/v2\/tags?post=111084"}],"curies":[{"name":"wp","href":"https:\/\/api.w.org\/{rel}","templated":true}]}}