{"id":111082,"date":"2018-11-22T15:26:19","date_gmt":"2018-11-22T14:26:19","guid":{"rendered":"http:\/\/gazdasagportal.hu\/?p=111082"},"modified":"2018-11-22T15:26:19","modified_gmt":"2018-11-22T14:26:19","slug":"jon-a-hideg-sarkvideki-levego-kozelit","status":"publish","type":"post","link":"https:\/\/gazdasagportal.hu\/index.php\/jon-a-hideg-sarkvideki-levego-kozelit\/","title":{"rendered":"J\u00f6n a hideg, sarkvid\u00e9ki leveg\u0151 k\u00f6zel\u00edt"},"content":{"rendered":"<p><strong>Ism\u00e9t sarkvid\u00e9ki leveg\u0151 k\u00f6zel\u00edt a k\u00f6z\u00e9p-eur\u00f3pai t\u00e9rs\u00e9g fel\u00e9 &#8211; h\u00edvta fel a figyelmet az Orsz\u00e1gos Meteorol\u00f3giai Szolg\u00e1lat cs\u00fct\u00f6rt\u00f6k\u00f6n a Facebook-oldal\u00e1n.<\/strong><!--more--><\/p>\n<div class=\"ads-in-post1\"><div id=\"gazdasagportal.hu_fullbanner_wideboard\"><\/div>\r\n<\/div>\n<p>    A j\u00f6v\u0151 h\u00e9t els\u0151 napjaiban \u00e9szak, \u00e9szakkelet fel\u0151l t\u00f6bb hull\u00e1mban \u00e1rasztja el K\u00f6z\u00e9p-Eur\u00f3p\u00e1t \u00e9s a mediterr\u00e1n t\u00e9rs\u00e9g k\u00f6z\u00e9ps\u0151 \u00e9s keleti r\u00e9sz\u00e9t a sarkvid\u00e9ki eredet\u0171 fagyos leveg\u0151.<br \/>\n    A hideg \u00e9s meleg nedves leveg\u0151 hat\u00e1r\u00e1n mediterr\u00e1n ciklonok alakulnak ki, amelyek p\u00e1ly\u00e1ja \u00e9rintheti Magyarorsz\u00e1got is eleinte es\u0151t, majd vegyes halmaz\u00e1llapot\u00fa csapad\u00e9kot okozva &#8211; \u00edrta a meteorol\u00f3giai szolg\u00e1lat, megjegyezve: a csapad\u00e9k mennyis\u00e9ge \u00e9s halmaz\u00e1llapota most m\u00e9g nagyon bizonytalan.<br \/>\n<div class=\"ads-in-post2\"><script async src=\"https:\/\/pagead2.googlesyndication.com\/pagead\/js\/adsbygoogle.js\"><\/script>\r\n<ins class=\"adsbygoogle\"\r\n     style=\"display:block\"\r\n     data-ad-format=\"fluid\"\r\n     data-ad-layout-key=\"-6t+ed+2i-1n-4w\"\r\n     data-ad-client=\"ca-pub-1959107119989764\"\r\n     data-ad-slot=\"4008251320\"><\/ins>\r\n<script>\r\n     (adsbygoogle = window.adsbygoogle || []).push({});\r\n<\/script><\/div>\n    A jelenlegi orsz\u00e1gos el\u0151rejelz\u00e9s szerint a j\u00f6v\u0151 h\u00e9ten a leghidegebb \u00f3r\u00e1kban ism\u00e9t v\u00e1rhat\u00f3k m\u00ednuszok, s n\u00e9hol napk\u00f6zben is csak plusz 1 Celsius-fokig melegszik a leveg\u0151.(MTI)<\/p>\n","protected":false},"excerpt":{"rendered":"<p>Ism\u00e9t sarkvid\u00e9ki leveg\u0151 k\u00f6zel\u00edt a k\u00f6z\u00e9p-eur\u00f3pai t\u00e9rs\u00e9g fel\u00e9 &#8211; h\u00edvta fel a figyelmet az Orsz\u00e1gos Meteorol\u00f3giai Szolg\u00e1lat cs\u00fct\u00f6rt\u00f6k\u00f6n a Facebook-oldal\u00e1n.<\/p>\n","protected":false},"author":1,"featured_media":0,"comment_status":"closed","ping_status":"open","sticky":false,"template":"","format":"standard","meta":[],"categories":[4],"tags":[],"_links":{"self":[{"href":"https:\/\/gazdasagportal.hu\/index.php\/wp-json\/wp\/v2\/posts\/111082"}],"collection":[{"href":"https:\/\/gazdasagportal.hu\/index.php\/wp-json\/wp\/v2\/posts"}],"about":[{"href":"https:\/\/gazdasagportal.hu\/index.php\/wp-json\/wp\/v2\/types\/post"}],"author":[{"embeddable":true,"href":"https:\/\/gazdasagportal.hu\/index.php\/wp-json\/wp\/v2\/users\/1"}],"replies":[{"embeddable":true,"href":"https:\/\/gazdasagportal.hu\/index.php\/wp-json\/wp\/v2\/comments?post=111082"}],"version-history":[{"count":1,"href":"https:\/\/gazdasagportal.hu\/index.php\/wp-json\/wp\/v2\/posts\/111082\/revisions"}],"predecessor-version":[{"id":111083,"href":"https:\/\/gazdasagportal.hu\/index.php\/wp-json\/wp\/v2\/posts\/111082\/revisions\/111083"}],"wp:attachment":[{"href":"https:\/\/gazdasagportal.hu\/index.php\/wp-json\/wp\/v2\/media?parent=111082"}],"wp:term":[{"taxonomy":"category","embeddable":true,"href":"https:\/\/gazdasagportal.hu\/index.php\/wp-json\/wp\/v2\/categories?post=111082"},{"taxonomy":"post_tag","embeddable":true,"href":"https:\/\/gazdasagportal.hu\/index.php\/wp-json\/wp\/v2\/tags?post=111082"}],"curies":[{"name":"wp","href":"https:\/\/api.w.org\/{rel}","templated":true}]}}