{"id":111011,"date":"2018-11-20T21:52:42","date_gmt":"2018-11-20T20:52:42","guid":{"rendered":"http:\/\/gazdasagportal.hu\/?p=111011"},"modified":"2018-11-20T21:52:42","modified_gmt":"2018-11-20T20:52:42","slug":"hasogdzsi-ugy-az-amerikai-elnok-nem-hoz-bunteto-intezkedest-a-szaudi-tronorokos-el","status":"publish","type":"post","link":"https:\/\/gazdasagportal.hu\/index.php\/hasogdzsi-ugy-az-amerikai-elnok-nem-hoz-bunteto-intezkedest-a-szaudi-tronorokos-el\/","title":{"rendered":"Hasogdzsi-\u00fcgy &#8211; Az amerikai eln\u00f6k nem hoz b\u00fcntet\u0151 int\u00e9zked\u00e9st a sza\u00fadi tr\u00f3n\u00f6r\u00f6k\u00f6s el"},"content":{"rendered":"<p><strong>Az amerikai eln\u00f6k nem hoz b\u00fcntet\u0151 int\u00e9zked\u00e9st Mohamed bin Szalm\u00e1n sza\u00fadi tr\u00f3n\u00f6r\u00f6k\u00f6s ellen a sza\u00fadi \u00fajs\u00e1g\u00edr\u00f3, Dzsam\u00e1l Hasogdzsi meggyilkol\u00e1sa \u00fcgy\u00e9ben.<\/strong><!--more--><\/p>\n<div class=\"ads-in-post1\"><div id=\"gazdasagportal.hu_fullbanner_wideboard\"><\/div>\r\n<\/div>\n<p>    A Feh\u00e9r H\u00e1z kedden k\u00f6zlem\u00e9nyt adott ki, amelyben Donald Trump lesz\u00f6gezte, hogy az Egyes\u00fclt \u00c1llamok &#8222;rend\u00edthetetlen partnere&#8221; k\u00edv\u00e1n maradni Sza\u00fad-Ar\u00e1bi\u00e1nak, m\u00e9g akkor is, ha &#8211; mint fogalmazott &#8211; &#8222;nagyon is el\u0151fordulhat&#8221;, hogy a sza\u00fadi koronahercegnek tudom\u00e1sa volt Dzsam\u00e1l Hasogdzsi meggyilkol\u00e1s\u00e1r\u00f3l.<br \/>\n    Az eln\u00f6k jelezte azt is, hogy nem \u00e1ll sz\u00e1nd\u00e9k\u00e1ban felmondani a Rij\u00e1ddal k\u00f6t\u00f6tt fegyverelad\u00e1si meg\u00e1llapod\u00e1sokat, mert &#8211; mint hangoztatta &#8211; &#8222;ha \u0151r\u00fclt m\u00f3don felmondan\u00e1nk ezeket a szerz\u0151d\u00e9seket, Oroszorsz\u00e1g \u00e9s K\u00edna \u00f3ri\u00e1si hasznot h\u00fazna bel\u0151le&#8221;.<br \/>\n    A nyilatkozat   utalt arra: az amerikai h\u00edrszerz\u00e9s v\u00e1ltozatlanul tanulm\u00e1nyozza az okt\u00f3ber 2-\u00e1n Sza\u00fad-Ar\u00e1bia isztambuli konzul\u00e1tus\u00e1n elk\u00f6vetett gyilkoss\u00e1gr\u00f3l rendelkez\u00e9sre \u00e1ll\u00f3 bizony\u00edt\u00e9kokat. &#8222;H\u00edrszerz\u0151 \u00fcgyn\u00f6ks\u00e9geink tov\u00e1bbra is tanulm\u00e1nyoznak minden rendelkez\u00e9sre \u00e1ll\u00f3 inform\u00e1ci\u00f3t, de nagyon is k\u00f6nnyen el\u0151fordulhat, hogy a koronahercegnek tudom\u00e1sa volt e tragikus esem\u00e9nyr\u0151l, tal\u00e1n tudott r\u00f3la, tal\u00e1n nem&#8221; &#8211; olvashat\u00f3 a k\u00f6zlem\u00e9nyben.<br \/>\n<div class=\"ads-in-post2\"><script async src=\"https:\/\/pagead2.googlesyndication.com\/pagead\/js\/adsbygoogle.js\"><\/script>\r\n<ins class=\"adsbygoogle\"\r\n     style=\"display:block\"\r\n     data-ad-format=\"fluid\"\r\n     data-ad-layout-key=\"-6t+ed+2i-1n-4w\"\r\n     data-ad-client=\"ca-pub-1959107119989764\"\r\n     data-ad-slot=\"4008251320\"><\/ins>\r\n<script>\r\n     (adsbygoogle = window.adsbygoogle || []).push({});\r\n<\/script><\/div>\n   A k\u00f6zlem\u00e9nyben, amely bevezet\u0151j\u00e9ben lesz\u00f6gezi, hogy &#8222;a vil\u00e1g nagyon vesz\u00e9lyes hely&#8221;, Donald Trump m\u00e9ltatta Sza\u00fad-Ar\u00e1bia Washingtonnak ny\u00fajtott seg\u00edts\u00e9g\u00e9t az Ir\u00e1nnal kapcsolatos politik\u00e1j\u00e1ban.<br \/>\n    A K\u00f6zponti H\u00edrszerz\u0151 \u00dcgyn\u00f6ks\u00e9g (CIA) m\u00falt h\u00e9t v\u00e9g\u00e9n kisziv\u00e1rogtatott elemz\u00e9se szerint Dzsam\u00e1l Hasogdzsit Mohamed bin Szalm\u00e1n, sza\u00fadi koronaherceg utas\u00edt\u00e1s\u00e1ra gyilkolt\u00e1k meg a t\u00f6r\u00f6korsz\u00e1gi Isztambulban. A sza\u00fadi ualkod\u00f3 \u00e9s a koronaherceg egyar\u00e1nt hat\u00e1rozottan c\u00e1folta, hogy tudom\u00e1sa lett volna a gyilkoss\u00e1g terv\u00e9r\u0151l \u00e9s v\u00e9grehajt\u00e1s\u00e1r\u00f3l. (MTI)<\/p>\n","protected":false},"excerpt":{"rendered":"<p>Az amerikai eln\u00f6k nem hoz b\u00fcntet\u0151 int\u00e9zked\u00e9st Mohamed bin Szalm\u00e1n sza\u00fadi tr\u00f3n\u00f6r\u00f6k\u00f6s ellen a sza\u00fadi \u00fajs\u00e1g\u00edr\u00f3, Dzsam\u00e1l Hasogdzsi meggyilkol\u00e1sa \u00fcgy\u00e9ben.<\/p>\n","protected":false},"author":1,"featured_media":0,"comment_status":"closed","ping_status":"open","sticky":false,"template":"","format":"standard","meta":[],"categories":[13,16,5],"tags":[],"_links":{"self":[{"href":"https:\/\/gazdasagportal.hu\/index.php\/wp-json\/wp\/v2\/posts\/111011"}],"collection":[{"href":"https:\/\/gazdasagportal.hu\/index.php\/wp-json\/wp\/v2\/posts"}],"about":[{"href":"https:\/\/gazdasagportal.hu\/index.php\/wp-json\/wp\/v2\/types\/post"}],"author":[{"embeddable":true,"href":"https:\/\/gazdasagportal.hu\/index.php\/wp-json\/wp\/v2\/users\/1"}],"replies":[{"embeddable":true,"href":"https:\/\/gazdasagportal.hu\/index.php\/wp-json\/wp\/v2\/comments?post=111011"}],"version-history":[{"count":1,"href":"https:\/\/gazdasagportal.hu\/index.php\/wp-json\/wp\/v2\/posts\/111011\/revisions"}],"predecessor-version":[{"id":111012,"href":"https:\/\/gazdasagportal.hu\/index.php\/wp-json\/wp\/v2\/posts\/111011\/revisions\/111012"}],"wp:attachment":[{"href":"https:\/\/gazdasagportal.hu\/index.php\/wp-json\/wp\/v2\/media?parent=111011"}],"wp:term":[{"taxonomy":"category","embeddable":true,"href":"https:\/\/gazdasagportal.hu\/index.php\/wp-json\/wp\/v2\/categories?post=111011"},{"taxonomy":"post_tag","embeddable":true,"href":"https:\/\/gazdasagportal.hu\/index.php\/wp-json\/wp\/v2\/tags?post=111011"}],"curies":[{"name":"wp","href":"https:\/\/api.w.org\/{rel}","templated":true}]}}