{"id":111007,"date":"2018-11-20T17:01:24","date_gmt":"2018-11-20T16:01:24","guid":{"rendered":"http:\/\/gazdasagportal.hu\/?p=111007"},"modified":"2018-11-20T17:01:24","modified_gmt":"2018-11-20T16:01:24","slug":"rajtunk-is-mulik-hogyan-elunk-majd-nyugdijaskent","status":"publish","type":"post","link":"https:\/\/gazdasagportal.hu\/index.php\/rajtunk-is-mulik-hogyan-elunk-majd-nyugdijaskent\/","title":{"rendered":"Rajtunk is m\u00falik, hogyan \u00e9l\u00fcnk majd nyugd\u00edjask\u00e9nt"},"content":{"rendered":"<p style=\"font-weight: 400;\"><strong>Napjainkban egyre t\u00f6bbsz\u00f6r mer\u00fcl fel jogosan a k\u00e9rd\u00e9s, hogy vajon el\u00e9g lesz-e a p\u00e9nz\u00fcnk nyugd\u00edjask\u00e9nt, fenn tudjuk-e tartani azt az \u00e9letsz\u00ednvonalat, amelyet fiatalon elk\u00e9pzelt\u00fcnk.\u00a0Az OVB Magyarorsz\u00e1g egyik kor\u00e1bbi felm\u00e9r\u00e9se szerint a hazai lakoss\u00e1g kevesebb mint harmada gondolja csup\u00e1n, hogy a nyugd\u00edjbiztos\u00edt\u00e1sokhoz j\u00e1r \u00e1llami t\u00e1mogat\u00e1s ad\u00f3-visszat\u00e9r\u00edt\u00e9s form\u00e1j\u00e1ban, pedig a magyarok jelent\u0151s h\u00e1nyada \u00e9letsz\u00ednvonal cs\u00f6kken\u00e9st prognosztiz\u00e1l id\u0151sebb kor\u00e1ra.<\/strong><\/p>\n<p><!--more--><\/p>\n<div class=\"ads-in-post1\"><div id=\"gazdasagportal.hu_fullbanner_wideboard\"><\/div>\r\n<\/div>\n<p style=\"font-weight: 400;\">A leg\u00fajabb KSH adatok azt mutatj\u00e1k, hogy a nyugd\u00edjra jogosultak sz\u00e1ma 2017 v\u00e9g\u00e9re el\u00e9rte a 2.027.000 f\u0151t. Az \u00e1tlag\u00e9letkor folyamatosan emelkedik, ami nemcsak Magyarorsz\u00e1gon okoz fejt\u00f6r\u00e9st, hanem eg\u00e9sz Eur\u00f3p\u00e1ban kih\u00edv\u00e1st jelent. L\u00e9teznek olyan el\u0151rejelz\u00e9sek, amelyek szerint haz\u00e1nkban 2060-ig a sz\u00fclet\u00e9skor v\u00e1rhat\u00f3 \u00e9lettartam a f\u00e9rfiakn\u00e1l t\u00f6bb mint 10, a n\u0151k eset\u00e9ben pedig 8 \u00e9vvel is n\u00f6vekedhet majd, mindemellett ugyanekkorra a nyugd\u00edjas kor\u00faak sz\u00e1ma el\u00e9rheti a 2,5 milli\u00f3 f\u0151t \u2013 h\u00edvja fel a figyelmet a p\u00e9nz\u00fcgyi tan\u00e1csad\u00f3 c\u00e9g.<\/p>\n<p style=\"font-weight: 400;\">A Magyarorsz\u00e1gon is m\u0171k\u00f6d\u0151 feloszt\u00f3-kirov\u00f3 nyugd\u00edjrendszer l\u00e9nyege, hogy az akt\u00edv dolgoz\u00f3k befizet\u00e9seit osztja el a nyugd\u00edjasok k\u00f6z\u00f6tt, ez\u00e9rt a rendszer m\u0171k\u00f6d\u0151k\u00e9pess\u00e9g\u00e9t meghat\u00e1rozza a mindenkori akt\u00edv \u00e9s inakt\u00edv n\u00e9pess\u00e9g ar\u00e1nya.\u00a0A fenti adatokb\u00f3l is j\u00f3l l\u00e1tszik, hogy a j\u00f6v\u0151ben egyre kevesebb lesz az akt\u00edv dolgoz\u00f3 \u00e9s egyre t\u00f6bb a nyugd\u00edjas Magyarorsz\u00e1gon, vagyis egyre kevesebben fogj\u00e1k befizetni azt az \u00f6sszeget a nyugd\u00edjrendszerbe, amit a nyugd\u00edjak kifizet\u00e9s\u00e9re kell felhaszn\u00e1lni. Sajnos emiatt a nyugd\u00edjak jelenlegi szintje hossz\u00fa t\u00e1von nehezen fenntarthat\u00f3, nem mindegy, hogy ezen \u00e9letszakaszunkat milyen \u00e9letsz\u00ednvonalon \u00e9lj\u00fck majd meg.\u00a0Fontos k\u00e9rd\u00e9s, hogy rendelkez\u00e9sre \u00e1ll-e a sz\u00fcks\u00e9ges t\u0151ke ahhoz, hogy \u00fagy \u00e9lj\u00fcnk, ahogyan azt fiatalon eltervezt\u00fck.<\/p><div id=\"gazda-3959974185\" class=\"gazda-tartalomban gazda-entity-placement\"><script async src=\"https:\/\/pagead2.googlesyndication.com\/pagead\/js\/adsbygoogle.js\"><\/script>\r\n<ins class=\"adsbygoogle\"\r\n     style=\"display:block\"\r\n     data-ad-format=\"fluid\"\r\n     data-ad-layout-key=\"-6t+ed+2i-1n-4w\"\r\n     data-ad-client=\"ca-pub-1959107119989764\"\r\n     data-ad-slot=\"4008251320\"><\/ins>\r\n<script>\r\n     (adsbygoogle = window.adsbygoogle || []).push({});\r\n<\/script><\/div>\n<div class=\"ads-in-post2\"><script async src=\"https:\/\/pagead2.googlesyndication.com\/pagead\/js\/adsbygoogle.js\"><\/script>\r\n<ins class=\"adsbygoogle\"\r\n     style=\"display:block\"\r\n     data-ad-format=\"fluid\"\r\n     data-ad-layout-key=\"-6t+ed+2i-1n-4w\"\r\n     data-ad-client=\"ca-pub-1959107119989764\"\r\n     data-ad-slot=\"4008251320\"><\/ins>\r\n<script>\r\n     (adsbygoogle = window.adsbygoogle || []).push({});\r\n<\/script><\/div>\n<p style=\"font-weight: 400;\"><strong>A j\u00f3 dolgokhoz id\u0151 kell<\/strong><\/p>\n<p style=\"font-weight: 400;\"><em>\u201eAz OVB Magyarorsz\u00e1g v\u00e9lem\u00e9nye szerint fontos, hogy rendelkezz\u00fcnk az \u00e1llam \u00e1ltal biztos\u00edtott nyugd\u00edj mellett egy\u00e9b, saj\u00e1t megtakar\u00edt\u00e1ssal is.<strong>\u00a0<\/strong>\u00dagy l\u00e1tjuk, hogy<strong>\u00a0<\/strong>a rendszeres megtakar\u00edt\u00f3k k\u00f6zel harmada egyszer\u0171en a banksz\u00e1ml\u00e1j\u00e1n parkoltatja sp\u00f3rolt p\u00e9nz\u00e9t, \u00edgy viszont nem jogosultak szem\u00e9lyi j\u00f6vedelemad\u00f3-visszat\u00e9r\u00edt\u00e9sre. R\u00e1ad\u00e1sul sok esetben nem a befektetet\u00e9si id\u0151t\u00e1vnak megfelel\u0151 eszk\u00f6z\u00f6kbe helyezik megtakar\u00edt\u00e1saikat, ezzel a v\u00e1rhat\u00f3 hozamuk sem \u00fagy alakul majd, ahogy szeretn\u00e9k\u201d<\/em>\u00a0\u2013 mondta el P\u00f3th Viktor, az OVB Verm\u00f6gensberatung Kft. \u00fczletfejleszt\u00e9si igazgat\u00f3ja.<\/p>\n<p style=\"font-weight: 400;\">Jelenleg t\u00f6bb mint 4,4 milli\u00f3 foglalkoztatott van Magyarorsz\u00e1gon, a 2014 \u00f3ta piacon l\u00e9v\u0151 nyugd\u00edjbiztos\u00edt\u00e1sok sz\u00e1ma pedig alig \u00e9rte el tavaly a 250 ezret. A nyugd\u00edjbiztos\u00edt\u00e1s olyan c\u00e9lhoz k\u00f6t\u00f6tt befektet\u00e9si forma, ahol a megtakar\u00edt\u00e1sok ak\u00e1r t\u00f6bbf\u00e9le eszk\u00f6zalapba fektethet\u0151k \u00e9s 20%-os \u00e1llami ad\u00f3-visszat\u00e9r\u00edt\u00e9s is ig\u00e9nybe vehet\u0151 a d\u00edjak ut\u00e1n (maximum \u00e9vi 130 ezer forintig). Ezzel a lehet\u0151s\u00e9ggel azonban sokan m\u00e9g annak ellen\u00e9re sem \u00e9lnek, hogy rendelkeznek nyugd\u00edjbiztos\u00edt\u00e1si szerz\u0151d\u00e9ssel, aminek oka ad\u00f3dhat a r\u00e1ford\u00edtott id\u0151 vagy az ismeretek hi\u00e1ny\u00e1b\u00f3l. A nyugd\u00edjbiztos\u00edt\u00e1s tov\u00e1bbi nagy el\u0151nye, hogy ak\u00e1r egy \u00f6sszegben is befizethet\u00fcnk a sz\u00e1ml\u00e1nkra eseti d\u00edjk\u00e9nt, ami ut\u00e1n ugyan\u00fagy j\u00e1r az \u00e1llami t\u00e1mogat\u00e1s.<\/p>\n<p style=\"font-weight: 400;\">Az \u00f6nk\u00e9ntes nyugd\u00edjp\u00e9nzt\u00e1raknak hozz\u00e1vet\u0151legesen 1,1 milli\u00f3 tagjuk van, valamivel t\u00f6bb mint 1,2 milli\u00f3 forintos \u00e1tlagvagyonnal. A 20%-os \u00e1llami t\u00e1mogat\u00e1s itt is kihaszn\u00e1lhat\u00f3 legfeljebb 130 ezer forintig.<\/p>\n<p style=\"font-weight: 400;\">A t\u00e1mogat\u00e1sok m\u00e9rt\u00e9ke teljes m\u00e9rt\u00e9kben maximaliz\u00e1lhat\u00f3, hiszen ha valaki t\u00f6bb \u00e1llamilag t\u00e1mogatott nyugd\u00edjterm\u00e9kkel rendelkezik (nyugd\u00edjbiztos\u00edt\u00e1s + NYESZ + \u00f6nk\u00e9ntes nyugd\u00edjp\u00e9nzt\u00e1r), akkor a visszat\u00e9r\u00edt\u00e9s maximuma ak\u00e1r a 280 ezer forintot is el\u00e9rheti.<\/p>\n","protected":false},"excerpt":{"rendered":"<p>Napjainkban egyre t\u00f6bbsz\u00f6r mer\u00fcl fel jogosan a k\u00e9rd\u00e9s, hogy vajon el\u00e9g lesz-e a p\u00e9nz\u00fcnk nyugd\u00edjask\u00e9nt, fenn tudjuk-e tartani azt az \u00e9letsz\u00ednvonalat, amelyet fiatalon elk\u00e9pzelt\u00fcnk.\u00a0Az OVB Magyarorsz\u00e1g egyik kor\u00e1bbi felm\u00e9r\u00e9se szerint a hazai lakoss\u00e1g kevesebb mint harmada gondolja csup\u00e1n, hogy a nyugd\u00edjbiztos\u00edt\u00e1sokhoz j\u00e1r \u00e1llami t\u00e1mogat\u00e1s ad\u00f3-visszat\u00e9r\u00edt\u00e9s form\u00e1j\u00e1ban, pedig a magyarok jelent\u0151s h\u00e1nyada \u00e9letsz\u00ednvonal cs\u00f6kken\u00e9st prognosztiz\u00e1l id\u0151sebb &#8230;<\/p>\n","protected":false},"author":1,"featured_media":0,"comment_status":"closed","ping_status":"open","sticky":false,"template":"","format":"standard","meta":[],"categories":[4,19],"tags":[],"_links":{"self":[{"href":"https:\/\/gazdasagportal.hu\/index.php\/wp-json\/wp\/v2\/posts\/111007"}],"collection":[{"href":"https:\/\/gazdasagportal.hu\/index.php\/wp-json\/wp\/v2\/posts"}],"about":[{"href":"https:\/\/gazdasagportal.hu\/index.php\/wp-json\/wp\/v2\/types\/post"}],"author":[{"embeddable":true,"href":"https:\/\/gazdasagportal.hu\/index.php\/wp-json\/wp\/v2\/users\/1"}],"replies":[{"embeddable":true,"href":"https:\/\/gazdasagportal.hu\/index.php\/wp-json\/wp\/v2\/comments?post=111007"}],"version-history":[{"count":1,"href":"https:\/\/gazdasagportal.hu\/index.php\/wp-json\/wp\/v2\/posts\/111007\/revisions"}],"predecessor-version":[{"id":111008,"href":"https:\/\/gazdasagportal.hu\/index.php\/wp-json\/wp\/v2\/posts\/111007\/revisions\/111008"}],"wp:attachment":[{"href":"https:\/\/gazdasagportal.hu\/index.php\/wp-json\/wp\/v2\/media?parent=111007"}],"wp:term":[{"taxonomy":"category","embeddable":true,"href":"https:\/\/gazdasagportal.hu\/index.php\/wp-json\/wp\/v2\/categories?post=111007"},{"taxonomy":"post_tag","embeddable":true,"href":"https:\/\/gazdasagportal.hu\/index.php\/wp-json\/wp\/v2\/tags?post=111007"}],"curies":[{"name":"wp","href":"https:\/\/api.w.org\/{rel}","templated":true}]}}