{"id":110988,"date":"2018-11-20T11:05:56","date_gmt":"2018-11-20T10:05:56","guid":{"rendered":"http:\/\/gazdasagportal.hu\/?p=110988"},"modified":"2018-11-20T11:05:56","modified_gmt":"2018-11-20T10:05:56","slug":"gazomles-magyar-foldgaztarolo-zrt-biztositott-az-orszag-gazellatasa","status":"publish","type":"post","link":"https:\/\/gazdasagportal.hu\/index.php\/gazomles-magyar-foldgaztarolo-zrt-biztositott-az-orszag-gazellatasa\/","title":{"rendered":"G\u00e1z\u00f6ml\u00e9s &#8211; Magyar F\u00f6ldg\u00e1zt\u00e1rol\u00f3 Zrt.: biztos\u00edtott az orsz\u00e1g g\u00e1zell\u00e1t\u00e1sa"},"content":{"rendered":"<p><strong>A Magyar F\u00f6ldg\u00e1zt\u00e1rol\u00f3 Zrt. hajd\u00faszoboszl\u00f3i telephely\u00e9n kedd hajnalban keletkezett t\u0171z ellen\u00e9re is biztos\u00edtott az orsz\u00e1g g\u00e1zell\u00e1t\u00e1sa, m\u00e1sik h\u00e1rom f\u00f6ldg\u00e1zt\u00e1rol\u00f3 vette \u00e1t a szolg\u00e1ltat\u00e1st &#8211; k\u00f6z\u00f6lte a t\u00e1rsas\u00e1g PR-vezet\u0151je az MTI-vel.<\/strong><!--more--><\/p>\n<div class=\"ads-in-post1\"><div id=\"gazdasagportal.hu_fullbanner_wideboard\"><\/div>\r\n<\/div>\n<p>    F\u00e1ber D\u00e1niel elmondta, hajnali 4 \u00f3ra 25 perckor keletkezett t\u0171z a zrt. hajd\u00faszoboszl\u00f3i f\u00f6ldalatti g\u00e1zt\u00e1rol\u00f3 \u00fczem\u00e9ben. A l\u00e1ngokat a f\u00f6ldg\u00e1zkutakr\u00f3l be\u00e9rkez\u0151 befut\u00f3sori vezet\u00e9kekn\u00e9l \u00e9szlelt\u00e9k. A vezet\u00e9keket leszakaszolt\u00e1k, a g\u00e1zkutakat lez\u00e1rt\u00e1k annak \u00e9rdek\u00e9ben, hogy ne legyen ut\u00e1np\u00f3tl\u00e1sa a g\u00e1znak.<br \/>\n    A t\u0171z keletkez\u00e9s\u00e9nek oka egyel\u0151re ismeretlen, azt a k\u00e9s\u0151bbi vizsg\u00e1lat fogja kider\u00edteni. Senki sem s\u00e9r\u00fclt meg. A t\u0171z olt\u00e1sa m\u00e9g tart a c\u00e9g munkat\u00e1rsai, a t\u0171zolt\u00f3s\u00e1g, a polg\u00e1ri v\u00e9delem \u00e9s a katasztr\u00f3fav\u00e9delem szakembereinek r\u00e9szv\u00e9tel\u00e9vel &#8211; tette hozz\u00e1.<br \/>\n<div class=\"ads-in-post2\"><script async src=\"https:\/\/pagead2.googlesyndication.com\/pagead\/js\/adsbygoogle.js\"><\/script>\r\n<ins class=\"adsbygoogle\"\r\n     style=\"display:block\"\r\n     data-ad-format=\"fluid\"\r\n     data-ad-layout-key=\"-6t+ed+2i-1n-4w\"\r\n     data-ad-client=\"ca-pub-1959107119989764\"\r\n     data-ad-slot=\"4008251320\"><\/ins>\r\n<script>\r\n     (adsbygoogle = window.adsbygoogle || []).push({});\r\n<\/script><\/div>\n    Kiemelte: az orsz\u00e1g g\u00e1zell\u00e1t\u00e1sa biztos\u00edtott, ugyanis a t\u00e1rsas\u00e1g m\u00e1sik 3 f\u00f6ldg\u00e1zt\u00e1rol\u00f3ja &#8211; Zsana, Pusztaederics, Kardosk\u00fat &#8211; vette \u00e1t a szolg\u00e1ltat\u00e1st; a keresked\u0151k f\u00f6ldg\u00e1zig\u00e9nyeit marad\u00e9ktalanul kiel\u00e9g\u00edtik.<br \/>\n    F\u00e1ber D\u00e1niel kit\u00e9rt arra: folyamatos kapcsolatban vannak mind az orsz\u00e1gos f\u00f6ldg\u00e1zh\u00e1l\u00f3zat \u00fczemeltet\u0151j\u00e9vel, az FGSZ-szel, mind a f\u00f6ldg\u00e1zkeresked\u0151kkel annak \u00e9rdek\u00e9ben, hogy tov\u00e1bbra is zavartalan legyen az orsz\u00e1gos g\u00e1zforgalom.<br \/>\n    K\u00f6z\u00f6lte: az olt\u00e1s ut\u00e1ni c\u00e9l, hogy az \u00e9rintett vezet\u00e9sszakaszokat \u00e9s berendez\u00e9seket a t\u00e1rsas\u00e1g kicser\u00e9lje, kijav\u00edtsa, \u00e9s r\u00f6vid id\u0151n bel\u00fcl helyre\u00e1ll\u00edtsa a t\u00e1rol\u00f3 zavartalan m\u0171k\u00f6d\u00e9s\u00e9t.<br \/>\n    A katasztr\u00f3fav\u00e9delem kor\u00e1bban 15 m\u00e9teres l\u00e1ngokr\u00f3l \u00edrt, \u00e9s arr\u00f3l sz\u00e1molt be: a megyei hivat\u00e1sos \u00e9s \u00f6nkorm\u00e1nyzati t\u0171zolt\u00f3k nyolc v\u00edzsug\u00e1rral vett\u00e9k k\u00f6rbe a l\u00e1ngoszlopot, valamint h\u0171tik a ter\u00fcletet, nehogy tov\u00e1bbterjedjen a t\u0171z.<br \/>\n    A rend\u0151r\u00f6k teljes sz\u00e9less\u00e9g\u00e9ben lez\u00e1rt\u00e1k a 33-as f\u0151\u00fat Nagyhegyes \u00e9s Hajd\u00faszoboszl\u00f3 k\u00f6z\u00f6tti szakasz\u00e1t, a forgalmat a 4-es f\u0151\u00fatra terelik.(MTI)<\/p>\n","protected":false},"excerpt":{"rendered":"<p>A Magyar F\u00f6ldg\u00e1zt\u00e1rol\u00f3 Zrt. hajd\u00faszoboszl\u00f3i telephely\u00e9n kedd hajnalban keletkezett t\u0171z ellen\u00e9re is biztos\u00edtott az orsz\u00e1g g\u00e1zell\u00e1t\u00e1sa, m\u00e1sik h\u00e1rom f\u00f6ldg\u00e1zt\u00e1rol\u00f3 vette \u00e1t a szolg\u00e1ltat\u00e1st &#8211; k\u00f6z\u00f6lte a t\u00e1rsas\u00e1g PR-vezet\u0151je az MTI-vel.<\/p>\n","protected":false},"author":1,"featured_media":0,"comment_status":"closed","ping_status":"open","sticky":false,"template":"","format":"standard","meta":[],"categories":[4,19],"tags":[],"_links":{"self":[{"href":"https:\/\/gazdasagportal.hu\/index.php\/wp-json\/wp\/v2\/posts\/110988"}],"collection":[{"href":"https:\/\/gazdasagportal.hu\/index.php\/wp-json\/wp\/v2\/posts"}],"about":[{"href":"https:\/\/gazdasagportal.hu\/index.php\/wp-json\/wp\/v2\/types\/post"}],"author":[{"embeddable":true,"href":"https:\/\/gazdasagportal.hu\/index.php\/wp-json\/wp\/v2\/users\/1"}],"replies":[{"embeddable":true,"href":"https:\/\/gazdasagportal.hu\/index.php\/wp-json\/wp\/v2\/comments?post=110988"}],"version-history":[{"count":1,"href":"https:\/\/gazdasagportal.hu\/index.php\/wp-json\/wp\/v2\/posts\/110988\/revisions"}],"predecessor-version":[{"id":110989,"href":"https:\/\/gazdasagportal.hu\/index.php\/wp-json\/wp\/v2\/posts\/110988\/revisions\/110989"}],"wp:attachment":[{"href":"https:\/\/gazdasagportal.hu\/index.php\/wp-json\/wp\/v2\/media?parent=110988"}],"wp:term":[{"taxonomy":"category","embeddable":true,"href":"https:\/\/gazdasagportal.hu\/index.php\/wp-json\/wp\/v2\/categories?post=110988"},{"taxonomy":"post_tag","embeddable":true,"href":"https:\/\/gazdasagportal.hu\/index.php\/wp-json\/wp\/v2\/tags?post=110988"}],"curies":[{"name":"wp","href":"https:\/\/api.w.org\/{rel}","templated":true}]}}