{"id":110958,"date":"2018-11-19T14:30:28","date_gmt":"2018-11-19T13:30:28","guid":{"rendered":"http:\/\/gazdasagportal.hu\/?p=110958"},"modified":"2018-11-19T14:30:28","modified_gmt":"2018-11-19T13:30:28","slug":"black-friday-a-gvh-birsagolasi-unnepnapja","status":"publish","type":"post","link":"https:\/\/gazdasagportal.hu\/index.php\/black-friday-a-gvh-birsagolasi-unnepnapja\/","title":{"rendered":"Black Friday \u2013 a GVH b\u00edrs\u00e1gol\u00e1si \u00fcnnepnapja?"},"content":{"rendered":"<p><strong>Haz\u00e1nkban is egyre n\u00e9pszer\u0171bb\u00e9 v\u00e1lik az Amerik\u00e1ban a <em>keresked\u0151k \u00fcnnepek\u00e9nt<\/em> is aposztrof\u00e1lt, a kar\u00e1csonyi szezont ind\u00edt\u00f3 kiskereskedelmi akci\u00f3sorozat, a fekete p\u00e9ntek, vagy eredeti nev\u00e9n <\/strong><em>Black Friday<\/em>. <strong>Ebben a kiemelt akci\u00f3z\u00e1si id\u0151szakban azonban nemcsak a fogyaszt\u00f3knak, de a keresked\u0151knek is \u00e9rdemes r\u00e9sen lenni, mert a GVH sem n\u00e9zi t\u00e9tlen\u00fcl az \u00edg\u00e9rget\u00e9si versenyt.<\/strong><!--more--><\/p>\n<div class=\"ads-in-post1\"><div id=\"gazdasagportal.hu_fullbanner_wideboard\"><\/div>\r\n<\/div>\n<p><em>\u00a0<\/em><\/p>\n<p><em>A Gazdas\u00e1gi Versenyhivatal (GVH) versenyfel\u00fcgyeleti elj\u00e1r\u00e1st ind\u00edtott a web\u00e1ruh\u00e1zat \u00fczemeltet\u0151 Alza.hu Kft.-vel szemben, mert \u00fagy v\u00e9li, hogy a v\u00e1llalkoz\u00e1s \u201eBlack Friday\u201d akci\u00f3ja megs\u00e9rthette a fogyaszt\u00f3kkal szembeni tisztess\u00e9gtelen kereskedelmi gyakorlat tilalm\u00e1t. <\/em>\u2013 olvashatjuk a hat\u00f3s\u00e1g \u00a0<a href=\"http:\/\/www.gvh.hu\/sajtoszoba\/sajtokozlemenyek\/2018_as_sajtokozlemenyek\/valotlan_arkedvezmenyeket_igerhetett_az_alza_hu_bl.html\" target=\"_blank\" rel=\"noopener\">k\u00f6zlem\u00e9ny\u00e9ben<\/a>. A GVH az\u00e9rt ind\u00edtotta az elj\u00e1r\u00e1st, mert val\u00f3sz\u00edn\u0171s\u00edti, hogy a v\u00e1llalkoz\u00e1s jogs\u00e9rt\u00e9st k\u00f6vetett el azzal, hogy rekl\u00e1mfel\u00fcletein azt a benyom\u00e1st keltette a fogyaszt\u00f3kban, hogy a <em>Black Friday<\/em> idej\u00e9n t\u00f6rt\u00e9n\u0151 v\u00e1s\u00e1rl\u00e1skor kiemelked\u0151, ak\u00e1r 80%-os kedvezm\u00e9nyekre is szert tehetnek. A GVH gyakorlata szerint egyes akci\u00f3s id\u0151szakok, \u00edgy a <em>Black Friday<\/em> vagy az els\u0151 adventi h\u00e9tv\u00e9ge kedvezm\u00e9nyei jelent\u0151sen befoly\u00e1solj\u00e1k a fogyaszt\u00f3i d\u00f6nt\u00e9seket, mag\u00e1ban hordozva a jogs\u00e9rt\u00e9s vesz\u00e9ly\u00e9t.<\/p>\n<p>&nbsp;<\/p><div id=\"gazda-1554395732\" class=\"gazda-tartalomban gazda-entity-placement\"><script async src=\"https:\/\/pagead2.googlesyndication.com\/pagead\/js\/adsbygoogle.js\"><\/script>\r\n<ins class=\"adsbygoogle\"\r\n     style=\"display:block\"\r\n     data-ad-format=\"fluid\"\r\n     data-ad-layout-key=\"-6t+ed+2i-1n-4w\"\r\n     data-ad-client=\"ca-pub-1959107119989764\"\r\n     data-ad-slot=\"4008251320\"><\/ins>\r\n<script>\r\n     (adsbygoogle = window.adsbygoogle || []).push({});\r\n<\/script><\/div>\n<p>\u201eA GVH kidolgozott gyakorlattal rendelkezik az \u00e1rkedvezm\u00e9nyek alkalmaz\u00e1sa, k\u00fcl\u00f6n\u00f6sen a <em>Black Friday<\/em> \u00e9s egy\u00e9b id\u0151szakos akci\u00f3k alkalm\u00e1val alkalmazott kedvezm\u00e9nyek tekintet\u00e9ben. Versenyfel\u00fcgyeleti elj\u00e1r\u00e1sa k\u00f6r\u00e9ben <a href=\"http:\/\/www.gvh.hu\/dontesek\/versenyhivatali_dontesek\/dontesek_2016\/vj_65_2016_60.html\" target=\"_blank\" rel=\"noopener\">vizsg\u00e1lta<\/a> p\u00e9ld\u00e1ul az Extreme Digital 2015-\u00f6s <em>Black Friday<\/em> kamp\u00e1ny\u00e1t, melyben meg\u00e1llap\u00edtotta a jogs\u00e9rt\u00e9st \u00e9s 20 milli\u00f3 forint b\u00edrs\u00e1got szabott ki.\u201d \u2013 mondta el dr. Polauf Tam\u00e1s, a CHSH Dezs\u0151 \u00e9s T\u00e1rsai \u00dcgyv\u00e9di Iroda <a href=\"http:\/\/www.competition.hu\/\" target=\"_blank\" rel=\"noopener\">versenyjogi csoportj\u00e1nak<\/a> vezet\u0151 partnere.<\/p>\n<p>&nbsp;<\/p>\n<p>Al\u00e1bb r\u00f6viden bemutatjuk, hogy a keresked\u0151knek mire c\u00e9lszer\u0171 figyelni az \u00e1rkedvezm\u00e9nyek alkalmaz\u00e1sa sor\u00e1n annak \u00e9rdek\u00e9ben, hogy ne val\u00f3s\u00edtsanak meg fogyaszt\u00f3v\u00e9delmi jogs\u00e9rt\u00e9st \u00e9s \u00edgy elker\u00fclj\u00e9k az ezzel j\u00e1r\u00f3 magas b\u00edrs\u00e1gokat.<\/p>\n<p>&nbsp;<\/p>\n<ol>\n<li><strong>Az \u00e1r, mint a legink\u00e1bb fogyaszt\u00f3-befoly\u00e1sol\u00f3 t\u00e9nyez\u0151<\/strong><\/li>\n<\/ol>\n<p><strong>\u00a0<\/strong><\/p>\n<p>A term\u00e9knek fogyaszt\u00f3i szempontb\u00f3l legl\u00e9nyegesebb tulajdons\u00e1ga az \u00e1ra. A fogyaszt\u00f3 d\u00f6nt\u00e9s\u00e9t ez\u00e9rt az befoly\u00e1solja a legnagyobb m\u00e9rt\u00e9kben, ha az \u00e1r cs\u00f6kken\u00e9s\u00e9r\u0151l szerez tudom\u00e1st. Ez az oka annak, hogy az akci\u00f3 m\u00e9rt\u00e9k\u00e9t, vagyis a r\u00e9gi \u00e9s az \u00faj \u00e1r k\u00fcl\u00f6nbs\u00e9g\u00e9t \u00e9s az ebb\u0151l nyerhet\u0151 megtakar\u00edt\u00e1st tartalmaz\u00f3 rekl\u00e1moknak van a legnagyobb \u00f6szt\u00f6nz\u0151 ereje. A Magyar \u00c9remkibocs\u00e1t\u00f3 Int\u00e9zet ellen ind\u00edtott versenyfel\u00fcgyeleti <a href=\"http:\/\/www.gvh.hu\/dontesek\/versenyhivatali_dontesek\/dontesek_2013\/vj053_2013_67.html\" target=\"_blank\" rel=\"noopener\">elj\u00e1r\u00e1sban<\/a> a Hat\u00f3s\u00e1g meg\u00e1llap\u00edtotta, hogy a fogyaszt\u00f3 d\u00f6nt\u00e9si folyamat\u00e1t befoly\u00e1solja m\u00e1r \u00f6nmag\u00e1ban annak k\u00f6zl\u00e9se is, hogy valamely \u00e1r kedvezm\u00e9nyes, hiszen ez azt az \u00fczenetet k\u00f6zvet\u00edti a fogyaszt\u00f3 sz\u00e1m\u00e1ra, hogy ez kedvez\u0151 lehet\u0151s\u00e9get jelent az adott \u00e1ru megv\u00e1s\u00e1rl\u00e1s\u00e1ra, mivel m\u00e1s k\u00f6r\u00fclm\u00e9nyek k\u00f6z\u00f6tt vagy id\u0151pontban nem ez az \u00e1r \u00e9rv\u00e9nyes\u00fclne. A r\u00e9gi \u00e1r megjel\u00f6l\u00e9se m\u00e1r \u00f6nmag\u00e1ban vissza\u00e9l\u00e9sre adhat lehet\u0151s\u00e9get. Ennek gyakorlat\u00e1t a <a href=\"http:\/\/www.gvh.hu\/sajtoszoba\/sajtokozlemenyek\/2009-es_sajtokozlemenyek\/5828_hu_sulyos_problemak_a_penny_market_akciotartasi_gyakorlataval.html?query=133%2F2008\" target=\"_blank\" rel=\"noopener\">Penny Markettel szemben folytatott elj\u00e1r\u00e1sban<\/a> alak\u00edtotta ki a GVH. Eszerint jogs\u00e9rt\u00e9st val\u00f3s\u00edt meg a v\u00e1llalkoz\u00e1s, ha t\u00e9nylegesen nem az \u00e1ltala meghirdetett akci\u00f3s \u00e1ron, hanem ann\u00e1l dr\u00e1g\u00e1bban \u00e9rt\u00e9kes\u00edti az adott term\u00e9ket.<\/p>\n<div class=\"ads-in-post2\"><script async src=\"https:\/\/pagead2.googlesyndication.com\/pagead\/js\/adsbygoogle.js\"><\/script>\r\n<ins class=\"adsbygoogle\"\r\n     style=\"display:block\"\r\n     data-ad-format=\"fluid\"\r\n     data-ad-layout-key=\"-6t+ed+2i-1n-4w\"\r\n     data-ad-client=\"ca-pub-1959107119989764\"\r\n     data-ad-slot=\"4008251320\"><\/ins>\r\n<script>\r\n     (adsbygoogle = window.adsbygoogle || []).push({});\r\n<\/script><\/div>\n&nbsp;<\/p>\n<ol>\n<li><strong>A sz\u00e1zal\u00e9kos kedvezm\u00e9ny<\/strong><\/li>\n<\/ol>\n<p><strong>\u00a0<\/strong><\/p>\n<p>Megval\u00f3sul a tisztess\u00e9gtelen kereskedelmi gyakorlat akkor is, ha ugyan a v\u00e1llalkoz\u00e1s az akci\u00f3s \u00e1rnak megfelel\u0151en \u00e9rt\u00e9kes\u00edti term\u00e9keit, de a fogyaszt\u00f3 <a href=\"http:\/\/www.gvh.hu\/dontesek\/versenyhivatali_dontesek\/dontesek_2015\/vj_93_2015_129.html\" target=\"_blank\" rel=\"noopener\">m\u00e9gsem jut az elv\u00e1rt megtakar\u00edt\u00e1shoz<\/a>, mert a v\u00e1llalkoz\u00e1s val\u00f3j\u00e1ban kor\u00e1bban sem alkalmazta a r\u00e9gi \u00e1rk\u00e9nt megjel\u00f6lt magasabb \u00e1rat. Kiv\u00e9tel, amikor \u00faj term\u00e9k bevezet\u0151 \u00e1ra min\u0151s\u00fcl kedvezm\u00e9nyesnek, ekkor az akci\u00f3 ut\u00e1ni \u00e1rt\u00f6rt\u00e9net igazolhatja a fenn\u00e1ll\u00f3 t\u00e9nyleges \u00e1rk\u00fcl\u00f6nbs\u00e9get. E tekintetben igen szigor\u00fa a GVH gyakorlata, hiszen akkor is meg\u00e1llap\u00edtja a jogs\u00e9rt\u00e9st, ha ugyan a r\u00e9gi \u00e1rk\u00e9nt megjel\u00f6lt magasabb \u00e1r t\u00e9nylegesen alkalmaz\u00e1sra ker\u00fclt, de nem k\u00f6zvetlen\u00fcl az akci\u00f3t megel\u0151z\u0151 id\u0151szakban, vagy csak kiv\u00e9telesen, illetve \u00e1tmeneti jelleggel (pl. \u00e9sszer\u0171tlen\u00fcl r\u00f6vid ideig, 1-1 napig). A jogs\u00e9rt\u00e9s nem \u00e1llap\u00edthat\u00f3 meg, ha a v\u00e1llalkoz\u00e1s a kedvezm\u00e9nyes \u00e1rat a kereskedelmi forgalomban \u00e1ltal\u00e1ban jellemz\u0151 \u00e1rhoz k\u00e9pest hat\u00e1rozza meg \u2013 fejtette ki \u00e1ll\u00e1spontj\u00e1t a GVH a <a href=\"http:\/\/www.gvh.hu\/dontesek\/versenyhivatali_dontesek\/dontesek_2008\/5933_hu_vj-1622008044.html\" target=\"_blank\" rel=\"noopener\">JYSK Kereskedelmi Kft.-vel szemben folytatott elj\u00e1r\u00e1s kapcs\u00e1n<\/a>.<\/p>\n<p><strong>\u00a0<\/strong><\/p>\n<ol>\n<li><strong>Az id\u0151szakos \u00e1rkedvezm\u00e9ny<\/strong><\/li>\n<\/ol>\n<p>&nbsp;<\/p>\n<p>A kedvezm\u00e9ny konkr\u00e9t id\u0151szakra alkalmaz\u00e1sa is jogs\u00e9rt\u0151nek min\u0151s\u00fclhet egy esetleges versenyfel\u00fcgyeleti elj\u00e1r\u00e1sban. Egyes id\u0151szakokban \u2013 \u00edgy a kar\u00e1csonyt megel\u0151z\u0151 v\u00e1s\u00e1rl\u00e1si l\u00e1z kezdet\u00e9t jelz\u0151 <em>Black Friday <\/em>idej\u00e9n \u2013 a fogyaszt\u00f3k az \u00e1tlagosn\u00e1l t\u00f6bbet v\u00e1s\u00e1rolnak, de t\u00f6bbet is szeretn\u00e9nek sp\u00f3rolni. \u00cdgy a meghat\u00e1rozott id\u0151szakra vonatkoz\u00f3 kedvezm\u00e9ny arra sarkallja \u0151ket, hogy siessenek a v\u00e1s\u00e1rl\u00e1ssal, ha megtakar\u00edt\u00e1st akarnak el\u00e9rni. \u201eA <a href=\"http:\/\/gvh.hu\/data\/cms1039295\/gvh_ogy_pb_2017.pdf\" target=\"_blank\" rel=\"noopener\">GVH besz\u00e1mol\u00f3ja<\/a> szerint a legt\u00f6bb panasz az\u00e9rt \u00e9rkezik, mert a v\u00e1llalatok vagy nem alkalmazz\u00e1k t\u00e9nylegesen a hirdetett \u00e1rkedvezm\u00e9nyeket, vagy a prom\u00f3ci\u00f3ban szerepl\u0151 term\u00e9kek korl\u00e1tozott sz\u00e1muk miatt hamar elfogynak. Erre tekintettel \u00edt\u00e9lte jogs\u00e9rt\u0151nek a GVH a <a href=\"http:\/\/www.gvh.hu\/dontesek\/versenyhivatali_dontesek\/dontesek_2016\/vj_67_2016_54.html\" target=\"_blank\" rel=\"noopener\">Media Markt Saturn Holding<\/a> 2015-\u00f6s adventi bronz h\u00e9tv\u00e9gi prom\u00f3ci\u00f3j\u00e1t \u00e9s szabott ki 10 milli\u00f3 forint b\u00edrs\u00e1got, valamint \u00e1llap\u00edtott meg jogs\u00e9rt\u00e9st a <a href=\"http:\/\/www.gvh.hu\/dontesek\/versenyhivatali_dontesek\/dontesek_2008\/5749_hu_vj-133200822.html\" target=\"_blank\" rel=\"noopener\">Penny Market \u00fcgyben<\/a>.\u201e \u2013 magyar\u00e1zza dr. Polauf Tam\u00e1s \u00fcgyv\u00e9d.<\/p>\n<p>&nbsp;<\/p>\n<ol>\n<li><strong>Az <em>\u201eak\u00e1r-\u00e1ll\u00edt\u00e1sok\u201d<\/em>megt\u00e9veszt\u0151 jellege<\/strong><\/li>\n<\/ol>\n<p>&nbsp;<\/p>\n<p>A kedvezm\u00e9ny m\u00e9rt\u00e9k\u00e9n\u00e9l figyelemmel kell lenni arra, hogy az a term\u00e9kek h\u00e1ny sz\u00e1zal\u00e9k\u00e1t \u00e9rinti. Az <a href=\"http:\/\/www.gvh.hu\/sajtoszoba\/sajtokozlemenyek\/2017_es_sajtokozlemenyek\/jogserto_black_friday_reklam_miatt_birsagolt_a_gvh.html\" target=\"_blank\" rel=\"noopener\">Extreme Digital \u00fcgyben<\/a> az alapozta meg a tisztess\u00e9gtelen kereskedelmi gyakorlatot, hogy a prom\u00f3ci\u00f3 szerint a fogyaszt\u00f3k ak\u00e1r 70%-os kedvezm\u00e9nyt is el\u00e9rhettek, a val\u00f3s\u00e1gban azonban a k\u00edn\u00e1lt term\u00e9kek mind\u00f6ssze kevesebb, mint 1%-a volt el\u00e9rhet\u0151 a c\u00e9g rekl\u00e1mjaiban megjel\u00f6lt kedvezm\u00e9nnyel. A GVH gyakorlata szerint az <em>\u201eak\u00e1r-\u00e1ll\u00edt\u00e1sok\u201d<\/em> akkor nem min\u0151s\u00fclnek megt\u00e9veszt\u0151nek, vagyis akkor jogszer\u0171ek, ha a prom\u00f3ci\u00f3ban szerepl\u0151 kedvezm\u00e9ny a term\u00e9kk\u00edn\u00e1lat legal\u00e1bb 10%-\u00e1t el\u00e9ri.<\/p>\n<p>Az <em>\u201eak\u00e1r-\u00e1ll\u00edt\u00e1sok\u201d<\/em> mellett a \u201e<em>minden-\u00e1ll\u00edt\u00e1sn\u00e1l<\/em>\u201d is k\u00fcl\u00f6n\u00f6sen figyelmesen kell elj\u00e1rni. A GVH meg\u00e1llap\u00edtotta, hogy a Media Markt magatart\u00e1sa az\u00e9rt is jogs\u00e9rt\u0151, mert r\u00e1di\u00f3rekl\u00e1mjaiban megt\u00e9veszt\u0151 t\u00e1j\u00e9koztat\u00e1st ny\u00fajtott a prom\u00f3ci\u00f3 r\u00e9szleteir\u0151l, a hirdetettekkel ellent\u00e9tben ugyanis az akci\u00f3 t\u00e9nylegesen nem minden 20 000 forint feletti v\u00e1s\u00e1rl\u00e1sra vonatkozott. A GVH gyakorlata \u00e9rtelm\u00e9ben a kifejezetten \u201e<em>minden<\/em>\u201d v\u00e1s\u00e1rl\u00e1sra, term\u00e9kre stb. \u00edg\u00e9rt akci\u00f3k, kedvezm\u00e9nyek megt\u00e9veszt\u0151k, ha a prom\u00f3ci\u00f3 val\u00f3j\u00e1ban nem terjed ki minden term\u00e9kre.<\/p>\n<p>&nbsp;<\/p>\n<ol>\n<li><strong>A kedvezm\u00e9nyben szerepl\u0151 term\u00e9kek<\/strong><\/li>\n<\/ol>\n<p><strong>\u00a0<\/strong><\/p>\n<p>A tisztess\u00e9gtelen kereskedelmi gyakorlat meg\u00e1llap\u00edthat\u00f3, ha a rekl\u00e1m sz\u00f6veg\u00e9b\u0151l a fogyaszt\u00f3 a v\u00e1llalat tipikus term\u00e9keinek \u00e1rcs\u00f6kkent\u00e9s\u00e9t v\u00e1rhatja, a val\u00f3s\u00e1gban azonban a kedvezm\u00e9ny nem terjed ki azokra. Ezt \u00e1llap\u00edtotta meg a GVH az Extreme Digital \u00fcgyben, melyben a kamp\u00e1ny sz\u00f6veg szerint <em>\u201eT\u00f6bb sz\u00e1z term\u00e9k v\u00e1r r\u00e1d\u2026\u201c <\/em>\u2013 azonban a rekl\u00e1mban megjel\u00f6lt kedvezm\u00e9ny kiz\u00e1r\u00f3lag olyan term\u00e9kekn\u00e9l volt el\u00e9rhet\u0151, amelyek sem \u00e1tlag\u00e1ruk, sem pedig a jelleg\u00fck alapj\u00e1n nem tekinthet\u0151k a v\u00e1llalkoz\u00e1s \u00e1ltal forgalmazott, vagy a rekl\u00e1mban megjel\u00f6lt term\u00e9kk\u00f6rt illet\u0151en tipikusnak.<\/p>\n<p>&nbsp;<\/p>\n<ol>\n<li><strong>\u201e<em>A k\u00e9szlet erej\u00e9ig\u2026<\/em>\u201d<\/strong><\/li>\n<\/ol>\n<p><strong>\u00a0<\/strong><\/p>\n<p>Figyelemmel kell lenni v\u00e9gezet\u00fcl arra is, hogy a GVH szerint a legt\u00f6bb panasz az\u00e9rt \u00e9rkezik, mert az akci\u00f3ban szerepl\u0151 term\u00e9kek hamar elfogynak. Ez azonban akkor sem mentes\u00edti a kedvezm\u00e9ny alkalmaz\u00e1sa al\u00f3l a v\u00e1llalkoz\u00e1st, ha a rekl\u00e1mban szerepel a \u201e<em>k\u00e9szlet erej\u00e9ig<\/em>\u201d szlogen. Nem v\u00e1rhat\u00f3 el ugyanis egy \u00e9sszer\u0171en elj\u00e1r\u00f3 fogyaszt\u00f3t\u00f3l sem, hogy t\u00e1j\u00e9koztat\u00e1s hi\u00e1ny\u00e1ban sz\u00e1moljon a k\u00edn\u00e1lat v\u00e1rhat\u00f3 alakul\u00e1s\u00e1val. A fogyaszt\u00f3nak nem kell teh\u00e1t sz\u00e1molnia azzal, hogy elfogy a hirdetett akci\u00f3s term\u00e9k m\u00e1r a t\u00f6bbnapos vagy t\u00f6bbhetes prom\u00f3ci\u00f3s id\u0151szak legelej\u00e9n. Ilyen k\u00e9szletprobl\u00e9m\u00e1kra vonatkoz\u00f3an \u00e1llap\u00edtott meg jogs\u00e9rt\u00e9st, \u00e9s szabott ki b\u00edrs\u00e1got a GVH p\u00e9ld\u00e1ul a <a href=\"http:\/\/www.gvh.hu\/sajtoszoba\/sajtokozlemenyek\/2017_es_sajtokozlemenyek\/csalogato_reklammal_tevesztette_meg_a_fogyasztokat.html\" target=\"_blank\" rel=\"noopener\">Lidl-lel szemben<\/a>.<\/p>\n<p>&nbsp;<\/p>\n<p>\u201eA k\u00f6vetkez\u0151 id\u0151szakban teh\u00e1t \u00e9rdemes kiemelt figyelmet ford\u00edtani a fenti szempontokra, annak \u00e9rdek\u00e9ben, hogy a kar\u00e1csonyt megel\u0151z\u0151 v\u00e1s\u00e1rl\u00e1si l\u00e1z ne csak a keresked\u0151knek, hanem a fogyaszt\u00f3knak is hasznot hozhasson an\u00e9lk\u00fcl, hogy a GVH-b\u00edrs\u00e1gbev\u00e9telei gyarapodn\u00e1nak. Tapasztalataink szerint, c\u00e9lszer\u0171 m\u00e9g a rekl\u00e1mkamp\u00e1nyok sug\u00e1rz\u00e1sa el\u0151tt szakemberrel megvizsg\u00e1ltatni a kereskedelmi kommunik\u00e1ci\u00f3t fogyaszt\u00f3v\u00e9delmi szempontb\u00f3l, hiszen \u00edgy t\u00f6red\u00e9k befektet\u00e9ssel jelent\u0151s el\u0151ny \u00e9rhet\u0151 el, ha nem kell a GVH borsos b\u00edrs\u00e1gait megfizetni.\u201d &#8211; mondta el a CHSH Dezs\u0151 \u00e9s T\u00e1rsai \u00fcgyv\u00e9de.<\/p>\n<p>&nbsp;<\/p>\n<p><strong>\u00a0<\/strong><\/p>\n<p><strong><em>Black Friday<\/em><\/strong><\/p>\n<p>&nbsp;<\/p>\n<p>A <em>Black Friday <\/em>az USA-b\u00f3l, Philadelphi\u00e1b\u00f3l sz\u00e1rmaz\u00f3 fogalom, az 1960-as \u00e9vekt\u0151l tartj\u00e1k, l\u00e9nyeg\u00e9ben a kar\u00e1csonyi v\u00e1s\u00e1rl\u00e1si l\u00e1z kezdet\u00e9t jelenti. Id\u0151pontja v\u00e1ltoz\u00f3, mindig a H\u00e1laad\u00e1s ut\u00e1ni els\u0151 p\u00e9ntek, \u00edgy november 23. \u00e9s 29. k\u00f6z\u00e9 esik. A <em>Black Friday<\/em> kifejez\u00e9s onnan sz\u00e1rmazik, hogy az anal\u00f3g sz\u00e1ml\u00e1z\u00e1s id\u0151szak\u00e1ban a piros sz\u00edn jel\u00f6lte a vesztes\u00e9get, a fekete pedig a profitot. A kar\u00e1csonyi v\u00e1s\u00e1rl\u00e1si szezon kezdet\u00e9n a keresked\u0151k v\u00e9gre profitra tettek szert, azaz m\u00e1r nem a piros tartom\u00e1nyban mozgott a k\u00f6nyvel\u00e9s. \u00cdgy v\u00e1lt a fekete p\u00e9ntek a legfontosabb kereskedelmi \u201e\u00fcnnepp\u00e9\u201d a kapitalista vil\u00e1gban. Az online v\u00e1s\u00e1rl\u00e1s lehet\u0151v\u00e9 v\u00e1l\u00e1sa \u00f3ta az eg\u00e9sz vil\u00e1gon elterjedt gyakorlatt\u00e1 v\u00e1lt, ezzel jelent\u0151s teret adva a fogyaszt\u00f3v\u00e9delmi jogs\u00e9rt\u00e9seknek \u00e9s \u00edgy a GVH fell\u00e9p\u00e9s\u00e9nek.<\/p>\n<p><strong>\u00a0<\/strong><\/p>\n","protected":false},"excerpt":{"rendered":"<p>Haz\u00e1nkban is egyre n\u00e9pszer\u0171bb\u00e9 v\u00e1lik az Amerik\u00e1ban a keresked\u0151k \u00fcnnepek\u00e9nt is aposztrof\u00e1lt, a kar\u00e1csonyi szezont ind\u00edt\u00f3 kiskereskedelmi akci\u00f3sorozat, a fekete p\u00e9ntek, vagy eredeti nev\u00e9n Black Friday. Ebben a kiemelt akci\u00f3z\u00e1si id\u0151szakban azonban nemcsak a fogyaszt\u00f3knak, de a keresked\u0151knek is \u00e9rdemes r\u00e9sen lenni, mert a GVH sem n\u00e9zi t\u00e9tlen\u00fcl az \u00edg\u00e9rget\u00e9si versenyt.<\/p>\n","protected":false},"author":1,"featured_media":51030,"comment_status":"closed","ping_status":"open","sticky":false,"template":"","format":"standard","meta":[],"categories":[146,4,19],"tags":[],"_links":{"self":[{"href":"https:\/\/gazdasagportal.hu\/index.php\/wp-json\/wp\/v2\/posts\/110958"}],"collection":[{"href":"https:\/\/gazdasagportal.hu\/index.php\/wp-json\/wp\/v2\/posts"}],"about":[{"href":"https:\/\/gazdasagportal.hu\/index.php\/wp-json\/wp\/v2\/types\/post"}],"author":[{"embeddable":true,"href":"https:\/\/gazdasagportal.hu\/index.php\/wp-json\/wp\/v2\/users\/1"}],"replies":[{"embeddable":true,"href":"https:\/\/gazdasagportal.hu\/index.php\/wp-json\/wp\/v2\/comments?post=110958"}],"version-history":[{"count":1,"href":"https:\/\/gazdasagportal.hu\/index.php\/wp-json\/wp\/v2\/posts\/110958\/revisions"}],"predecessor-version":[{"id":110959,"href":"https:\/\/gazdasagportal.hu\/index.php\/wp-json\/wp\/v2\/posts\/110958\/revisions\/110959"}],"wp:featuredmedia":[{"embeddable":true,"href":"https:\/\/gazdasagportal.hu\/index.php\/wp-json\/wp\/v2\/media\/51030"}],"wp:attachment":[{"href":"https:\/\/gazdasagportal.hu\/index.php\/wp-json\/wp\/v2\/media?parent=110958"}],"wp:term":[{"taxonomy":"category","embeddable":true,"href":"https:\/\/gazdasagportal.hu\/index.php\/wp-json\/wp\/v2\/categories?post=110958"},{"taxonomy":"post_tag","embeddable":true,"href":"https:\/\/gazdasagportal.hu\/index.php\/wp-json\/wp\/v2\/tags?post=110958"}],"curies":[{"name":"wp","href":"https:\/\/api.w.org\/{rel}","templated":true}]}}