{"id":110956,"date":"2018-11-19T13:50:10","date_gmt":"2018-11-19T12:50:10","guid":{"rendered":"http:\/\/gazdasagportal.hu\/?p=110956"},"modified":"2018-11-19T13:50:10","modified_gmt":"2018-11-19T12:50:10","slug":"a-gvh-uj-eljarasa-nem-befolyasolja-a-digi-invitel-fuzio-vegrehajtasat","status":"publish","type":"post","link":"https:\/\/gazdasagportal.hu\/index.php\/a-gvh-uj-eljarasa-nem-befolyasolja-a-digi-invitel-fuzio-vegrehajtasat\/","title":{"rendered":"A GVH \u00faj elj\u00e1r\u00e1sa nem befoly\u00e1solja a Digi-Invitel f\u00fazi\u00f3 v\u00e9grehajt\u00e1s\u00e1t"},"content":{"rendered":"<p><strong>A Gazdas\u00e1gi Versenyhivatal (GVH) \u00faj elj\u00e1r\u00e1sa nem befoly\u00e1solja a Digi-Invitel f\u00fazi\u00f3 v\u00e9grehajt\u00e1s\u00e1t, mivel a versenyhivatal a kor\u00e1bbi j\u00f3v\u00e1hagy\u00e1st visszavon\u00f3 d\u00f6nt\u00e9s\u00e9vel egyidej\u0171leg enged\u00e9lyezte a Digi r\u00e9sz\u00e9re, hogy az Invitel feletti tulajdonosi jogait az \u00faj elj\u00e1r\u00e1s lez\u00e1r\u00e1s\u00e1ig bizonyos korl\u00e1toz\u00e1sok mellett tov\u00e1bbra is gyakorolja &#8211; k\u00f6z\u00f6lte a Digi csoport az MTI-vel h\u00e9tf\u0151n.<\/strong><!--more--><\/p>\n<div class=\"ads-in-post1\"><div id=\"gazdasagportal.hu_fullbanner_wideboard\"><\/div>\r\n<\/div>\n<p>    A GVH m\u00falt szerdai k\u00f6zl\u00e9se szerint f\u00e9lrevezet\u0151 k\u00f6zl\u00e9s miatt visszavont\u00e1k az Invitel T\u00e1vk\u00f6zl\u00e9si Zrt. \u00e9s a Digi T\u00e1vk\u00f6zl\u00e9si \u00e9s Szolg\u00e1ltat\u00f3 Kft. (Digi) f\u00fazi\u00f3j\u00e1nak enged\u00e9ly\u00e9t, de ideiglenes versenyhivatali hozz\u00e1j\u00e1rul\u00e1ssal folytat\u00f3dhat az egyes\u00fcl\u00e9s. A kor\u00e1bbi hat\u00e1rozatot a r\u00e9szletes vizsg\u00e1lat lez\u00e1rulta ut\u00e1n \u00faj d\u00f6nt\u00e9ssel fogj\u00e1k p\u00f3tolni. A versenyhivatal egy\u00fattal 90 milli\u00f3 forintra b\u00edrs\u00e1golta a Digit.<br \/>\n    A Digi csoport h\u00e9tf\u0151i t\u00e1j\u00e9koztat\u00e1sa szerint a mostani vizsg\u00e1lat nem \u00e9rinti az Invitel m\u0171k\u00f6d\u00e9s\u00e9t, kiz\u00e1r\u00f3lag azokra a telep\u00fcl\u00e9sekre korl\u00e1toz\u00f3dik, ahol az i-TV Digit\u00e1lis T\u00e1vk\u00f6zl\u00e9si Zrt. (a Digi Kft. egyik hazai le\u00e1nyv\u00e1llalata) \u00e9s az Invitel szolg\u00e1ltat\u00e1si ter\u00fcletei \u00e1tfedik egym\u00e1st.<br \/>\n<div class=\"ads-in-post2\"><script async src=\"https:\/\/pagead2.googlesyndication.com\/pagead\/js\/adsbygoogle.js\"><\/script>\r\n<ins class=\"adsbygoogle\"\r\n     style=\"display:block\"\r\n     data-ad-format=\"fluid\"\r\n     data-ad-layout-key=\"-6t+ed+2i-1n-4w\"\r\n     data-ad-client=\"ca-pub-1959107119989764\"\r\n     data-ad-slot=\"4008251320\"><\/ins>\r\n<script>\r\n     (adsbygoogle = window.adsbygoogle || []).push({});\r\n<\/script><\/div>\n    Mint \u00edrt\u00e1k, nem \u00e9rtenek egyet a GVH d\u00f6nt\u00e9s\u00e9vel, mivel \u00e1ll\u00e1spontjuk szerint hi\u00e1nytalan \u00e9s pontos inform\u00e1ci\u00f3k ny\u00fajt\u00e1s\u00e1val j\u00f3hiszem\u0171en j\u00e1rtak el az alapelj\u00e1r\u00e1s sor\u00e1n. A GVH r\u00e9sz\u00e9re t\u00f6bb k\u00f6rben szolg\u00e1ltatt\u00e1k a k\u00e9rt adatokat, k\u00f6zt\u00fck az i-TV tev\u00e9kenys\u00e9g\u00e9re vonatkoz\u00f3 adatokat is. Emellett koll\u00e9g\u00e1ik, szak\u00e9rt\u0151ik tov\u00e1bbi konzult\u00e1ci\u00f3kra is rendelkez\u00e9sre \u00e1lltak, hiszen alapvet\u0151 \u00e9rdek\u00fck volt, hogy a GVH sz\u00e1m\u00e1ra minden sz\u00fcks\u00e9ges inform\u00e1ci\u00f3t \u00e9s t\u00e1j\u00e9koztat\u00e1st megadjanak az \u00f6sszefon\u00f3d\u00e1s k\u00e9relmezett j\u00f3v\u00e1hagy\u00e1s\u00e1hoz.<br \/>\n    A k\u00f6zl\u00e9s\u00fck szerint a GVH \u00e1ltal az i-TV \u00e9s az Invitel szolg\u00e1ltat\u00e1sok \u00e1tfed\u0151 ter\u00fcleteir\u0151l el\u0151\u00edrt k\u00f6telezetts\u00e9gekhez felhaszn\u00e1lt hi\u00e1nyos adatok nem a t\u00e1rsas\u00e1guk adatszolg\u00e1ltat\u00e1s\u00e1b\u00f3l sz\u00e1rmaztak, hanem a GVH saj\u00e1t adatgy\u0171jt\u00e9s\u00e9b\u0151l, amelyet az igen terjedelmes, 10 h\u00f3napot \u00e1t\u00f6lel\u0151 vizsg\u00e1lat sor\u00e1n folytatott.<br \/>\n    A Digi csoport az \u00faj vizsg\u00e1lati folyamatban is j\u00f3hiszem\u0171en \u00e9s teljesk\u00f6r\u0171en egy\u00fcttm\u0171k\u00f6dik a GVH-val annak \u00e9rdek\u00e9ben, hogy az \u00f6sszefon\u00f3d\u00e1st ism\u00e9telten j\u00f3v\u00e1hagy\u00f3, \u00faj hat\u00e1rozat a lehet\u0151 leghamarabb megsz\u00fclethessen &#8211; olvashat\u00f3 a k\u00f6zlem\u00e9nyben.<br \/>\n    A c\u00e9gcsoport a Digi Kft. \u00e9s az Invitel Zrt. \u00f6sszefon\u00f3d\u00e1s\u00e1val t\u00f6bb mint 1,1 milli\u00f3 el\u0151fizet\u0151t szolg\u00e1l ki orsz\u00e1gszerte, munkav\u00e1llal\u00f3inak sz\u00e1ma megk\u00f6zel\u00edti a 2500 f\u0151t.(MTI)<\/p>\n","protected":false},"excerpt":{"rendered":"<p>A Gazdas\u00e1gi Versenyhivatal (GVH) \u00faj elj\u00e1r\u00e1sa nem befoly\u00e1solja a Digi-Invitel f\u00fazi\u00f3 v\u00e9grehajt\u00e1s\u00e1t, mivel a versenyhivatal a kor\u00e1bbi j\u00f3v\u00e1hagy\u00e1st visszavon\u00f3 d\u00f6nt\u00e9s\u00e9vel egyidej\u0171leg enged\u00e9lyezte a Digi r\u00e9sz\u00e9re, hogy az Invitel feletti tulajdonosi jogait az \u00faj elj\u00e1r\u00e1s lez\u00e1r\u00e1s\u00e1ig bizonyos korl\u00e1toz\u00e1sok mellett tov\u00e1bbra is gyakorolja &#8211; k\u00f6z\u00f6lte a Digi csoport az MTI-vel h\u00e9tf\u0151n.<\/p>\n","protected":false},"author":1,"featured_media":0,"comment_status":"closed","ping_status":"open","sticky":false,"template":"","format":"standard","meta":[],"categories":[19],"tags":[],"_links":{"self":[{"href":"https:\/\/gazdasagportal.hu\/index.php\/wp-json\/wp\/v2\/posts\/110956"}],"collection":[{"href":"https:\/\/gazdasagportal.hu\/index.php\/wp-json\/wp\/v2\/posts"}],"about":[{"href":"https:\/\/gazdasagportal.hu\/index.php\/wp-json\/wp\/v2\/types\/post"}],"author":[{"embeddable":true,"href":"https:\/\/gazdasagportal.hu\/index.php\/wp-json\/wp\/v2\/users\/1"}],"replies":[{"embeddable":true,"href":"https:\/\/gazdasagportal.hu\/index.php\/wp-json\/wp\/v2\/comments?post=110956"}],"version-history":[{"count":1,"href":"https:\/\/gazdasagportal.hu\/index.php\/wp-json\/wp\/v2\/posts\/110956\/revisions"}],"predecessor-version":[{"id":110957,"href":"https:\/\/gazdasagportal.hu\/index.php\/wp-json\/wp\/v2\/posts\/110956\/revisions\/110957"}],"wp:attachment":[{"href":"https:\/\/gazdasagportal.hu\/index.php\/wp-json\/wp\/v2\/media?parent=110956"}],"wp:term":[{"taxonomy":"category","embeddable":true,"href":"https:\/\/gazdasagportal.hu\/index.php\/wp-json\/wp\/v2\/categories?post=110956"},{"taxonomy":"post_tag","embeddable":true,"href":"https:\/\/gazdasagportal.hu\/index.php\/wp-json\/wp\/v2\/tags?post=110956"}],"curies":[{"name":"wp","href":"https:\/\/api.w.org\/{rel}","templated":true}]}}