{"id":110950,"date":"2018-11-19T10:56:37","date_gmt":"2018-11-19T09:56:37","guid":{"rendered":"http:\/\/gazdasagportal.hu\/?p=110950"},"modified":"2018-11-19T10:56:37","modified_gmt":"2018-11-19T09:56:37","slug":"mnb-finanszirozasi-tobblettel-zarta-az-allamhaztartas-a-harmadik-negyedevet","status":"publish","type":"post","link":"https:\/\/gazdasagportal.hu\/index.php\/mnb-finanszirozasi-tobblettel-zarta-az-allamhaztartas-a-harmadik-negyedevet\/","title":{"rendered":"MNB: finansz\u00edroz\u00e1si t\u00f6bblettel z\u00e1rta az \u00e1llamh\u00e1ztart\u00e1s a harmadik negyed\u00e9vet"},"content":{"rendered":"<p><strong>A harmadik negyed\u00e9v\u00e9ben az \u00e1llamh\u00e1ztart\u00e1s finansz\u00edroz\u00e1si oldalr\u00f3l sz\u00e1m\u00edtott nett\u00f3 t\u00f6bblete 52 milli\u00e1rd forintot, a negyed\u00e9ves GDP 0,5 sz\u00e1zal\u00e9k\u00e1t tette ki. A tavalyi els\u0151 negyed\u00e9v \u00f3ta el\u0151sz\u00f6r z\u00e1rt finansz\u00edroz\u00e1si t\u00f6bblettel az \u00e1llamh\u00e1ztart\u00e1s. A szeptember v\u00e9g\u00e9n z\u00e1rult egy \u00e9vben az \u00e1llamh\u00e1ztart\u00e1s finansz\u00edroz\u00e1si ig\u00e9nye 913 milli\u00e1rd forint, a GDP 2,2 sz\u00e1zal\u00e9ka volt &#8211; k\u00f6z\u00f6lte h\u00e9tf\u0151n a p\u00e9nz\u00fcgyi sz\u00e1ml\u00e1k el\u0151zetes adatai alapj\u00e1n a Magyar Nemzeti Bank (MNB). A n\u00e9gy negyed\u00e9ves hi\u00e1nyb\u00f3l egyed\u00fcl a tavalyi negyedik negyed\u00e9v 800 milli\u00e1rd forinttal r\u00e9szesedik.<\/strong><!--more--><\/p>\n<div class=\"ads-in-post1\"><div id=\"gazdasagportal.hu_fullbanner_wideboard\"><\/div>\r\n<\/div>\n<p>    Az \u00e1llamh\u00e1ztart\u00e1s n\u00e9v\u00e9rt\u00e9ken sz\u00e1m\u00edt\u00e1sba vett konszolid\u00e1lt brutt\u00f3 (maastrichti) ad\u00f3ss\u00e1ga a harmadik negyed\u00e9v v\u00e9g\u00e9n 28 927 milli\u00e1rd forint, a GDP 70,9 sz\u00e1zal\u00e9ka volt. A harmadik negyed\u00e9vben a tranzakci\u00f3k 277 milli\u00e1rd forinttal n\u00f6velt\u00e9k, az \u00e1t\u00e9rt\u00e9kel\u0151d\u00e9sek pedig 92 milli\u00e1rd forinttal cs\u00f6kkentett\u00e9k az ad\u00f3ss\u00e1got. Az Eximbank ad\u00f3ss\u00e1g\u00e1t is figyelembe v\u00e9ve az \u00e1llamh\u00e1ztart\u00e1s maastrichti ad\u00f3ss\u00e1ga 1,9 sz\u00e1zal\u00e9kponttal magasabb, a GDP 72,8 sz\u00e1zal\u00e9ka volt, 0,5 sz\u00e1zal\u00e9kponttal alacsonyabb a tavaly \u00e9v v\u00e9gin\u00e9l \u00e9s 1,4 sz\u00e1zal\u00e9kponttal az egy \u00e9vvel kor\u00e1bbin\u00e1l.<br \/>\n    Az \u00e1llamh\u00e1ztart\u00e1s nett\u00f3 tartoz\u00e1sa 23 436 milli\u00e1rd forint, a GDP 57,4 sz\u00e1zal\u00e9k\u00e1t tette ki a harmadik negyed\u00e9v v\u00e9g\u00e9n.<br \/>\n<div class=\"ads-in-post2\"><script async src=\"https:\/\/pagead2.googlesyndication.com\/pagead\/js\/adsbygoogle.js\"><\/script>\r\n<ins class=\"adsbygoogle\"\r\n     style=\"display:block\"\r\n     data-ad-format=\"fluid\"\r\n     data-ad-layout-key=\"-6t+ed+2i-1n-4w\"\r\n     data-ad-client=\"ca-pub-1959107119989764\"\r\n     data-ad-slot=\"4008251320\"><\/ins>\r\n<script>\r\n     (adsbygoogle = window.adsbygoogle || []).push({});\r\n<\/script><\/div>\n    (A harmadik negyed\u00e9v\u00e9re vonatkoz\u00f3 adathoz az MNB a saj\u00e1t GDP-becsl\u00e9s\u00e9t haszn\u00e1lta.)<br \/>\n    A harmadik negyed\u00e9v\u00e9ben a k\u00f6zponti korm\u00e1nyzat nett\u00f3 finansz\u00edroz\u00e1si ig\u00e9nye 35 milli\u00e1rd forint volt \u00e9s t\u00e1rsadalombiztos\u00edt\u00e1si alapok nett\u00f3 finansz\u00edroz\u00e1si ig\u00e9nye is 35 milli\u00e1rd forint volt. Ezzel szemben a helyi \u00f6nkorm\u00e1nyzatok nett\u00f3 finansz\u00edroz\u00e1si k\u00e9pess\u00e9ge 121 milli\u00e1rd forint volt a harmadik negyed\u00e9vben. A szektor p\u00e9nz\u00fcgyi eszk\u00f6zei jelent\u0151sen n\u00f6vekedtek, els\u0151sorban a k\u00f6zponti korm\u00e1nyzatn\u00e1l, kisebb r\u00e9szben a hitelint\u00e9zetekn\u00e9l elhelyezett bet\u00e9teik emelkedtek.(MTI)<\/p>\n","protected":false},"excerpt":{"rendered":"<p>A harmadik negyed\u00e9v\u00e9ben az \u00e1llamh\u00e1ztart\u00e1s finansz\u00edroz\u00e1si oldalr\u00f3l sz\u00e1m\u00edtott nett\u00f3 t\u00f6bblete 52 milli\u00e1rd forintot, a negyed\u00e9ves GDP 0,5 sz\u00e1zal\u00e9k\u00e1t tette ki. A tavalyi els\u0151 negyed\u00e9v \u00f3ta el\u0151sz\u00f6r z\u00e1rt finansz\u00edroz\u00e1si t\u00f6bblettel az \u00e1llamh\u00e1ztart\u00e1s. A szeptember v\u00e9g\u00e9n z\u00e1rult egy \u00e9vben az \u00e1llamh\u00e1ztart\u00e1s finansz\u00edroz\u00e1si ig\u00e9nye 913 milli\u00e1rd forint, a GDP 2,2 sz\u00e1zal\u00e9ka volt &#8211; k\u00f6z\u00f6lte h\u00e9tf\u0151n a p\u00e9nz\u00fcgyi sz\u00e1ml\u00e1k &#8230;<\/p>\n","protected":false},"author":1,"featured_media":0,"comment_status":"closed","ping_status":"open","sticky":false,"template":"","format":"standard","meta":[],"categories":[19],"tags":[],"_links":{"self":[{"href":"https:\/\/gazdasagportal.hu\/index.php\/wp-json\/wp\/v2\/posts\/110950"}],"collection":[{"href":"https:\/\/gazdasagportal.hu\/index.php\/wp-json\/wp\/v2\/posts"}],"about":[{"href":"https:\/\/gazdasagportal.hu\/index.php\/wp-json\/wp\/v2\/types\/post"}],"author":[{"embeddable":true,"href":"https:\/\/gazdasagportal.hu\/index.php\/wp-json\/wp\/v2\/users\/1"}],"replies":[{"embeddable":true,"href":"https:\/\/gazdasagportal.hu\/index.php\/wp-json\/wp\/v2\/comments?post=110950"}],"version-history":[{"count":1,"href":"https:\/\/gazdasagportal.hu\/index.php\/wp-json\/wp\/v2\/posts\/110950\/revisions"}],"predecessor-version":[{"id":110951,"href":"https:\/\/gazdasagportal.hu\/index.php\/wp-json\/wp\/v2\/posts\/110950\/revisions\/110951"}],"wp:attachment":[{"href":"https:\/\/gazdasagportal.hu\/index.php\/wp-json\/wp\/v2\/media?parent=110950"}],"wp:term":[{"taxonomy":"category","embeddable":true,"href":"https:\/\/gazdasagportal.hu\/index.php\/wp-json\/wp\/v2\/categories?post=110950"},{"taxonomy":"post_tag","embeddable":true,"href":"https:\/\/gazdasagportal.hu\/index.php\/wp-json\/wp\/v2\/tags?post=110950"}],"curies":[{"name":"wp","href":"https:\/\/api.w.org\/{rel}","templated":true}]}}