{"id":110912,"date":"2018-11-17T11:00:52","date_gmt":"2018-11-17T10:00:52","guid":{"rendered":"http:\/\/gazdasagportal.hu\/?p=110912"},"modified":"2018-11-17T11:00:52","modified_gmt":"2018-11-17T10:00:52","slug":"lezarult-a-kulfoldi-egysegek-csatlakozasa-a-tungsram-csoporthoz","status":"publish","type":"post","link":"https:\/\/gazdasagportal.hu\/index.php\/lezarult-a-kulfoldi-egysegek-csatlakozasa-a-tungsram-csoporthoz\/","title":{"rendered":"Lez\u00e1rult a k\u00fclf\u00f6ldi egys\u00e9gek csatlakoz\u00e1sa a Tungsram-csoporthoz"},"content":{"rendered":"<p><strong>Befejez\u0151d\u00f6tt a k\u00fclf\u00f6ldi egys\u00e9gek csatlakoz\u00e1sa a Tungsram-csoporthoz, ezzel 22 orsz\u00e1gban m\u0171k\u00f6d\u0151 23 le\u00e1nyv\u00e1llalat tartozik a magyarorsz\u00e1gi k\u00f6zponthoz &#8211; k\u00f6z\u00f6lte a t\u00e1rsas\u00e1g az MTI-vel.<\/strong><!--more--><\/p>\n<div class=\"ads-in-post1\"><div id=\"gazdasagportal.hu_fullbanner_wideboard\"><\/div>\r\n<\/div>\n<p>    A k\u00f6zlem\u00e9nyben felid\u00e9zik, hogy a General Electric (GE) Lighting febru\u00e1rban jelentette be, hogy eladja eur\u00f3pai, k\u00f6zel-keleti, afrikai \u00e9s t\u00f6r\u00f6korsz\u00e1gi \u00fczlet\u00e1gait, valamint a glob\u00e1lis aut\u00f3l\u00e1mpa-\u00e1gazatot a GE kor\u00e1bbi fels\u0151 vezet\u0151je, J\u00f6rg Bauer ir\u00e1ny\u00edtotta Tunsgram-csoportnak.<br \/>\n    A elad\u00e1s els\u0151 l\u00e9p\u00e9sek\u00e9nt \u00e1prilis 3-\u00e1n a Tungsram-coport tulajdon\u00e1ba ker\u00fclt a Tungsram Operations Kft., amelybe beletartoztak a GE Lighting magyarorsz\u00e1gi egys\u00e9gei vagyonnal \u00e9s szerz\u0151d\u00e9sekkel egy\u00fctt.<br \/>\n    A magyarorsz\u00e1gi egys\u00e9gek \u00e1tv\u00e9tele ut\u00e1n a nemzetk\u00f6zi egys\u00e9gek csatlakoztak t\u00f6bb \u00fctemben \u00fagy, hogy a legt\u00f6bb orsz\u00e1gban \u00faj le\u00e1nyv\u00e1llalat j\u00f6tt l\u00e9tre.<br \/>\n    A k\u00f6zlem\u00e9nyben hangs\u00falyozz\u00e1k, a Tungsram most m\u00e1r \u00c9szak-Amerik\u00e1n k\u00edv\u00fcl a vil\u00e1gon mindenhol \u00e9rt\u00e9kes\u00edthet \u00e9p\u00fclet- \u00e9s k\u00f6zvil\u00e1g\u00edt\u00e1si term\u00e9keket, \u00e9s a vil\u00e1gon mindenhol eladhat aut\u00f3l\u00e1mp\u00e1kat.<br \/>\n<div class=\"ads-in-post2\"><script async src=\"https:\/\/pagead2.googlesyndication.com\/pagead\/js\/adsbygoogle.js\"><\/script>\r\n<ins class=\"adsbygoogle\"\r\n     style=\"display:block\"\r\n     data-ad-format=\"fluid\"\r\n     data-ad-layout-key=\"-6t+ed+2i-1n-4w\"\r\n     data-ad-client=\"ca-pub-1959107119989764\"\r\n     data-ad-slot=\"4008251320\"><\/ins>\r\n<script>\r\n     (adsbygoogle = window.adsbygoogle || []).push({});\r\n<\/script><\/div>\n    Az amerikai piacon november elej\u00e9n mutatkozott be a v\u00e1llalat g\u00e9pj\u00e1rm\u0171vil\u00e1g\u00edt\u00e1si \u00fczlet\u00e1ga az Aapex szakv\u00e1s\u00e1ron Las Vegasban &#8211; k\u00f6z\u00f6lte a t\u00e1rsas\u00e1g.<br \/>\n    J\u00f6rg Bauer, a Tungsram-csopor eln\u00f6k-vez\u00e9rigazgat\u00f3ja a k\u00f6zlem\u00e9nyben \u00fagy fogalmazott, hogy igazi magyarorsz\u00e1gi k\u00f6zpont\u00fa multinacion\u00e1lis c\u00e9gk\u00e9nt fel\u00e9p\u00fclt a Tungsram-csoport, t\u00f6bb mint 100 nemzetk\u00f6zi piacon vethetik be \u00e9rt\u00e9kes\u00edt\u00e9si h\u00e1l\u00f3zatukat, \u00e9s v\u00e1lhatnak fontos glob\u00e1lis c\u00e9gg\u00e9 a vil\u00e1g\u00edt\u00e1stechnik\u00e1ban, illetve m\u00e1s ter\u00fcleteken.<br \/>\n    A c\u00e9gcsoport eln\u00f6k-vez\u00e9rigazgat\u00f3ja \u00e1prilisban tartott sajt\u00f3t\u00e1j\u00e9koztat\u00f3n arr\u00f3l besz\u00e9lt, hogy a Tunsgram m\u00e1rkan\u00e9v er\u0151s\u00edt\u00e9s\u00e9vel, \u00faj term\u00e9kek fejleszt\u00e9s\u00e9vel stabilan m\u0171k\u00f6d\u0151, glob\u00e1lis v\u00e1llalatot \u00e9p\u00edtenek magyarorsz\u00e1gi b\u00e1zisr\u00f3l kiindulva a vil\u00e1g\u00edt\u00e1stechnika ter\u00fclet\u00e9n.<br \/>\n    A tervek szerint az id\u00e9n 90 milli\u00e1rd forint \u00e1rbev\u00e9telt \u00e9r el a Tunsram-csoport, ami megegyezik az \u00e1tvett egys\u00e9gek el\u0151z\u0151 \u00e9vi \u00e1rbev\u00e9tel\u00e9vel, koncentr\u00e1lnak a szervezet\u00e9p\u00edt\u00e9sre, els\u0151sorban a marketing \u00e9s az \u00e9rt\u00e9kes\u00edt\u00e9s ter\u00fclet\u00e9re, valamint az innov\u00e1ci\u00f3ra.(MTI)<\/p>\n","protected":false},"excerpt":{"rendered":"<p>Befejez\u0151d\u00f6tt a k\u00fclf\u00f6ldi egys\u00e9gek csatlakoz\u00e1sa a Tungsram-csoporthoz, ezzel 22 orsz\u00e1gban m\u0171k\u00f6d\u0151 23 le\u00e1nyv\u00e1llalat tartozik a magyarorsz\u00e1gi k\u00f6zponthoz &#8211; k\u00f6z\u00f6lte a t\u00e1rsas\u00e1g az MTI-vel.<\/p>\n","protected":false},"author":1,"featured_media":0,"comment_status":"closed","ping_status":"open","sticky":false,"template":"","format":"standard","meta":[],"categories":[19],"tags":[],"_links":{"self":[{"href":"https:\/\/gazdasagportal.hu\/index.php\/wp-json\/wp\/v2\/posts\/110912"}],"collection":[{"href":"https:\/\/gazdasagportal.hu\/index.php\/wp-json\/wp\/v2\/posts"}],"about":[{"href":"https:\/\/gazdasagportal.hu\/index.php\/wp-json\/wp\/v2\/types\/post"}],"author":[{"embeddable":true,"href":"https:\/\/gazdasagportal.hu\/index.php\/wp-json\/wp\/v2\/users\/1"}],"replies":[{"embeddable":true,"href":"https:\/\/gazdasagportal.hu\/index.php\/wp-json\/wp\/v2\/comments?post=110912"}],"version-history":[{"count":1,"href":"https:\/\/gazdasagportal.hu\/index.php\/wp-json\/wp\/v2\/posts\/110912\/revisions"}],"predecessor-version":[{"id":110913,"href":"https:\/\/gazdasagportal.hu\/index.php\/wp-json\/wp\/v2\/posts\/110912\/revisions\/110913"}],"wp:attachment":[{"href":"https:\/\/gazdasagportal.hu\/index.php\/wp-json\/wp\/v2\/media?parent=110912"}],"wp:term":[{"taxonomy":"category","embeddable":true,"href":"https:\/\/gazdasagportal.hu\/index.php\/wp-json\/wp\/v2\/categories?post=110912"},{"taxonomy":"post_tag","embeddable":true,"href":"https:\/\/gazdasagportal.hu\/index.php\/wp-json\/wp\/v2\/tags?post=110912"}],"curies":[{"name":"wp","href":"https:\/\/api.w.org\/{rel}","templated":true}]}}