{"id":110908,"date":"2018-11-17T04:44:46","date_gmt":"2018-11-17T03:44:46","guid":{"rendered":"http:\/\/gazdasagportal.hu\/?p=110908"},"modified":"2018-11-16T22:00:35","modified_gmt":"2018-11-16T21:00:35","slug":"kulfoldi-sajto-magyarorszagrol-financial-times-5","status":"publish","type":"post","link":"https:\/\/gazdasagportal.hu\/index.php\/kulfoldi-sajto-magyarorszagrol-financial-times-5\/","title":{"rendered":"K\u00fclf\u00f6ldi sajt\u00f3 Magyarorsz\u00e1gr\u00f3l &#8211; Financial Times"},"content":{"rendered":"<p><strong>Tov\u00e1bb ronthatja az egy\u00e9bk\u00e9nt is fesz\u00fclt viszonyt Orb\u00e1n Viktor minisztereln\u00f6k \u00e9s az Eur\u00f3pai Uni\u00f3 k\u00f6z\u00f6tt, ha a magyar hat\u00f3s\u00e1gok politikai mened\u00e9kjogot adnak Nikola Gruevszki kor\u00e1bbi maced\u00f3n korm\u00e1nyf\u0151nek &#8211; \u00edrta p\u00e9nteken a Financial Times brit napilap eur\u00f3pai kiad\u00e1sa.<\/strong><!--more--><\/p>\n<div class=\"ads-in-post1\"><div id=\"gazdasagportal.hu_fullbanner_wideboard\"><\/div>\r\n<\/div>\n<p>    &#8222;Az EU \u00faj Orb\u00e1n-probl\u00e9m\u00e1ja&#8221; c\u00edm\u0171 cikk szerint sokan v\u00e1laszt v\u00e1rnak a magyar korm\u00e1nyt\u00f3l arra a k\u00e9rd\u00e9sre, hogy pontosan mik\u00e9nt l\u00e9phetett be &#8222;az Eur\u00f3pa legszigor\u00fabb menek\u00fcltpolitik\u00e1j\u00e1t folytat\u00f3&#8221; orsz\u00e1gba a hivatali vissza\u00e9l\u00e9s miatt haz\u00e1j\u00e1ban k\u00e9t\u00e9ves b\u00f6rt\u00f6nb\u00fcntet\u00e9sre \u00edt\u00e9lt Gruevszki.<br \/>\n<div class=\"ads-in-post2\"><script async src=\"https:\/\/pagead2.googlesyndication.com\/pagead\/js\/adsbygoogle.js\"><\/script>\r\n<ins class=\"adsbygoogle\"\r\n     style=\"display:block\"\r\n     data-ad-format=\"fluid\"\r\n     data-ad-layout-key=\"-6t+ed+2i-1n-4w\"\r\n     data-ad-client=\"ca-pub-1959107119989764\"\r\n     data-ad-slot=\"4008251320\"><\/ins>\r\n<script>\r\n     (adsbygoogle = window.adsbygoogle || []).push({});\r\n<\/script><\/div>\n    Mint \u00edrt\u00e1k: tov\u00e1bb ronthatja Orb\u00e1n Viktor \u00e9s Br\u00fcsszel egy\u00e9bk\u00e9nt is fesz\u00fclt viszony\u00e1t, ha Gruevszki megkapja a menek\u00fcltst\u00e1tust Magyarorsz\u00e1gon. Viszont jelenleg, a Brexit, az olasz k\u00f6lts\u00e9gvet\u00e9si vita, a n\u00e9met belpolitikai helyzet \u00e1rny\u00e9k\u00e1ban, valamint Orb\u00e1n \u00e9s az Eur\u00f3pai N\u00e9pp\u00e1rt komplik\u00e1lt kapcsolata mellett lehets\u00e9ges, hogy egyetlen eur\u00f3pai vezet\u0151nek sem marad energi\u00e1ja foglalkozni ezzel az \u00fcggyel &#8211; mutatott r\u00e1 a gazdas\u00e1gi-politikai \u00fajs\u00e1g.(MTI)<\/p>\n","protected":false},"excerpt":{"rendered":"<p>Tov\u00e1bb ronthatja az egy\u00e9bk\u00e9nt is fesz\u00fclt viszonyt Orb\u00e1n Viktor minisztereln\u00f6k \u00e9s az Eur\u00f3pai Uni\u00f3 k\u00f6z\u00f6tt, ha a magyar hat\u00f3s\u00e1gok politikai mened\u00e9kjogot adnak Nikola Gruevszki kor\u00e1bbi maced\u00f3n korm\u00e1nyf\u0151nek &#8211; \u00edrta p\u00e9nteken a Financial Times brit napilap eur\u00f3pai kiad\u00e1sa.<\/p>\n","protected":false},"author":1,"featured_media":49053,"comment_status":"closed","ping_status":"open","sticky":false,"template":"","format":"standard","meta":[],"categories":[146,4],"tags":[],"_links":{"self":[{"href":"https:\/\/gazdasagportal.hu\/index.php\/wp-json\/wp\/v2\/posts\/110908"}],"collection":[{"href":"https:\/\/gazdasagportal.hu\/index.php\/wp-json\/wp\/v2\/posts"}],"about":[{"href":"https:\/\/gazdasagportal.hu\/index.php\/wp-json\/wp\/v2\/types\/post"}],"author":[{"embeddable":true,"href":"https:\/\/gazdasagportal.hu\/index.php\/wp-json\/wp\/v2\/users\/1"}],"replies":[{"embeddable":true,"href":"https:\/\/gazdasagportal.hu\/index.php\/wp-json\/wp\/v2\/comments?post=110908"}],"version-history":[{"count":1,"href":"https:\/\/gazdasagportal.hu\/index.php\/wp-json\/wp\/v2\/posts\/110908\/revisions"}],"predecessor-version":[{"id":110909,"href":"https:\/\/gazdasagportal.hu\/index.php\/wp-json\/wp\/v2\/posts\/110908\/revisions\/110909"}],"wp:featuredmedia":[{"embeddable":true,"href":"https:\/\/gazdasagportal.hu\/index.php\/wp-json\/wp\/v2\/media\/49053"}],"wp:attachment":[{"href":"https:\/\/gazdasagportal.hu\/index.php\/wp-json\/wp\/v2\/media?parent=110908"}],"wp:term":[{"taxonomy":"category","embeddable":true,"href":"https:\/\/gazdasagportal.hu\/index.php\/wp-json\/wp\/v2\/categories?post=110908"},{"taxonomy":"post_tag","embeddable":true,"href":"https:\/\/gazdasagportal.hu\/index.php\/wp-json\/wp\/v2\/tags?post=110908"}],"curies":[{"name":"wp","href":"https:\/\/api.w.org\/{rel}","templated":true}]}}