{"id":110895,"date":"2018-11-16T12:53:14","date_gmt":"2018-11-16T11:53:14","guid":{"rendered":"http:\/\/gazdasagportal.hu\/?p=110895"},"modified":"2018-11-16T12:53:14","modified_gmt":"2018-11-16T11:53:14","slug":"egy-verseny-ahol-a-lehetoseg-viszi-a-palmat","status":"publish","type":"post","link":"https:\/\/gazdasagportal.hu\/index.php\/egy-verseny-ahol-a-lehetoseg-viszi-a-palmat\/","title":{"rendered":"Egy verseny, ahol a lehet\u0151s\u00e9g viszi a p\u00e1lm\u00e1t"},"content":{"rendered":"<p><strong>N\u00e9gyszer t\u00f6bben jelentkeztek id\u00e9n az \u00c9v Webshopja versenyre. A magyar e-kereskedelmet t\u00e1mogat\u00f3 kezdem\u00e9nyez\u00e9s szellemis\u00e9g\u00e9ben az egyenl\u0151 es\u00e9lyek megteremt\u00e9s\u00e9nek \u00e9s az indul\u00f3 web\u00e1ruh\u00e1zakban rejl\u0151, ak\u00e1r m\u00e9g kiakn\u00e1zatlan, lehet\u0151s\u00e9geknek szentel kiemelt figyelmet.<\/strong><!--more--><\/p>\n<div class=\"ads-in-post1\"><div id=\"gazdasagportal.hu_fullbanner_wideboard\"><\/div>\r\n<\/div>\n<p>\u00dcnnep\u00e9lyes keretek k\u00f6z\u00f6tt adt\u00e1k \u00e1t a d\u00edjakat az idei \u00c9v Webshopja verseny dobog\u00f3sainak. A szervez\u0151 Complexpress Logisztika Kft. kiemelt c\u00e9lja a magyar e-kereskedelem \u00e9s web\u00e1ruh\u00e1zak t\u00e1mogat\u00e1sa. A komplex \u00e9s webshop logisztikai szolg\u00e1ltat\u00e1sokat ny\u00fajt\u00f3 c\u00e9g egy olyan verseny keretein bel\u00fcl teszi mindezt, ahol a jelen \u00e9s a j\u00f6v\u0151 hat\u00e1rozz\u00e1k meg az elb\u00edr\u00e1l\u00e1s f\u0151 szempontjait.<\/p>\n<p>Az \u00e9rt\u00e9kel\u00e9s ugyanis nem a m\u00faltb\u00f3l ered\u0151 mutat\u00f3kra f\u00f3kusz\u00e1l, mint p\u00e9ld\u00e1ul az \u00e9ves forgalom, a v\u00e1s\u00e1rl\u00f3i b\u00e1zis vagy a t\u0151keer\u0151, hanem a web\u00e1ruh\u00e1zban rejl\u0151 potenci\u00e1lra. A f\u0151 szempontok, t\u00f6bbek k\u00f6z\u00f6tt, az \u00e1ttekinthet\u0151s\u00e9g, diz\u00e1jn, v\u00e1s\u00e1rl\u00f3i \u00e9lm\u00e9ny vagy a fizet\u00e9si lehet\u0151s\u00e9gek soksz\u00edn\u0171s\u00e9ge volt. Ezeknek a felt\u00e9teleknek k\u00f6sz\u00f6nhet\u0151en, a fiatal vagy kicsi web\u00e1ruh\u00e1zak ugyanolyan es\u00e9lyekkel indulnak, mint a nagy m\u00falt\u00fa, forgalmukat tekintve sikeresebb m\u00e1rk\u00e1k.<\/p><div id=\"gazda-2403780209\" class=\"gazda-tartalomban gazda-entity-placement\"><script async src=\"https:\/\/pagead2.googlesyndication.com\/pagead\/js\/adsbygoogle.js\"><\/script>\r\n<ins class=\"adsbygoogle\"\r\n     style=\"display:block\"\r\n     data-ad-format=\"fluid\"\r\n     data-ad-layout-key=\"-6t+ed+2i-1n-4w\"\r\n     data-ad-client=\"ca-pub-1959107119989764\"\r\n     data-ad-slot=\"4008251320\"><\/ins>\r\n<script>\r\n     (adsbygoogle = window.adsbygoogle || []).push({});\r\n<\/script><\/div>\n<p>A f\u00fcggetlen szakmai zs\u0171ri tagjai, t\u00f6bbek k\u00f6z\u00f6tt, Stefano Favaro, a Sport&amp;Event Management \u00e9s a Faster Promotion tulajdonosa, a k\u00f6zismert s\u00e9f Buday P\u00e9ter \u00e9s Dud\u00e1s L\u00e1szl\u00f3, a Zepter magyarorsz\u00e1gi \u00fcgyvezet\u0151je. D\u00f6nt\u00e9s\u00fck alapj\u00e1n az els\u0151 helyezett a <a href=\"https:\/\/www.szerszamkell.hu\/\" target=\"_blank\" rel=\"noopener\">SzerszamKell.hu<\/a> online bark\u00e1cs\u00e1ruh\u00e1z lett; m\u00e1sodik helyen v\u00e9gzett a <a href=\"https:\/\/dodo.hu\/\" target=\"_blank\" rel=\"noopener\">DODO HOME<\/a> online b\u00fatorbolt; \u00e9s a harmadik a <a href=\"https:\/\/naturanyu.hu\/\" target=\"_blank\" rel=\"noopener\">NaturAnyu<\/a> organikus baba, gyerek \u00e9s n\u0151i szabadid\u0151 ruh\u00e1zati term\u00e9kek forgalmaz\u00f3ja.<\/p>\n<div class=\"ads-in-post2\"><script async src=\"https:\/\/pagead2.googlesyndication.com\/pagead\/js\/adsbygoogle.js\"><\/script>\r\n<ins class=\"adsbygoogle\"\r\n     style=\"display:block\"\r\n     data-ad-format=\"fluid\"\r\n     data-ad-layout-key=\"-6t+ed+2i-1n-4w\"\r\n     data-ad-client=\"ca-pub-1959107119989764\"\r\n     data-ad-slot=\"4008251320\"><\/ins>\r\n<script>\r\n     (adsbygoogle = window.adsbygoogle || []).push({});\r\n<\/script><\/div>\nA kezdem\u00e9nyez\u00e9s a tavalyi \u00e9vben deb\u00fct\u00e1lt el\u0151sz\u00f6r \u00e9s a 176 r\u00e9sztvev\u0151 sz\u00e1m\u00e1t tekintve elmondhat\u00f3, hogy n\u00e9pszer\u0171s\u00e9ge egyre n\u0151. A 2017-es \u00e9vhez k\u00e9pest n\u00e9gyszer t\u00f6bben jelentkeztek, hogy megm\u00e9rettess\u00e9k magukat az es\u00e9lyegyenl\u0151s\u00e9get nem csak hirdet\u0151, de komoly \u00f6sszef\u00e9rhetetlens\u00e9gi szab\u00e1lyt k\u00f6vet\u0151 versenyben.<\/p>\n<p><em>\u201eA tavalyi kedvez\u0151 fogadtat\u00e1st k\u00f6vet\u0151en szinte m\u00e1r elv\u00e1r\u00e1s volt a web\u00e1ruh\u00e1zak r\u00e9sz\u00e9r\u0151l, hogy az idei \u00e9vben is megrendez\u00e9sre ker\u00fclj\u00f6n az <strong>\u00c9v Webshopja<\/strong> verseny. Igen, m\u00e1r 2017-ben is a verseny r\u00e9sztvev\u0151i \u00e9s annak szponzorai \u2013 egym\u00e1st\u00f3l f\u00fcggetlen\u00fcl is \u2013 azt emelt\u00e9k ki, hogy mennyire hi\u00e1nyp\u00f3tl\u00f3 a verseny a maga szakmais\u00e1g\u00e1val. Mivel ezek a visszajelz\u00e9sek annyira egy\u00e9rtelm\u0171ek \u00e9s \u0151szint\u00e9k voltak, m\u00e1r tavaly megfogadtuk, hogy 2018-ban is megszervezz\u00fck a vet\u00e9lked\u00e9st.\u201d<\/em> \u2013 mondja R\u00e1cz P\u00e9ter, a Complexpress \u00fcgyvezet\u0151je \u00e9s a verseny \u00f6tletgazd\u00e1ja.<\/p>\n<p>A szakmai elismer\u00e9s abban is megmutatkozik, hogy olyan v\u00e1llalatok t\u00e1mogatj\u00e1k szponzork\u00e9nt a versenyt, mint a Zepter, a MiniCRM Zrt., a Mediline, a Shoprenter vagy az Ecommerce Expo. Az 5 milli\u00f3 forint \u00f6ssz\u00e9rt\u00e9k\u0171 d\u00edjakb\u00f3l az MV\u00dcK Zrt. aj\u00e1nlotta fel a leg\u00e9rt\u00e9kesebbet, egy teljes \u00e9vre sz\u00f3l\u00f3 tags\u00e1got Magyarorsz\u00e1g vezet\u0151 \u00fczleti klubj\u00e1ban. A Magyar V\u00e1llalatvezet\u0151k \u00dczleti K\u00f6z\u00f6ss\u00e9ge mintegy 500 fels\u0151vezet\u0151nek ny\u00fajt folyamatos kapcsolat\u00e9p\u00edt\u00e9si lehet\u0151s\u00e9get, hiszen kr\u00e9d\u00f3juk szerint, a komoly \u00fczletek nem c\u00e9gek, hanem emberek k\u00f6z\u00f6tt sz\u00fcletnek. Az eddigi sikereken \u00e9s n\u00e9pszer\u0171s\u00e9gen felbuzdulva a Complexpress j\u00f6v\u0151re is megszervezi az \u00c9v Webshopja versenyt.<\/p>\n","protected":false},"excerpt":{"rendered":"<p>N\u00e9gyszer t\u00f6bben jelentkeztek id\u00e9n az \u00c9v Webshopja versenyre. A magyar e-kereskedelmet t\u00e1mogat\u00f3 kezdem\u00e9nyez\u00e9s szellemis\u00e9g\u00e9ben az egyenl\u0151 es\u00e9lyek megteremt\u00e9s\u00e9nek \u00e9s az indul\u00f3 web\u00e1ruh\u00e1zakban rejl\u0151, ak\u00e1r m\u00e9g kiakn\u00e1zatlan, lehet\u0151s\u00e9geknek szentel kiemelt figyelmet.<\/p>\n","protected":false},"author":1,"featured_media":0,"comment_status":"closed","ping_status":"open","sticky":false,"template":"","format":"standard","meta":[],"categories":[4,19],"tags":[],"_links":{"self":[{"href":"https:\/\/gazdasagportal.hu\/index.php\/wp-json\/wp\/v2\/posts\/110895"}],"collection":[{"href":"https:\/\/gazdasagportal.hu\/index.php\/wp-json\/wp\/v2\/posts"}],"about":[{"href":"https:\/\/gazdasagportal.hu\/index.php\/wp-json\/wp\/v2\/types\/post"}],"author":[{"embeddable":true,"href":"https:\/\/gazdasagportal.hu\/index.php\/wp-json\/wp\/v2\/users\/1"}],"replies":[{"embeddable":true,"href":"https:\/\/gazdasagportal.hu\/index.php\/wp-json\/wp\/v2\/comments?post=110895"}],"version-history":[{"count":1,"href":"https:\/\/gazdasagportal.hu\/index.php\/wp-json\/wp\/v2\/posts\/110895\/revisions"}],"predecessor-version":[{"id":110896,"href":"https:\/\/gazdasagportal.hu\/index.php\/wp-json\/wp\/v2\/posts\/110895\/revisions\/110896"}],"wp:attachment":[{"href":"https:\/\/gazdasagportal.hu\/index.php\/wp-json\/wp\/v2\/media?parent=110895"}],"wp:term":[{"taxonomy":"category","embeddable":true,"href":"https:\/\/gazdasagportal.hu\/index.php\/wp-json\/wp\/v2\/categories?post=110895"},{"taxonomy":"post_tag","embeddable":true,"href":"https:\/\/gazdasagportal.hu\/index.php\/wp-json\/wp\/v2\/tags?post=110895"}],"curies":[{"name":"wp","href":"https:\/\/api.w.org\/{rel}","templated":true}]}}