{"id":110857,"date":"2018-11-15T12:39:31","date_gmt":"2018-11-15T11:39:31","guid":{"rendered":"http:\/\/gazdasagportal.hu\/?p=110857"},"modified":"2018-11-15T12:39:31","modified_gmt":"2018-11-15T11:39:31","slug":"mnb-szeptemberben-tobblettel-zart-a-fizetesi-merleg","status":"publish","type":"post","link":"https:\/\/gazdasagportal.hu\/index.php\/mnb-szeptemberben-tobblettel-zart-a-fizetesi-merleg\/","title":{"rendered":"MNB: szeptemberben t\u00f6bblettel z\u00e1rt a fizet\u00e9si m\u00e9rleg"},"content":{"rendered":"<p><strong>Az el\u0151z\u0151 havi deficitb\u0151l szeptemberre pozit\u00edvra fordult az orsz\u00e1g foly\u00f3 fizet\u00e9si m\u00e9rlege \u00e9s 230 milli\u00f3 akt\u00edvumot mutatott,  ami 354 milli\u00f3 eur\u00f3 javul\u00e1st jelent az el\u0151z\u0151 h\u00f3nappal szemben. Az uni\u00f3s t\u0151ke\u00e1tutal\u00e1sok \u00f6sszege is 85 milli\u00f3 eur\u00f3val, 370 milli\u00f3 eur\u00f3ra n\u0151tt augusztushoz viszony\u00edtva, \u00edgy az orsz\u00e1g k\u00fcls\u0151 p\u00e9nz\u00fcgyi poz\u00edci\u00f3j\u00e1nak jellemz\u00e9s\u00e9re alkalmazott mutat\u00f3, a foly\u00f3 fizet\u00e9si m\u00e9rleg \u00e9s a t\u0151kem\u00e9rleg egy\u00fcttes egyenleg\u00e9vel le\u00edrt finansz\u00edroz\u00e1si k\u00e9pess\u00e9g a k\u00fclf\u00f6lddel szemben szeptemberben 396 milli\u00f3 eur\u00f3ra emelkedett az el\u0151z\u0151 havi 168 milli\u00f3 eur\u00f3r\u00f3l &#8211; ez der\u00fcl ki a Magyar Nemzeti Bank (MNB) honlapj\u00e1n olvashat\u00f3 legfrissebb el\u0151zetes havi adatokb\u00f3l. <\/strong><!--more--><\/p>\n<div class=\"ads-in-post1\"><div id=\"gazdasagportal.hu_fullbanner_wideboard\"><\/div>\r\n<\/div>\n<p>    Az \u00e1ruforgalom egyenlege a harmadik negyed\u00e9v mindh\u00e1rom h\u00f3napj\u00e1ban importt\u00f6bbletet jelzett fizet\u00e9si m\u00e9rlegben. A szeptemberi 143 milli\u00f3 eur\u00f3val egy\u00fctt 671 milli\u00f3 eur\u00f3ra n\u0151tt a harmadik negyed\u00e9vi k\u00fclkereskedelmi deficit, ami az el\u0151zetes adatok alapj\u00e1n 1,240 milli\u00e1rd eur\u00f3val is ronthatja a foly\u00f3 m\u00e9rleget a m\u00e1sodik negyed\u00e9vi 569 milli\u00f3 eur\u00f3 t\u00f6bbletbev\u00e9telt figyelembe v\u00e9ve.  (A negyed\u00e9ves el\u0151zetes foly\u00f3 m\u00e9rleg adatokat, majd kar\u00e1csony el\u0151tt, december 20-\u00e1n k\u00f6zli az MNB.)<br \/>\n<div class=\"ads-in-post2\"><script async src=\"https:\/\/pagead2.googlesyndication.com\/pagead\/js\/adsbygoogle.js\"><\/script>\r\n<ins class=\"adsbygoogle\"\r\n     style=\"display:block\"\r\n     data-ad-format=\"fluid\"\r\n     data-ad-layout-key=\"-6t+ed+2i-1n-4w\"\r\n     data-ad-client=\"ca-pub-1959107119989764\"\r\n     data-ad-slot=\"4008251320\"><\/ins>\r\n<script>\r\n     (adsbygoogle = window.adsbygoogle || []).push({});\r\n<\/script><\/div>\n    Az \u00e1ruforgalommal ellent\u00e9tben a szolg\u00e1ltat\u00e1sok k\u00fclkereskedelm\u00e9ben szeptemberben is az el\u0151z\u0151 havival azonos nagys\u00e1grend\u0171 804 milli\u00f3 eur\u00f3 akt\u00edvum keletkezett, \u00edgy h\u00e1rom h\u00f3nap alatt 2,283 milli\u00e1rd eur\u00f3ra j\u00f6n ki az el\u0151zetes akt\u00edvum, mintegy 260 milli\u00f3 eur\u00f3val t\u00f6bb a m\u00e1sodik negyed\u00e9vin\u00e9l. A szolg\u00e1ltat\u00e1sok k\u00f6z\u00f6tt az idegenforgalom \u00e9pp\u00fagy, mint augusztusban, szeptemberben is 360 milli\u00f3 feletti t\u00f6bbletet hozott, a negyed\u00e9v sor\u00e1n pedig meghaladhatta az 1,07 milli\u00e1rd eur\u00f3t, ami 170 milli\u00f3 eur\u00f3val nagyobb a m\u00e1sodik negyed\u00e9vin\u00e9l.<br \/>\n    A j\u00f6vedelmek \u00e1raml\u00e1sa nem mutat \u00e9rdemi elmozdul\u00e1st, az els\u0151dleges j\u00f6vedelmek ki\u00e1raml\u00e1sa szeptemberben 409 milli\u00f3 eur\u00f3 volt, alig t\u00e9rt el az augusztusi 424 milli\u00f3 eur\u00f3t\u00f3l, \u00e9s a havi adatokb\u00f3l kalkul\u00e1lt negyed\u00e9ves \u00f6sszeg 1,3 milli\u00e1rd eur\u00f3, mintegy 300 milli\u00f3 eur\u00f3val kevesebb a m\u00e1sodik negyed\u00e9vin\u00e9l.(MTI)<\/p>\n","protected":false},"excerpt":{"rendered":"<p>Az el\u0151z\u0151 havi deficitb\u0151l szeptemberre pozit\u00edvra fordult az orsz\u00e1g foly\u00f3 fizet\u00e9si m\u00e9rlege \u00e9s 230 milli\u00f3 akt\u00edvumot mutatott, ami 354 milli\u00f3 eur\u00f3 javul\u00e1st jelent az el\u0151z\u0151 h\u00f3nappal szemben. Az uni\u00f3s t\u0151ke\u00e1tutal\u00e1sok \u00f6sszege is 85 milli\u00f3 eur\u00f3val, 370 milli\u00f3 eur\u00f3ra n\u0151tt augusztushoz viszony\u00edtva, \u00edgy az orsz\u00e1g k\u00fcls\u0151 p\u00e9nz\u00fcgyi poz\u00edci\u00f3j\u00e1nak jellemz\u00e9s\u00e9re alkalmazott mutat\u00f3, a foly\u00f3 fizet\u00e9si m\u00e9rleg \u00e9s &#8230;<\/p>\n","protected":false},"author":1,"featured_media":0,"comment_status":"closed","ping_status":"open","sticky":false,"template":"","format":"standard","meta":[],"categories":[19],"tags":[],"_links":{"self":[{"href":"https:\/\/gazdasagportal.hu\/index.php\/wp-json\/wp\/v2\/posts\/110857"}],"collection":[{"href":"https:\/\/gazdasagportal.hu\/index.php\/wp-json\/wp\/v2\/posts"}],"about":[{"href":"https:\/\/gazdasagportal.hu\/index.php\/wp-json\/wp\/v2\/types\/post"}],"author":[{"embeddable":true,"href":"https:\/\/gazdasagportal.hu\/index.php\/wp-json\/wp\/v2\/users\/1"}],"replies":[{"embeddable":true,"href":"https:\/\/gazdasagportal.hu\/index.php\/wp-json\/wp\/v2\/comments?post=110857"}],"version-history":[{"count":1,"href":"https:\/\/gazdasagportal.hu\/index.php\/wp-json\/wp\/v2\/posts\/110857\/revisions"}],"predecessor-version":[{"id":110858,"href":"https:\/\/gazdasagportal.hu\/index.php\/wp-json\/wp\/v2\/posts\/110857\/revisions\/110858"}],"wp:attachment":[{"href":"https:\/\/gazdasagportal.hu\/index.php\/wp-json\/wp\/v2\/media?parent=110857"}],"wp:term":[{"taxonomy":"category","embeddable":true,"href":"https:\/\/gazdasagportal.hu\/index.php\/wp-json\/wp\/v2\/categories?post=110857"},{"taxonomy":"post_tag","embeddable":true,"href":"https:\/\/gazdasagportal.hu\/index.php\/wp-json\/wp\/v2\/tags?post=110857"}],"curies":[{"name":"wp","href":"https:\/\/api.w.org\/{rel}","templated":true}]}}