{"id":110831,"date":"2018-11-15T05:33:22","date_gmt":"2018-11-15T04:33:22","guid":{"rendered":"http:\/\/gazdasagportal.hu\/?p=110831"},"modified":"2018-11-14T22:04:38","modified_gmt":"2018-11-14T21:04:38","slug":"brexit-theresa-may-a-kabinet-jovahagyta-a-kilepesi-feltetelekrol-szolo-megallapodas-tervezetet","status":"publish","type":"post","link":"https:\/\/gazdasagportal.hu\/index.php\/brexit-theresa-may-a-kabinet-jovahagyta-a-kilepesi-feltetelekrol-szolo-megallapodas-tervezetet\/","title":{"rendered":"Brexit &#8211; Theresa May: a kabinet j\u00f3v\u00e1hagyta a kil\u00e9p\u00e9si felt\u00e9telekr\u0151l sz\u00f3l\u00f3 meg\u00e1llapod\u00e1s-tervezetet"},"content":{"rendered":"<p><strong>A brit korm\u00e1ny j\u00f3v\u00e1hagyta a brit EU-tags\u00e1g megsz\u0171n\u00e9s\u00e9nek (Brexit) felt\u00e9telrendszer\u00e9r\u0151l sz\u00f3l\u00f3 meg\u00e1llapod\u00e1s-tervezetet &#8211; k\u00f6z\u00f6lte szerda este, a kabinet \u00f6t\u00f3r\u00e1s soron k\u00edv\u00fcli \u00fcl\u00e9se ut\u00e1n Theresa May brit minisztereln\u00f6k.<\/strong><br \/>\n<div class=\"ads-in-post1\"><div id=\"gazdasagportal.hu_fullbanner_wideboard\"><\/div>\r\n<\/div>\n<p>May a Downing Street-i korm\u00e1nyf\u0151i hivatal el\u0151tt tett r\u00f6vid nyilatkozat\u00e1ban kijelentette: a kabinet &#8222;hossz\u00fa, r\u00e9szletes, szenved\u00e9lyes vita&#8221; ut\u00e1n arra a kollekt\u00edv d\u00f6nt\u00e9sre jutott, hogy Nagy-Britannia fogadja el a dokumentumtervezetet \u00e9s a majdani k\u00e9toldal\u00fa kapcsolatrendszert k\u00f6rvonalaz\u00f3 politikai nyilatkozatot.<br \/>\n    A brit korm\u00e1nyf\u0151 szerint ez d\u00f6nt\u0151 jelent\u0151s\u00e9g\u0171 l\u00e9p\u00e9s, \u00e9s lehet\u0151v\u00e9 teszi a meg\u00e1llapod\u00e1s v\u00e9gleges\u00edt\u00e9s\u00e9t m\u00e1r a k\u00f6vetkez\u0151 napokban.<br \/>\n    Hozz\u00e1tette: a kabinet d\u00f6nt\u00e9se nem volt k\u00f6nny\u0171, de ez a d\u00f6nt\u00e9s szolg\u00e1lja a legjobban az Egyes\u00fclt Kir\u00e1lys\u00e1g nemzeti \u00e9rdekeit.<br \/>\n    Theresa May szerint ez legjobb meg\u00e1llapod\u00e1s-tervezet, amelyet a Brexit-t\u00e1rgyal\u00e1sokon az Eur\u00f3pai Uni\u00f3val el lehetett \u00e9rni.<br \/>\n<div class=\"ads-in-post2\"><script async src=\"https:\/\/pagead2.googlesyndication.com\/pagead\/js\/adsbygoogle.js\"><\/script>\r\n<ins class=\"adsbygoogle\"\r\n     style=\"display:block\"\r\n     data-ad-format=\"fluid\"\r\n     data-ad-layout-key=\"-6t+ed+2i-1n-4w\"\r\n     data-ad-client=\"ca-pub-1959107119989764\"\r\n     data-ad-slot=\"4008251320\"><\/ins>\r\n<script>\r\n     (adsbygoogle = window.adsbygoogle || []).push({});\r\n<\/script><\/div>\n    A brit minisztereln\u00f6k szerint a Nagy-Britannia el\u0151tt \u00e1ll\u00f3 v\u00e1laszt\u00e1si lehet\u0151s\u00e9gek egy\u00e9rtelm\u0171ek. Az egyik v\u00e1laszt\u00e1s ez a meg\u00e1llapod\u00e1s-tervezet, amely teljes\u00edti az EU-tags\u00e1gr\u00f3l 2016-ban tartott n\u00e9pszavaz\u00e1s d\u00f6nt\u00e9s\u00e9t &#8211; a referendumon a r\u00e9sztvev\u0151k sz\u0171k, 51,89 sz\u00e1zal\u00e9kos t\u00f6bbs\u00e9ge a kil\u00e9p\u00e9sre voksolt -, lehet\u0151v\u00e9 teszi, hogy Nagy-Britannia visszaszerezze az ellen\u0151rz\u00e9st p\u00e9nze, t\u00f6rv\u00e9nyei \u00e9s hat\u00e1rai felett, v\u00e9get vet az EU-\u00e1llampolg\u00e1rok megk\u00f6t\u00e9sek n\u00e9lk\u00fcli nagy-britanniai bev\u00e1ndorl\u00e1s\u00e1nak, v\u00e9delmezi a munkahelyeket, az orsz\u00e1g biztons\u00e1g\u00e1t \u00e9s az Egyes\u00fclt Kir\u00e1lys\u00e1g uni\u00f3j\u00e1t.<br \/>\n    A m\u00e1sik v\u00e1laszt\u00e1s ezzel szemben az, hogy az Egyes\u00fclt Kir\u00e1lys\u00e1g meg\u00e1llapod\u00e1s n\u00e9lk\u00fcl hagyja el az Eur\u00f3pai Uni\u00f3t, vagy egy\u00e1ltal\u00e1n ki sem l\u00e9p az EU-b\u00f3l &#8211; hangoztatta szerda esti nyilatkozat\u00e1ban Theresa May.<br \/>\n    A tervezettn\u00e9l j\u00f3val hosszabb kabinet\u00fcl\u00e9sen sz\u00fcletett d\u00f6nt\u00e9s kor\u00e1ntsem jelenti a Brexit-folyamat v\u00e9g\u00e9t, mivel a kil\u00e9p\u00e9si felt\u00e9telekr\u0151l sz\u00f3l\u00f3 meg\u00e1llapod\u00e1s-tervezetr\u0151l &#8211; val\u00f3sz\u00edn\u0171leg december els\u0151 fel\u00e9ben &#8211; a brit parlament is szavaz.<br \/>\n    Ennek kimenetele egyel\u0151re nem egy\u00e9rtelm\u0171. A korm\u00e1nyz\u00f3 Konzervat\u00edv P\u00e1rt ugyanis a tavaly ny\u00e1ri el\u0151rehozott parlamenti v\u00e1laszt\u00e1sokon a kor\u00e1bban j\u00f3solt f\u00f6l\u00e9nyes gy\u0151zelem helyett elvesztette addigi meglehet\u0151sen sz\u0171k als\u00f3h\u00e1zi t\u00f6bbs\u00e9g\u00e9t is, \u00e9s az\u00f3ta a legnagyobb \u00e9szak-\u00edrorsz\u00e1gi britp\u00e1rti protest\u00e1ns er\u0151vel, a Demokratikus Unionista P\u00e1rttal (DUP) k\u00f6t\u00f6tt meg\u00e1llapod\u00e1s alapj\u00e1n, a DUP t\u00edzf\u0151s als\u00f3h\u00e1zi frakci\u00f3j\u00e1nak k\u00fcls\u0151 eseti t\u00e1mogat\u00e1s\u00e1val al\u00e1t\u00e1masztott kisebbs\u00e9gi korm\u00e1nyz\u00e1sra k\u00e9nyszer\u00fcl.<br \/>\n    Szerd\u00e1n azonban a DUP t\u00f6bb magas rang\u00fa politikusa, k\u00f6zt\u00fck Arlene Foster, a p\u00e1rt vezet\u0151je is k\u00e9ts\u00e9geinek adott hangot azzal kapcsolatban, hogy a p\u00e1rt t\u00e1mogatni tudja-e a kil\u00e9p\u00e9si felt\u00e9telekr\u0151l sz\u00f3l\u00f3 meg\u00e1llapod\u00e1s-tervezetet, amelyr\u0151l el\u0151z\u0151 este jutottak egyezs\u00e9gre Br\u00fcsszelben a Brexit-t\u00e1rgyal\u00e1sokat folytat\u00f3 szak\u00e9rt\u0151i k\u00fcld\u00f6tts\u00e9gek.<br \/>\n    Mindemellett a Konzervat\u00edv P\u00e1rt kem\u00e9nyvonalas Brexit-t\u00e1bor\u00e1nak k\u00e9pvisel\u0151i is rendk\u00edv\u00fcl el\u00e9gedetlenek a tervezettel, annak ellen\u00e9re, hogy sz\u00f6veg\u00e9t a nap folyam\u00e1n m\u00e9g nem ismerhett\u00e9k.<br \/>\n    Az 585 oldalas dokumentumot ugyanis teljes eg\u00e9sz\u00e9ben szerda este, Theresa May londoni nyilatkozata ut\u00e1n tette k\u00f6zz\u00e9 egy id\u0151ben az Eur\u00f3pai Uni\u00f3 \u00e9s a brit korm\u00e1ny.<br \/>\n    A tervezet egyik legsarkalatosabb pontja az, hogy a k\u00e9toldal\u00fa j\u00f6v\u0151beni kapcsolatok felt\u00e9telrendszer\u00e9nek \u00e9letbe l\u00e9p\u00e9s\u00e9ig egys\u00e9ges v\u00e1mt\u00e9rs\u00e9g j\u00f6nne l\u00e9tre az Eur\u00f3pai Uni\u00f3 \u00e9s az Egyes\u00fclt Kir\u00e1lys\u00e1g eg\u00e9sze k\u00f6z\u00f6tt, vagyis \u00c9szak-\u00cdrorsz\u00e1g ugyanabba a k\u00f6z\u00f6s v\u00e1mt\u00e9rs\u00e9gbe tartozna, mint Nagy-Britannia.<br \/>\n    Ez a Brexit-t\u00e1rgyal\u00e1sok egyik legnagyobb horderej\u0171 k\u00e9rd\u00e9s\u00e9vel, az \u00cdr K\u00f6zt\u00e1rsas\u00e1g \u00e9s \u00c9szak-\u00cdrorsz\u00e1g hat\u00e1r\u00e1nak majdani ellen\u0151rz\u00e9s\u00e9vel \u00e1ll szoros \u00f6sszef\u00fcgg\u00e9sben.<br \/>\n    A Brexit ut\u00e1n ez a 499 kilom\u00e9teres hat\u00e1rszakasz az Egyes\u00fclt Kir\u00e1lys\u00e1g \u00e9s az EU egyetlen sz\u00e1razf\u00f6ldi v\u00e1mhat\u00e1r\u00e1v\u00e1 v\u00e1lik, mivel London ki akar l\u00e9pni az EU v\u00e1muni\u00f3j\u00e1b\u00f3l is.<br \/>\n    Az Eur\u00f3pai Bizotts\u00e1g n\u00e9h\u00e1ny h\u00f3napja el\u0151terjesztett javaslata \u00e9rtelm\u00e9ben \u00fagy lehetne elker\u00fclni a hossz\u00fa \u00e9vek \u00f3ta nem l\u00e9tez\u0151 fizikai hat\u00e1rellen\u0151rz\u00e9s vissza\u00e1ll\u00edt\u00e1s\u00e1t, hogy &#8211; am\u00edg nem sz\u00fcletik egy\u00e9b megold\u00e1s &#8211; az \u00edr sziget eg\u00e9sze &#8222;k\u00f6z\u00f6s szab\u00e1lyoz\u00e1si t\u00e9rs\u00e9gg\u00e9&#8221; alakulna \u00e1t.<br \/>\n    Ezt azonban a brit korm\u00e1ny \u00e9s a DUP is azonnal elutas\u00edtotta, azzal az \u00e9rvvel, hogy \u00edgy \u00c9szak-\u00cdrorsz\u00e1g \u00e9s az Egyes\u00fclt Kir\u00e1lys\u00e1g t\u00f6bbi r\u00e9sze k\u00f6z\u00e9 emelkedne v\u00e1mhat\u00e1r, \u00e9s ez az Egyes\u00fclt Kir\u00e1lys\u00e1g ter\u00fcleti \u00e9s gazdas\u00e1gi integrit\u00e1s\u00e1t csorb\u00edtan\u00e1.<br \/>\n    A brit korm\u00e1ny ny\u00e1ron kidolgozott alternat\u00edv javaslatcsomagja ehelyett k\u00f6z\u00f6s szabadkereskedelmi t\u00e9rs\u00e9g l\u00e9trehoz\u00e1s\u00e1t \u00e9s ehhez k\u00f6z\u00f6s szab\u00e1lygy\u0171jtem\u00e9ny kialak\u00edt\u00e1s\u00e1t javasolta az EU-nak a fizikai \u00e1ruk forgalm\u00e1nak szab\u00e1lyoz\u00e1s\u00e1ra, olyan m\u00f3don, mintha az Egyes\u00fclt Kir\u00e1lys\u00e1g eg\u00e9sze \u00e9s az Eur\u00f3pai Uni\u00f3 &#8222;kombin\u00e1lt v\u00e1mt\u00e9rs\u00e9get&#8221; alkotna.<br \/>\n    A szerda este k\u00f6zz\u00e9tett sz\u00f6vegtervezetb\u0151l \u00fagy t\u0171nik ki, hogy az Eur\u00f3pai Uni\u00f3 ezt elfogadta. Nincs azonban meghat\u00e1rozva v\u00e9gd\u00e1tum arra, hogy a tervezett v\u00e1mt\u00e9rs\u00e9g meddig \u00e1llna fenn, j\u00f3llehet eredetileg ez is London k\u00f6vetel\u00e9sei k\u00f6z\u00e9 tartozott.<br \/>\n    A k\u00f6z\u00f6s v\u00e1mt\u00e9rs\u00e9g lehets\u00e9ges p\u00f3tmegold\u00e1sk\u00e9nt szerepel a tervezetben az \u00edr-\u00e9szak\u00edr hat\u00e1rellen\u0151rz\u00e9s elker\u00fcl\u00e9s\u00e9re, arra az esetre, ha a Brexit j\u00f6v\u0151 m\u00e1rciusra v\u00e1rhat\u00f3 d\u00e1tuma ut\u00e1n el\u0151ir\u00e1nyzott, v\u00e1rhat\u00f3an 2020 december\u00e9nek v\u00e9g\u00e9ig tart\u00f3 \u00e1tmeneti id\u0151szak v\u00e9g\u00e9ig nem j\u00f6nne l\u00e9tre \u00e1tfog\u00f3 meg\u00e1llapod\u00e1s az Egyes\u00fclt Kir\u00e1lys\u00e1g \u00e9s az Eur\u00f3pai Uni\u00f3 majdani k\u00e9toldal\u00fa kereskedelmi kapcsolatrendszer\u00e9r\u0151l.<br \/>\n    A kem\u00e9nyvonalas tory Brexit-t\u00e1bor azonban att\u00f3l tart, hogy kijel\u00f6lt v\u00e9gd\u00e1tum h\u00edj\u00e1n \u00e1lland\u00f3sulna ez a megold\u00e1s, vagyis az Egyes\u00fclt Kir\u00e1lys\u00e1g meghat\u00e1rozatlan ideig az EU v\u00e1mszab\u00e1lyaihoz lenne k\u00f6tve, megakad\u00e1lyozva, hogy London \u00f6n\u00e1ll\u00f3 nemzetk\u00f6zi kereskedelmi meg\u00e1llapod\u00e1sokat k\u00f6ss\u00f6n az uni\u00f3n k\u00edv\u00fcli orsz\u00e1gokkal.<br \/>\n    Az indulatokat jelzi, hogy egy n\u00e9v n\u00e9lk\u00fcl nyilatkoz\u00f3 tory k\u00e9pvisel\u0151 a BBC-nek szerda este kijelentette: az el\u00e9gedetlen frakci\u00f3tagok ak\u00e1r m\u00e1r cs\u00fct\u00f6rt\u00f6k\u00f6n bizalmatlans\u00e1gi ind\u00edtv\u00e1nyt kezdem\u00e9nyezhetnek Theresa May ellen.(MTI)<\/p>\n","protected":false},"excerpt":{"rendered":"<p>A brit korm\u00e1ny j\u00f3v\u00e1hagyta a brit EU-tags\u00e1g megsz\u0171n\u00e9s\u00e9nek (Brexit) felt\u00e9telrendszer\u00e9r\u0151l sz\u00f3l\u00f3 meg\u00e1llapod\u00e1s-tervezetet &#8211; k\u00f6z\u00f6lte szerda este, a kabinet \u00f6t\u00f3r\u00e1s soron k\u00edv\u00fcli \u00fcl\u00e9se ut\u00e1n Theresa May brit minisztereln\u00f6k. May a Downing Street-i korm\u00e1nyf\u0151i hivatal el\u0151tt tett r\u00f6vid nyilatkozat\u00e1ban kijelentette: a kabinet &#8222;hossz\u00fa, r\u00e9szletes, szenved\u00e9lyes vita&#8221; ut\u00e1n arra a kollekt\u00edv d\u00f6nt\u00e9sre jutott, hogy Nagy-Britannia fogadja el a &#8230;<\/p>\n","protected":false},"author":1,"featured_media":79078,"comment_status":"closed","ping_status":"open","sticky":false,"template":"","format":"standard","meta":[],"categories":[146,12,5,246],"tags":[],"_links":{"self":[{"href":"https:\/\/gazdasagportal.hu\/index.php\/wp-json\/wp\/v2\/posts\/110831"}],"collection":[{"href":"https:\/\/gazdasagportal.hu\/index.php\/wp-json\/wp\/v2\/posts"}],"about":[{"href":"https:\/\/gazdasagportal.hu\/index.php\/wp-json\/wp\/v2\/types\/post"}],"author":[{"embeddable":true,"href":"https:\/\/gazdasagportal.hu\/index.php\/wp-json\/wp\/v2\/users\/1"}],"replies":[{"embeddable":true,"href":"https:\/\/gazdasagportal.hu\/index.php\/wp-json\/wp\/v2\/comments?post=110831"}],"version-history":[{"count":1,"href":"https:\/\/gazdasagportal.hu\/index.php\/wp-json\/wp\/v2\/posts\/110831\/revisions"}],"predecessor-version":[{"id":110832,"href":"https:\/\/gazdasagportal.hu\/index.php\/wp-json\/wp\/v2\/posts\/110831\/revisions\/110832"}],"wp:featuredmedia":[{"embeddable":true,"href":"https:\/\/gazdasagportal.hu\/index.php\/wp-json\/wp\/v2\/media\/79078"}],"wp:attachment":[{"href":"https:\/\/gazdasagportal.hu\/index.php\/wp-json\/wp\/v2\/media?parent=110831"}],"wp:term":[{"taxonomy":"category","embeddable":true,"href":"https:\/\/gazdasagportal.hu\/index.php\/wp-json\/wp\/v2\/categories?post=110831"},{"taxonomy":"post_tag","embeddable":true,"href":"https:\/\/gazdasagportal.hu\/index.php\/wp-json\/wp\/v2\/tags?post=110831"}],"curies":[{"name":"wp","href":"https:\/\/api.w.org\/{rel}","templated":true}]}}