{"id":110828,"date":"2018-11-15T04:44:58","date_gmt":"2018-11-15T03:44:58","guid":{"rendered":"http:\/\/gazdasagportal.hu\/?p=110828"},"modified":"2018-11-14T22:02:44","modified_gmt":"2018-11-14T21:02:44","slug":"kulfoldi-sajto-magyarorszagrol-orosz-lap-az-ukran-magyar-viszonyrol-roman-lap-az-unios-jogallamisagi-eljarasrol","status":"publish","type":"post","link":"https:\/\/gazdasagportal.hu\/index.php\/kulfoldi-sajto-magyarorszagrol-orosz-lap-az-ukran-magyar-viszonyrol-roman-lap-az-unios-jogallamisagi-eljarasrol\/","title":{"rendered":"K\u00fclf\u00f6ldi sajt\u00f3 Magyarorsz\u00e1gr\u00f3l &#8211; Orosz lap az ukr\u00e1n-magyar viszonyr\u00f3l, rom\u00e1n lap az uni\u00f3s jog\u00e1llamis\u00e1gi elj\u00e1r\u00e1sr\u00f3l"},"content":{"rendered":"<p><strong>A k\u00e1rp\u00e1taljai kisebbs\u00e9g \u00fcgy\u00e9ben tett magyar l\u00e9p\u00e9sekr\u0151l k\u00f6z\u00f6lt cikket szerd\u00e1n a Nyezaviszimaja Gazeta c\u00edm\u0171 orosz napilap, a rom\u00e1n jobboldali ellenz\u00e9khez k\u00f6zel \u00e1ll\u00f3 Adevarulban pedig azt elemezt\u00e9k, hogy Rom\u00e1nia \u00e9s Magyarorsz\u00e1g n\u00e9zetei Eur\u00f3p\u00e1r\u00f3l k\u00f6zel ker\u00fcltek egym\u00e1shoz.<\/strong><!--more--><\/p>\n<div class=\"ads-in-post1\"><div id=\"gazdasagportal.hu_fullbanner_wideboard\"><\/div>\r\n<\/div>\n<p>    A Nyezaviszimaja Gazeta magyar k\u00fcl\u00fcgyi forr\u00e1sra hivatkozva azt \u00edrta: Budapest azt javasolhatja majd Kijevnek, hogy K\u00e1rp\u00e1talj\u00e1n alkalmazza a moldovai gagauz &#8222;auton\u00f3m ter\u00fcleti egys\u00e9g&#8221;, Gaga\u00faz Yer\u00ed tapasztalatait. Az \u00fajs\u00e1g szerint D\u00e9l-Moldov\u00e1ban 1994-ben ennek az auton\u00f3mi\u00e1nak k\u00f6sz\u00f6nhet\u0151en siker\u00fclt elker\u00fclni a fegyveres konfliktust. A lap n\u00e9vtelen\u00fcl nyilatkoz\u00f3 inform\u00e1tora azt \u00e1ll\u00edtotta, hogy az EU t\u00e1mogatja a magyar kezdem\u00e9nyez\u00e9st.<br \/>\n    A gagauz &#8222;auton\u00f3m ter\u00fcleti egys\u00e9g&#8221; elnevez\u00e9s\u00e9be a moldovai vezet\u00e9s megel\u00e9ged\u00e9s\u00e9re nem ker\u00fclt bele &#8222;nemzeti&#8221; jelz\u0151, \u00e1m Gagauzia egy\u00fattal lehet\u0151s\u00e9get kapott az \u00f6nrendelkez\u00e9sre abban az esetben, ha Moldova megv\u00e1ltoztatn\u00e1 st\u00e1tus\u00e1t (ha csatlakozna Rom\u00e1ni\u00e1hoz). Irina Vlah gagauz korm\u00e1nyz\u00f3 a lapnak elmondta, hogy Chisinau az elm\u00falt \u00e9vekben megpr\u00f3b\u00e1lta ugyan korl\u00e1tozni az auton\u00f3mia jogait, de Ankara sokat tett az\u00e9rt, hogy ez ne t\u00f6rt\u00e9njen meg, \u00e9s az EU is figyelmeztetett a l\u00e9p\u00e9s elfogadhatatlans\u00e1g\u00e1ra. Az EU-val, T\u00f6r\u00f6korsz\u00e1ggal \u00e9s Oroszorsz\u00e1ggal is keresked\u0151 Gagauzia gazdas\u00e1ga stabil, ter\u00fclet\u00e9n a lakoss\u00e1g akarat\u00e1nak megfelel\u0151en orosz iskol\u00e1k m\u0171k\u00f6dnek.<br \/>\n<div class=\"ads-in-post2\"><script async src=\"https:\/\/pagead2.googlesyndication.com\/pagead\/js\/adsbygoogle.js\"><\/script>\r\n<ins class=\"adsbygoogle\"\r\n     style=\"display:block\"\r\n     data-ad-format=\"fluid\"\r\n     data-ad-layout-key=\"-6t+ed+2i-1n-4w\"\r\n     data-ad-client=\"ca-pub-1959107119989764\"\r\n     data-ad-slot=\"4008251320\"><\/ins>\r\n<script>\r\n     (adsbygoogle = window.adsbygoogle || []).push({});\r\n<\/script><\/div>\n    Konsztantyin Bondarenko, az Ukrainszkaja Polityika elnevez\u00e9s\u0171 alap vezet\u0151je elmondta, hogy Petro Porosenko ukr\u00e1n eln\u00f6k kor\u00e1bban a kr\u00edmi tat\u00e1roknak sz\u00e1nd\u00e9kozott nemzeti \u00e9s ter\u00fcleti auton\u00f3mi\u00e1t biztos\u00edtani. K\u00e9ts\u00e9g\u00e9t fejezte ki azzal kapcsolatban, hogy ezt a megold\u00e1st magyarok eset\u00e9ben is t\u00e1mogatn\u00e1, mert ez precedenst jelentene a Donyec-medence sz\u00e1m\u00e1ra. \u00dagy v\u00e9lekedett, hogy a k\u00e9rd\u00e9sben a j\u00f6v\u0151re megv\u00e1lasztand\u00f3 \u00faj ukr\u00e1n parlament d\u00f6nthet majd.<br \/>\n    A bukaresti Adevarul v\u00e9lem\u00e9nyrovat\u00e1nak szerz\u0151i Rom\u00e1nia uni\u00f3s elmarasztal\u00e1sa kapcs\u00e1n azt \u00edrj\u00e1k, hogy Br\u00fcsszel Rom\u00e1ni\u00e1t Magyarorsz\u00e1g mell\u00e9 \u00fcltette az EU &#8222;sz\u00e9gyenpadj\u00e1ra&#8221;.<br \/>\n    Rom\u00e1nia \u00e9s Magyarorsz\u00e1g k\u00e9z a k\u00e9zben Eur\u00f3pa ellen c\u00edm\u0171 cikk\u00e9ben Daniel Gorgonaru meg\u00e1llap\u00edtja: a kommunizmus id\u0151szak\u00e1t\u00f3l eltekintve nem igaz\u00e1n volt m\u00e9g egy olyan t\u00f6rt\u00e9nelmi id\u0151szak, amikor Rom\u00e1nia \u00e9s Magyarorsz\u00e1g n\u00e9zetei Eur\u00f3p\u00e1r\u00f3l ennyire k\u00f6zel ker\u00fcltek volna egym\u00e1shoz. A k\u00f6zeled\u00e9st a szerz\u0151 annak tulajdon\u00edtja, hogy szerinte mindk\u00e9t orsz\u00e1got &#8222;nacionalista, populista, korrupt \u00e9s Eur\u00f3pa-ellenes&#8221; politikusok vezetik.<br \/>\n    Gorgonaru szerint az Eur\u00f3pa-ellenes magyar-rom\u00e1n sz\u00f6vets\u00e9g semmilyen j\u00f3t nem hozhat Rom\u00e1ni\u00e1nak, amely eddig mindig akkor j\u00e1rt j\u00f3l, amikor az eur\u00f3pai nagyhatalmakhoz igazodott. \u00dagy v\u00e9li: Rom\u00e1nia elszigetel\u00e9se sokkal l\u00e1tv\u00e1nyosabb lesz, mint Magyarorsz\u00e1g\u00e9, hiszen Orb\u00e1n Viktor &#8222;m\u00e1s lig\u00e1ban j\u00e1tszik&#8221;, sokkal befoly\u00e1sosabb nemzetk\u00f6zi t\u00e9ren, mint a rom\u00e1n vezet\u0151k, \u00edgy nem kell csod\u00e1lkozni, ha Rom\u00e1ni\u00e1t majd a sarokba \u00e1ll\u00edtj\u00e1k, Magyarorsz\u00e1g pedig csak egy ejnye-bejny\u00e9t kap.<br \/>\n    Szint\u00e9n az Adevarul v\u00e9lem\u00e9nyrovat\u00e1ban Horia Blidaru azt komment\u00e1lta, hogy Elmar Brok n\u00e9met EP-k\u00e9pvisel\u0151, &#8222;az eur\u00f3pai diplom\u00e1cia sz\u00fcrke eminenci\u00e1sa&#8221; Rom\u00e1nia ellen is elind\u00edtan\u00e1 a 7-es cikk szerinti uni\u00f3s &#8222;b\u00fcntet\u0151elj\u00e1r\u00e1st&#8221;. A szerz\u0151 szerint ez lehet annak az \u00e1ra, hogy Orb\u00e1n Viktort \u00e9s p\u00e1rtj\u00e1t, nem z\u00e1rt\u00e1k ki az Eur\u00f3pai N\u00e9pp\u00e1rtb\u00f3l (EPP). A rom\u00e1n publicista azt \u00e1ll\u00edtja: az EPP-t Orb\u00e1n jelenl\u00e9te sebezhet\u0151v\u00e9 teszi a szocialist\u00e1kkal folytatott versenyben a j\u00f6v\u0151 \u00e9vi EP-v\u00e1laszt\u00e1sok k\u00f6zeledt\u00e9vel. Elmar Brok \u00e9s az EPP cs\u00facsjel\u00f6ltje, Manfred Weber ezt akarja &#8222;kiegyens\u00falyozni&#8221; az\u00e1ltal, hogy a baloldali bukaresti korm\u00e1ny &#8222;kisikl\u00e1saira&#8221; is ugyanolyan szint\u0171 megtorl\u00e1st javasol, mint amilyet Magyarorsz\u00e1g ellen kezdem\u00e9nyeztek &#8211; v\u00e9lekedik az Adevarul cikk\u00edr\u00f3ja.(MTI)<\/p>\n","protected":false},"excerpt":{"rendered":"<p>A k\u00e1rp\u00e1taljai kisebbs\u00e9g \u00fcgy\u00e9ben tett magyar l\u00e9p\u00e9sekr\u0151l k\u00f6z\u00f6lt cikket szerd\u00e1n a Nyezaviszimaja Gazeta c\u00edm\u0171 orosz napilap, a rom\u00e1n jobboldali ellenz\u00e9khez k\u00f6zel \u00e1ll\u00f3 Adevarulban pedig azt elemezt\u00e9k, hogy Rom\u00e1nia \u00e9s Magyarorsz\u00e1g n\u00e9zetei Eur\u00f3p\u00e1r\u00f3l k\u00f6zel ker\u00fcltek egym\u00e1shoz.<\/p>\n","protected":false},"author":1,"featured_media":60602,"comment_status":"closed","ping_status":"open","sticky":false,"template":"","format":"standard","meta":[],"categories":[146,4],"tags":[],"_links":{"self":[{"href":"https:\/\/gazdasagportal.hu\/index.php\/wp-json\/wp\/v2\/posts\/110828"}],"collection":[{"href":"https:\/\/gazdasagportal.hu\/index.php\/wp-json\/wp\/v2\/posts"}],"about":[{"href":"https:\/\/gazdasagportal.hu\/index.php\/wp-json\/wp\/v2\/types\/post"}],"author":[{"embeddable":true,"href":"https:\/\/gazdasagportal.hu\/index.php\/wp-json\/wp\/v2\/users\/1"}],"replies":[{"embeddable":true,"href":"https:\/\/gazdasagportal.hu\/index.php\/wp-json\/wp\/v2\/comments?post=110828"}],"version-history":[{"count":1,"href":"https:\/\/gazdasagportal.hu\/index.php\/wp-json\/wp\/v2\/posts\/110828\/revisions"}],"predecessor-version":[{"id":110830,"href":"https:\/\/gazdasagportal.hu\/index.php\/wp-json\/wp\/v2\/posts\/110828\/revisions\/110830"}],"wp:featuredmedia":[{"embeddable":true,"href":"https:\/\/gazdasagportal.hu\/index.php\/wp-json\/wp\/v2\/media\/60602"}],"wp:attachment":[{"href":"https:\/\/gazdasagportal.hu\/index.php\/wp-json\/wp\/v2\/media?parent=110828"}],"wp:term":[{"taxonomy":"category","embeddable":true,"href":"https:\/\/gazdasagportal.hu\/index.php\/wp-json\/wp\/v2\/categories?post=110828"},{"taxonomy":"post_tag","embeddable":true,"href":"https:\/\/gazdasagportal.hu\/index.php\/wp-json\/wp\/v2\/tags?post=110828"}],"curies":[{"name":"wp","href":"https:\/\/api.w.org\/{rel}","templated":true}]}}