{"id":110772,"date":"2018-11-13T14:04:24","date_gmt":"2018-11-13T13:04:24","guid":{"rendered":"http:\/\/gazdasagportal.hu\/?p=110772"},"modified":"2018-11-13T14:04:24","modified_gmt":"2018-11-13T13:04:24","slug":"fao-konferencia-a-folyami-elohelyek-helyreallitasa-javithatja-a-belvizi-halaszatot","status":"publish","type":"post","link":"https:\/\/gazdasagportal.hu\/index.php\/fao-konferencia-a-folyami-elohelyek-helyreallitasa-javithatja-a-belvizi-halaszatot\/","title":{"rendered":"FAO konferencia: A folyami \u00e9l\u0151helyek helyre\u00e1ll\u00edt\u00e1sa jav\u00edthatja a belv\u00edzi hal\u00e1szatot"},"content":{"rendered":"<p><strong><\/p>\n<p style=\"font-weight: 400;\">Az \u00e9desv\u00edzi \u00f6kosziszt\u00e9m\u00e1k biztos\u00edtj\u00e1k az \u00e9l\u0151helyet a glob\u00e1lis hal\u00e1llom\u00e1ny 40%-nak, sok vid\u00e9ki csal\u00e1d sz\u00e1m\u00e1ra biztos\u00edtva a t\u00e1pl\u00e1l\u00e9kot. Az ENSZ \u00c9lelmez\u00e9s\u00fcgyi \u00e9s Mez\u0151gazdas\u00e1gi Szervezete (FAO) legfrissebb adatai szerint a 11,47 milli\u00f3 tonn\u00e1nyi fog\u00e1ssal a belf\u00f6ldi hal\u00e1szat a glob\u00e1lis mennyis\u00e9g 12%-\u00e1t teszi ki.<\/p>\n<p><\/strong><!--more--><\/p>\n<div class=\"ads-in-post1\"><div id=\"gazdasagportal.hu_fullbanner_wideboard\"><\/div>\r\n<\/div>\n<p style=\"font-weight: 400;\">Az \u00e1gazatban hatalmas lehet\u0151s\u00e9gek rejlenek Eur\u00f3p\u00e1ban \u00e9s K\u00f6z\u00e9p-\u00c1zsi\u00e1ban, ezek kiakn\u00e1z\u00e1s\u00e1t azonban komoly \u00f6kol\u00f3giai, gazdas\u00e1gi \u00e9s szab\u00e1lyoz\u00e1si kih\u00edv\u00e1sok nehez\u00edtik.<\/p>\n<p style=\"font-weight: 400;\">Ez\u00e9rt a FAO, a EUROFISH \u00e9s partnereik ma kezd\u0151d\u0151 h\u00e1rom napos bukaresti konferenci\u00e1ja\u00a0<u><a href=\"http:\/\/eurofish.dk\/danube-conference\/\" data-saferedirecturl=\"https:\/\/www.google.com\/url?q=http:\/\/eurofish.dk\/danube-conference\/&amp;source=gmail&amp;ust=1542195830918000&amp;usg=AFQjCNE-V4Su7xpxRxZoLhtkJd8cjKX4xQ\" target=\"_blank\" rel=\"noopener\">a Duna-medence \u00e9s a szomsz\u00e9dos fekete-tengeri ter\u00fcleteket \u00e9rint\u0151 fontos k\u00e9rd\u00e9sekr\u0151l<\/a><\/u>\u00a0tan\u00e1cskozik.<\/p>\n<p style=\"font-weight: 400;\">A konferencia n\u00e9gy f\u0151 t\u00e9mak\u00f6re a belv\u00edzi hal\u00e1szati er\u0151forr\u00e1sok felm\u00e9r\u00e9se, azok meg\u0151rz\u00e9se \u00e9s kezel\u00e9se, a jogszab\u00e1lyi k\u00f6rnyezet \u00e9s az eddigi tapasztalatok. Magyarorsz\u00e1g k\u00e9pviselet\u00e9ben Halasi Kov\u00e1cs B\u00e9la, a Hal\u00e1szati Kutat\u00f3int\u00e9zet munkat\u00e1rsa tart el\u0151ad\u00e1st a dunai tokhalak rehabilit\u00e1ci\u00f3j\u00e1nak lehet\u0151s\u00e9geir\u0151l. A z\u00e1r\u00f3napon elfogadott aj\u00e1nl\u00e1sok ezen t\u00e9m\u00e1kban k\u00edn\u00e1lnak seg\u00edts\u00e9get a d\u00f6nt\u00e9shoz\u00f3knak.<\/p><div id=\"gazda-2326277630\" class=\"gazda-tartalomban gazda-entity-placement\"><script async src=\"https:\/\/pagead2.googlesyndication.com\/pagead\/js\/adsbygoogle.js\"><\/script>\r\n<ins class=\"adsbygoogle\"\r\n     style=\"display:block\"\r\n     data-ad-format=\"fluid\"\r\n     data-ad-layout-key=\"-6t+ed+2i-1n-4w\"\r\n     data-ad-client=\"ca-pub-1959107119989764\"\r\n     data-ad-slot=\"4008251320\"><\/ins>\r\n<script>\r\n     (adsbygoogle = window.adsbygoogle || []).push({});\r\n<\/script><\/div>\n<p style=\"font-weight: 400;\">\u201ePolitikai szinten gyakran figyelmen k\u00edv\u00fcl hagyj\u00e1k a belf\u00f6ldi hal\u00e1szat hozz\u00e1j\u00e1rul\u00e1s\u00e1t az adott orsz\u00e1g \u00e9lelmez\u00e9s\u00e9hez \u00e9s a vid\u00e9ki emberek meg\u00e9lhet\u00e9s\u00e9hez. Ennek oka r\u00e9szben az adatok hi\u00e1nya \u00e9s az \u00e1gazat gazdas\u00e1gi alul\u00e9rt\u00e9kelts\u00e9ge,\u201d \u2013 mondta a FAO vezet\u0151 hal\u00e1szati \u00e9s akvakult\u00fara szak\u00e9rt\u0151je, Victoria Chomo, az Eur\u00f3pai Belv\u00edzi Hal\u00e1szati Tan\u00e1csad\u00f3 Bizotts\u00e1g (EIFAC) titk\u00e1ra. \u201eNem feledkezhet\u00fcnk el a folyami \u00e9l\u0151helyek \u00e9s a sporthorg\u00e1szat az emberi eg\u00e9szs\u00e9gmeg\u0151rz\u00e9s szempontj\u00e1b\u00f3l fontos rekre\u00e1ci\u00f3s \u00e9s \u00f6koturisztikai funkci\u00f3j\u00e1r\u00f3l sem.\u201d<\/p>\n<div class=\"ads-in-post2\"><script async src=\"https:\/\/pagead2.googlesyndication.com\/pagead\/js\/adsbygoogle.js\"><\/script>\r\n<ins class=\"adsbygoogle\"\r\n     style=\"display:block\"\r\n     data-ad-format=\"fluid\"\r\n     data-ad-layout-key=\"-6t+ed+2i-1n-4w\"\r\n     data-ad-client=\"ca-pub-1959107119989764\"\r\n     data-ad-slot=\"4008251320\"><\/ins>\r\n<script>\r\n     (adsbygoogle = window.adsbygoogle || []).push({});\r\n<\/script><\/div>\n<p style=\"font-weight: 400;\">Mivel alig van hivatalos statisztika a belv\u00edzi hal\u00e1szatr\u00f3l \u00e9s a sporthorg\u00e1szatr\u00f3l, ez\u00e9rt a szektor komoly val\u00f3sz\u00edn\u0171s\u00e9ggel sokkal nagyobb m\u00e9rt\u00e9kben j\u00e1rul hozz\u00e1 a h\u00e1ztart\u00e1sok \u00e9lelmez\u00e9sbiztons\u00e1g\u00e1hoz, mint azt gondoln\u00e1nk. A belv\u00edzi hal\u00e1szat tov\u00e1bbi j\u00f6vedelmet biztos\u00edt a tengerparttal nem rendelkez\u0151 orsz\u00e1gok \u2013 mint p\u00e9ld\u00e1ul Magyarorsz\u00e1g \u2013 sz\u00e1m\u00e1ra.<\/p>\n<p style=\"font-weight: 400;\">A belv\u00edzi hal\u00e1szatnak sz\u00e1mos tov\u00e1bbi el\u0151nye van. P\u00e9ld\u00e1ul itt jelent\u0151sen kevesebb \u00e9lelmiszer-vesztes\u00e9g \u00e9s sz\u00e1rmaz\u00e9kos hullad\u00e9k keletkezik mint a tengeri hal\u00e1szatn\u00e1l, mivel ez ilyen fog\u00e1s javar\u00e9szt h\u00e1ztart\u00e1si fogyaszt\u00e1sra megy, r\u00f6videbb ell\u00e1t\u00e1si l\u00e1ncon kereszt\u00fcl. Az innen sz\u00e1rmaz\u00f3 hal, mint \u00e9rt\u00e9kes feh\u00e9rjeforr\u00e1s, j\u00f3val alacsonyabb \u00f6kol\u00f3giai l\u00e1bnyommal rendelkezik, mint a tengeri hal\u00e1szat vagy a sz\u00e1razf\u00f6ldi \u00e1llatteny\u00e9szt\u00e9s.<\/p>\n<p style=\"font-weight: 400;\">Mindezek ellen\u00e9re sz\u00e1mos kih\u00edv\u00e1s nehez\u00edti az \u00e1gazat helyzet\u00e9t Eur\u00f3p\u00e1ban: ezek k\u00f6z\u00f6tt szerepel a folyami szegment\u00e1ci\u00f3, mely negat\u00edvan \u00e9rinti a kereskedelmileg \u00e9rt\u00e9kes, de vesz\u00e9lyeztetett v\u00e1ndorl\u00f3 fajokat (k\u00fcl\u00f6n\u00f6sen a tokhalat \u00e9s az eur\u00f3pai angoln\u00e1t), melyek eset\u00e9ben az illeg\u00e1lis hal\u00e1szat is komoly probl\u00e9maforr\u00e1s. A megcsappant hal\u00e1llom\u00e1ny\u00e9rt \u00e9s biol\u00f3giai sokf\u00e9les\u00e9g\u00e9rt, vagyis az \u00e9desv\u00edzi \u00e9l\u0151helyek kimer\u00fcl\u00e9s\u00e9\u00e9rt, az emberi tev\u00e9kenys\u00e9g \u00e9s sz\u00e1mos k\u00fcls\u0151 t\u00e9nyez\u0151 felel\u0151s, mint p\u00e9ld\u00e1ul az \u00e9ghajlatv\u00e1ltoz\u00e1s.<\/p>\n<p style=\"font-weight: 400;\">A v\u00edz\u00e9rt folytatott versenyben az er\u0151sebb \u00e1gazatok, mint a mez\u0151gazdas\u00e1g \u00e9s az energetikai szektor korl\u00e1tozz\u00e1k a belv\u00edzi hal\u00e1szat sz\u00e1m\u00e1ra rendelkez\u00e9sre \u00e1ll\u00f3 v\u00edz min\u0151s\u00e9g\u00e9t \u00e9s mennyis\u00e9g\u00e9t.<\/p>\n<p style=\"font-weight: 400;\">Ezen probl\u00e9m\u00e1kat orvosoland\u00f3, a ma kezd\u0151d\u0151 konferenci\u00e1n Eur\u00f3pa, a Kauk\u00e1zus \u00e9s K\u00f6z\u00e9p-\u00c1zsia 30 orsz\u00e1g\u00e1b\u00f3l \u00e9rkeztek tud\u00f3sok, szak\u00e9rt\u0151k \u00e9s korm\u00e1nyzati k\u00e9pvisel\u0151k, hogy megossz\u00e1k tapasztalataikat \u00e9s region\u00e1lis kutat\u00e1si eredm\u00e9nyeiket egy er\u0151sebb belv\u00edzi hal\u00e1szati \u00e1gazat\u00e9rt \u00e9s a vesz\u00e9lyeztetett dunai tokhal v\u00e9delm\u00e9\u00e9rt.<\/p>\n","protected":false},"excerpt":{"rendered":"<p>Az \u00e9desv\u00edzi \u00f6kosziszt\u00e9m\u00e1k biztos\u00edtj\u00e1k az \u00e9l\u0151helyet a glob\u00e1lis hal\u00e1llom\u00e1ny 40%-nak, sok vid\u00e9ki csal\u00e1d sz\u00e1m\u00e1ra biztos\u00edtva a t\u00e1pl\u00e1l\u00e9kot. Az ENSZ \u00c9lelmez\u00e9s\u00fcgyi \u00e9s Mez\u0151gazdas\u00e1gi Szervezete (FAO) legfrissebb adatai szerint a 11,47 milli\u00f3 tonn\u00e1nyi fog\u00e1ssal a belf\u00f6ldi hal\u00e1szat a glob\u00e1lis mennyis\u00e9g 12%-\u00e1t teszi ki.<\/p>\n","protected":false},"author":1,"featured_media":0,"comment_status":"closed","ping_status":"open","sticky":false,"template":"","format":"standard","meta":[],"categories":[246],"tags":[],"_links":{"self":[{"href":"https:\/\/gazdasagportal.hu\/index.php\/wp-json\/wp\/v2\/posts\/110772"}],"collection":[{"href":"https:\/\/gazdasagportal.hu\/index.php\/wp-json\/wp\/v2\/posts"}],"about":[{"href":"https:\/\/gazdasagportal.hu\/index.php\/wp-json\/wp\/v2\/types\/post"}],"author":[{"embeddable":true,"href":"https:\/\/gazdasagportal.hu\/index.php\/wp-json\/wp\/v2\/users\/1"}],"replies":[{"embeddable":true,"href":"https:\/\/gazdasagportal.hu\/index.php\/wp-json\/wp\/v2\/comments?post=110772"}],"version-history":[{"count":1,"href":"https:\/\/gazdasagportal.hu\/index.php\/wp-json\/wp\/v2\/posts\/110772\/revisions"}],"predecessor-version":[{"id":110773,"href":"https:\/\/gazdasagportal.hu\/index.php\/wp-json\/wp\/v2\/posts\/110772\/revisions\/110773"}],"wp:attachment":[{"href":"https:\/\/gazdasagportal.hu\/index.php\/wp-json\/wp\/v2\/media?parent=110772"}],"wp:term":[{"taxonomy":"category","embeddable":true,"href":"https:\/\/gazdasagportal.hu\/index.php\/wp-json\/wp\/v2\/categories?post=110772"},{"taxonomy":"post_tag","embeddable":true,"href":"https:\/\/gazdasagportal.hu\/index.php\/wp-json\/wp\/v2\/tags?post=110772"}],"curies":[{"name":"wp","href":"https:\/\/api.w.org\/{rel}","templated":true}]}}