{"id":110668,"date":"2018-11-09T12:13:35","date_gmt":"2018-11-09T11:13:35","guid":{"rendered":"http:\/\/gazdasagportal.hu\/?p=110668"},"modified":"2018-11-09T12:13:35","modified_gmt":"2018-11-09T11:13:35","slug":"orban-a-meg-erosebb-csaladpolitika-a-nemzetnek-es-a-fiataloknak-is-jo","status":"publish","type":"post","link":"https:\/\/gazdasagportal.hu\/index.php\/orban-a-meg-erosebb-csaladpolitika-a-nemzetnek-es-a-fiataloknak-is-jo\/","title":{"rendered":"Orb\u00e1n: a m\u00e9g er\u0151sebb csal\u00e1dpolitika a nemzetnek \u00e9s a fiataloknak is j\u00f3"},"content":{"rendered":"<p><strong>A m\u00e9g er\u0151sebb csal\u00e1dpolitika t\u00f6rt\u00e9nelmi \u00f6sszef\u00fcgg\u00e9sben j\u00f3 az eg\u00e9sz nemzetnek, ezen bel\u00fcl a fiataloknak is, akik felm\u00e9r\u00e9sek szerint \u00e1ltal\u00e1ban csal\u00e1dban gondolkoznak, t\u00f6bb gyermeket szeretn\u00e9nek, miel\u0151tt szembes\u00fcln\u00e9nek a feln\u0151ttkori anyagi neh\u00e9zs\u00e9gekkel &#8211; mondta Orb\u00e1n Viktor minisztereln\u00f6k p\u00e9nteken, a Kossuth r\u00e1di\u00f3ban.<\/strong><!--more--><\/p>\n<div class=\"ads-in-post1\"><div id=\"gazdasagportal.hu_fullbanner_wideboard\"><\/div>\r\n<\/div>\n<p>A korm\u00e1nyf\u0151 szok\u00e1sos r\u00e1di\u00f3interj\u00faj\u00e1ban \u00fagy fogalmazott, olyan Magyarorsz\u00e1got szeretne, amelyben egyetlen fiatalnak sem kell megv\u00e1ltoztatnia a gyermekv\u00e1llal\u00e1sra, csal\u00e1dalap\u00edt\u00e1sra vonatkoz\u00f3 terveit csak az\u00e9rt, mert anyagi neh\u00e9zs\u00e9gekkel tal\u00e1lja szemben mag\u00e1t.<br \/>\nKiemelte, Magyarorsz\u00e1g eur\u00f3pai \u00f6sszevet\u00e9sben ez\u00e9rt k\u00f6lti m\u00e1r most is a legt\u00f6bbet a csal\u00e1dok t\u00e1mogat\u00e1s\u00e1ra saj\u00e1t nemzeti \u00f6sszterm\u00e9k\u00e9hez, vagyis gazdas\u00e1gi teljes\u00edtm\u00e9ny\u00e9hez k\u00e9pest. Ennek a m\u00e9ly\u00e9n az a megfontol\u00e1s is ott van, hogy Magyarorsz\u00e1gon a n\u00e9pess\u00e9g folyamatosan cs\u00f6kken, \u00e9s ha ez \u00edgy megy tov\u00e1bb, akkor a magyarok el fognak fogyni &#8211; mondta Orb\u00e1n Viktor. Hozz\u00e1tette: a t\u00f6rt\u00e9nelemben mindig baj szokott lenni abb\u00f3l, ha kevesebb gyermek sz\u00fcletik, mint amennyi a k\u00f6z\u00f6ss\u00e9g biol\u00f3giai fenntart\u00e1s\u00e1hoz sz\u00fcks\u00e9ges.<br \/>\nA minisztereln\u00f6k szerint ez\u00e9rt m\u00e9g er\u0151sebben kell t\u00e1mogatni a fiatalok gyermekv\u00e1llal\u00e1si, csal\u00e1dalap\u00edt\u00e1si sz\u00e1nd\u00e9k\u00e1t, ami \u00f6sszess\u00e9g\u00e9ben mindenkinek j\u00f3 lesz, mert Magyarorsz\u00e1g vid\u00e1mabb, boldogabb orsz\u00e1g lesz, ha fiatalabb\u00e1 v\u00e1lik, m\u00e1rpedig egy orsz\u00e1g \u00e1tlag\u00e9letkor\u00e1t a gyerekek sz\u00e1ma hat\u00e1rozza meg.<br \/>\nHangs\u00falyozta ugyanakkor, a nyugat-eur\u00f3pai orsz\u00e1gok vezet\u0151i azt gondolj\u00e1k, hogy van egy k\u00f6nnyebb megold\u00e1s, amely \u00fagy sz\u00f3l, amennyi ember hi\u00e1nyzik, annyi migr\u00e1nst kell beengedni, \u00e9s a sz\u00e1mok rendben lesznek, a gazdas\u00e1g m\u0171k\u00f6dik.<br \/>\n<div class=\"ads-in-post2\"><script async src=\"https:\/\/pagead2.googlesyndication.com\/pagead\/js\/adsbygoogle.js\"><\/script>\r\n<ins class=\"adsbygoogle\"\r\n     style=\"display:block\"\r\n     data-ad-format=\"fluid\"\r\n     data-ad-layout-key=\"-6t+ed+2i-1n-4w\"\r\n     data-ad-client=\"ca-pub-1959107119989764\"\r\n     data-ad-slot=\"4008251320\"><\/ins>\r\n<script>\r\n     (adsbygoogle = window.adsbygoogle || []).push({});\r\n<\/script><\/div>\n&#8222;Nek\u00fcnk nem sz\u00e1mok kellenek, hanem magyar gyerekek&#8221; &#8211; jelentette ki Orb\u00e1n Viktor, hozz\u00e1t\u00e9ve, nem fogadj\u00e1k el, hogy a migr\u00e1ci\u00f3 oldan\u00e1 meg a n\u00e9pesed\u00e9si probl\u00e9m\u00e1kat.<br \/>\n&#8222;Mi azt gondoljuk, hogy mi erre k\u00e9pesek vagyunk, csak nem szervezz\u00fck el\u00e9g j\u00f3l az \u00e9let\u00fcnket ahhoz, hogy ez a nagyon fontos szempont \u00e9rv\u00e9nyes\u00fclni tudjon&#8221; &#8211; tette hozz\u00e1.<br \/>\nVan azonban okunk arra is, hogy &#8222;kih\u00fazzuk magunkat&#8221; &#8211; mondta a korm\u00e1nyf\u0151 arr\u00f3l sz\u00f3lva, mik\u00e9nt v\u00e1ltozott a csal\u00e1dt\u00e1mogat\u00e1si rendszer 2010 \u00f3ta. Kiemelte, az orsz\u00e1g dolgozott meg az\u00e9rt a lehet\u0151s\u00e9g\u00e9rt, hogy t\u00f6bbet ford\u00edthasson a csal\u00e1dokra.<br \/>\nP\u00e9ldak\u00e9nt eml\u00edtette a csal\u00e1di ad\u00f3kedvezm\u00e9ny bevezet\u00e9s\u00e9t, a gyed, a gyes vissza\u00e1ll\u00edt\u00e1s\u00e1t, a gyed extra bevezet\u00e9s\u00e9t, a csal\u00e1di otthonteremt\u00e9si kedvezm\u00e9nyt (csok), valamint az \u00f3vodai \u00e9s b\u00f6lcs\u0151dei f\u00e9r\u0151helyek sz\u00e1m\u00e1nak t\u00edzezret meghalad\u00f3 n\u00f6vel\u00e9s\u00e9t, az ingyenes tank\u00f6nyvell\u00e1t\u00e1s \u00e9s \u00e9tkeztet\u00e9s mellett.<br \/>\nA minisztereln\u00f6k a csal\u00e1d\u00fcgyi nemzeti konzult\u00e1ci\u00f3r\u00f3l sz\u00f3lva azt mondta, \u00fagy l\u00e1tja, a gazdas\u00e1got siker\u00fcl az eur\u00f3pai uni\u00f3s \u00e1tlagot meghalad\u00f3 n\u00f6veked\u00e9si p\u00e1ly\u00e1n tartani, ez\u00e9rt van \u00e9rtelme arr\u00f3l besz\u00e9lni, mit lehetne m\u00e9g tenni a csal\u00e1dok \u00e9rdek\u00e9ben. Elmondta, nem r\u00e9szletk\u00e9rd\u00e9sekben, hanem az ir\u00e1nyokban v\u00e1rnak eligaz\u00edt\u00e1st a polg\u00e1rokt\u00f3l, hogy a k\u00f6vetkez\u0151 id\u0151szakban \u00fajabb int\u00e9zked\u00e9seket hozhassanak azok alapj\u00e1n.<br \/>\nA korm\u00e1nyf\u0151 ez\u00e9rt arra k\u00e9rte a &#8222;magyarokat, k\u00fcl\u00f6n\u00f6sk\u00e9ppen az asszonyokat, a n\u0151ket&#8221;, hogy f\u00e9l \u00f3r\u00e1t sz\u00e1njanak a k\u00e9rd\u0151\u00edvekre, \u00e9s t\u00f6lts\u00e9k ki azokat.<br \/>\nOrb\u00e1n Viktor az Eur\u00f3pai N\u00e9pp\u00e1rt most v\u00e9get \u00e9rt helsinki kongresszus\u00e1r\u00f3l besz\u00e1molva azt mondta, nem volt neh\u00e9z eld\u00f6nteni, kire szavazzanak a k\u00e9t lehets\u00e9ges eln\u00f6kjel\u00f6lt k\u00f6z\u00fcl, mivel egyik\u0151j\u00fck egy sz\u00e9ls\u0151s\u00e9gesen liber\u00e1lis bev\u00e1ndorl\u00e1sp\u00e1rti politikus volt, m\u00edg a m\u00e1sik, Manfred Weber egy bajor kereszt\u00e9nydemokrata politikus.<br \/>\nHangs\u00falyozta, Magyarorsz\u00e1g m\u00e1s orsz\u00e1gokkal ellent\u00e9tben kik\u00e9rte az emberek v\u00e9lem\u00e9ny\u00e9t a migr\u00e1ci\u00f3 \u00fcgy\u00e9ben, ahol pedig ezt nem tett\u00e9k meg \u00e9s migr\u00e1ci\u00f3p\u00e1rti politik\u00e1t folytattak, ott bizalomveszt\u00e9st szenvedtek a politikusok.<br \/>\nA minisztereln\u00f6k ezut\u00e1n kit\u00e9rt az ENSZ migr\u00e1ci\u00f3s csomagj\u00e1ra is, amelyet szerinte az\u00e9rt nem szabad elfogadni, mert a korm\u00e1nyoknak az emberek oldal\u00e1ra kell \u00e1llniuk, \u00e9s meg kell \u0151ket v\u00e9deni\u00fck az illeg\u00e1lis migr\u00e1ci\u00f3t\u00f3l, a terrorizmust\u00f3l, a b\u0171n\u00f6z\u00e9st\u0151l \u00e9s a gazdas\u00e1gi neh\u00e9zs\u00e9gekt\u0151l. Lesz\u00f6gezte, az eur\u00f3pai emberek d\u00f6nt\u0151 t\u00f6bbs\u00e9g\u00e9nek akarat\u00e1val szemben \u00e1ll ez a paktum. Magyarorsz\u00e1g ez\u00e9rt utas\u00edtotta el az els\u0151k k\u00f6z\u00f6tt annak elfogad\u00e1s\u00e1t, \u00e9s most azt l\u00e1tj\u00e1k, orsz\u00e1gok egym\u00e1st k\u00f6vet\u0151en jelentik be hasonl\u00f3 d\u00f6nt\u00e9s\u00fcket.<br \/>\nEz egy rossz szerz\u0151d\u00e9s, ugyanis olyan, a magyar emberek \u00e9rdek\u00e9vel ellent\u00e9tes elveket akarnak benne a nemzetk\u00f6zi k\u00f6zt\u00e1mogatotts\u00e1g szintj\u00e9re emelni, mint p\u00e9ld\u00e1ul a migr\u00e1ci\u00f3 egyfajta emberi jogk\u00e9nt t\u00f6rt\u00e9n\u0151 elismer\u00e9se, amivel, ha valaki meg\u00e9rkezik valahova, akkor ott a helyiekkel azonos ell\u00e1t\u00e1st kell kapnia.<br \/>\n&#8222;Mi nem akarunk migr\u00e1nsokat befogadni, ez\u00e9rt nem is tudunk elfogadni egy ezt a c\u00e9lt nemesnek, emelkedettnek \u00e9s az emberis\u00e9g k\u00f6z\u00f6s c\u00e9lj\u00e1nak bemutat\u00f3 dokumentumot&#8221; &#8211; mondta, megjegyezve, Magyarorsz\u00e1gnak van egy nemzeti \u00e9rdekek ment\u00e9n j\u00f3l meghat\u00e1rozott szab\u00e1lyrendszere arr\u00f3l, hogyan viszonyuljon az idegenekhez.<br \/>\nA korm\u00e1nyf\u0151 a napokban tett k\u00ednai \u00fatj\u00e1r\u00f3l elmondta, Magyarorsz\u00e1g politikai stabilit\u00e1s\u00e1nak k\u00f6sz\u00f6nhet\u0151en a r\u00e9gi\u00f3n bel\u00fcl is k\u00fcl\u00f6n\u00f6sen fel\u00e9rt\u00e9kel\u0151dik.<br \/>\nVan egy sz\u00e9les szakmai egyet\u00e9rt\u00e9s arr\u00f3l, hogy a k\u00f6vetkez\u0151 5-10 \u00e9vben K\u00f6z\u00e9p-Eur\u00f3pa lesz az eur\u00f3pai n\u00f6veked\u00e9s forr\u00e1sa, ide\u00e9rtve Magyarorsz\u00e1got is, amelyet a k\u00ednaiak vil\u00e1gosan l\u00e1tnak &#8211; fejtette ki, hozz\u00e1t\u00e9ve, Budapesten j\u00f6tt l\u00e9tre az az egy\u00fcttm\u0171k\u00f6d\u00e9si forma, amely tizenhat k\u00f6z\u00e9p-eur\u00f3pai \u00e9s balk\u00e1ni orsz\u00e1g, valamint K\u00edna hossz\u00fa t\u00e1v\u00fa egy\u00fcttm\u0171k\u00f6d\u00e9s\u00e9t fedi le. Orb\u00e1n Viktor megjegyezte, Magyarorsz\u00e1g a min\u0151s\u00e9gi term\u00e9kek el\u0151\u00e1ll\u00edt\u00e1s\u00e1ban lehet versenyk\u00e9pes K\u00edn\u00e1ban, mostani \u00fatj\u00e1n pedig a mad\u00e1rinfluenza miatt le\u00e1ll\u00edtott magyar sz\u00e1rnyasexport \u00fajraind\u00edt\u00e1s\u00e1t siker\u00fclt el\u00e9rnie, ami sok sz\u00e1zmilli\u00f3 doll\u00e1ros magyar \u00fczleti lehet\u0151s\u00e9get nyitott meg.<\/p>\n<p><strong>Orb\u00e1n Viktort k\u00e9rdezt\u00e9k a K\u00f6z\u00e9p-eur\u00f3pai Egyetem helyzet\u00e9r\u0151l is. <\/strong><\/p><div id=\"gazda-614314430\" class=\"gazda-tartalomban gazda-entity-placement\"><script async src=\"https:\/\/pagead2.googlesyndication.com\/pagead\/js\/adsbygoogle.js\"><\/script>\r\n<ins class=\"adsbygoogle\"\r\n     style=\"display:block\"\r\n     data-ad-format=\"fluid\"\r\n     data-ad-layout-key=\"-6t+ed+2i-1n-4w\"\r\n     data-ad-client=\"ca-pub-1959107119989764\"\r\n     data-ad-slot=\"4008251320\"><\/ins>\r\n<script>\r\n     (adsbygoogle = window.adsbygoogle || []).push({});\r\n<\/script><\/div>\n<p>&#8222;A Soros-egyetem \u00fcgye r\u00e9gi \u00fcgye a magyar politik\u00e1nak, mi\u00f3ta itt vannak Magyarorsz\u00e1gon \u00e1lland\u00f3 hiszt\u00e9riakelt\u00e9s van k\u00f6r\u00fcl\u00f6tt\u00fck&#8221; &#8211; fogalmazott.<br \/>\nHangs\u00falyozta, &#8222;hi\u00e1ba keltenek hiszt\u00e9ri\u00e1t egy-egy egyetem k\u00f6r\u00fcl, nem vagyok hajland\u00f3 senkinek t\u00f6rv\u00e9nyen k\u00edv\u00fclis\u00e9get biztos\u00edtani&#8221;.<br \/>\nA minisztereln\u00f6k a bl\u00f6ff kateg\u00f3ri\u00e1j\u00e1ba sorolta, hogy az egyetem elmegy Magyarorsz\u00e1gr\u00f3l, mivel szerinte a magyarorsz\u00e1gi m\u0171k\u00f6d\u00e9s\u00fcknek minden t\u00f6rv\u00e9nyi felt\u00e9tele megvan, a t\u00f6rv\u00e9nyek garant\u00e1lj\u00e1k a m\u0171k\u00f6d\u00e9s\u00fcket.<br \/>\n&#8222;Merek nagy t\u00e9tekben fogadni, hogy fogjuk m\u00e9g \u0151ket l\u00e1tni Budapesten&#8221; &#8211; tette hozz\u00e1.<br \/>\n(MTI)<\/p>\n","protected":false},"excerpt":{"rendered":"<p>A m\u00e9g er\u0151sebb csal\u00e1dpolitika t\u00f6rt\u00e9nelmi \u00f6sszef\u00fcgg\u00e9sben j\u00f3 az eg\u00e9sz nemzetnek, ezen bel\u00fcl a fiataloknak is, akik felm\u00e9r\u00e9sek szerint \u00e1ltal\u00e1ban csal\u00e1dban gondolkoznak, t\u00f6bb gyermeket szeretn\u00e9nek, miel\u0151tt szembes\u00fcln\u00e9nek a feln\u0151ttkori anyagi neh\u00e9zs\u00e9gekkel &#8211; mondta Orb\u00e1n Viktor minisztereln\u00f6k p\u00e9nteken, a Kossuth r\u00e1di\u00f3ban.<\/p>\n","protected":false},"author":1,"featured_media":0,"comment_status":"closed","ping_status":"open","sticky":false,"template":"","format":"standard","meta":[],"categories":[4],"tags":[],"_links":{"self":[{"href":"https:\/\/gazdasagportal.hu\/index.php\/wp-json\/wp\/v2\/posts\/110668"}],"collection":[{"href":"https:\/\/gazdasagportal.hu\/index.php\/wp-json\/wp\/v2\/posts"}],"about":[{"href":"https:\/\/gazdasagportal.hu\/index.php\/wp-json\/wp\/v2\/types\/post"}],"author":[{"embeddable":true,"href":"https:\/\/gazdasagportal.hu\/index.php\/wp-json\/wp\/v2\/users\/1"}],"replies":[{"embeddable":true,"href":"https:\/\/gazdasagportal.hu\/index.php\/wp-json\/wp\/v2\/comments?post=110668"}],"version-history":[{"count":1,"href":"https:\/\/gazdasagportal.hu\/index.php\/wp-json\/wp\/v2\/posts\/110668\/revisions"}],"predecessor-version":[{"id":110669,"href":"https:\/\/gazdasagportal.hu\/index.php\/wp-json\/wp\/v2\/posts\/110668\/revisions\/110669"}],"wp:attachment":[{"href":"https:\/\/gazdasagportal.hu\/index.php\/wp-json\/wp\/v2\/media?parent=110668"}],"wp:term":[{"taxonomy":"category","embeddable":true,"href":"https:\/\/gazdasagportal.hu\/index.php\/wp-json\/wp\/v2\/categories?post=110668"},{"taxonomy":"post_tag","embeddable":true,"href":"https:\/\/gazdasagportal.hu\/index.php\/wp-json\/wp\/v2\/tags?post=110668"}],"curies":[{"name":"wp","href":"https:\/\/api.w.org\/{rel}","templated":true}]}}