{"id":110629,"date":"2018-11-08T12:56:21","date_gmt":"2018-11-08T11:56:21","guid":{"rendered":"http:\/\/gazdasagportal.hu\/?p=110629"},"modified":"2018-11-08T12:37:36","modified_gmt":"2018-11-08T11:37:36","slug":"mnb-2030-ig-terjedo-makropalyat-vazol-fel-a-legfrissebb-novekedesi-jelentes","status":"publish","type":"post","link":"https:\/\/gazdasagportal.hu\/index.php\/mnb-2030-ig-terjedo-makropalyat-vazol-fel-a-legfrissebb-novekedesi-jelentes\/","title":{"rendered":"MNB: 2030-ig terjed\u0151 makrop\u00e1ly\u00e1t v\u00e1zol fel a legfrissebb N\u00f6veked\u00e9si jelent\u00e9s"},"content":{"rendered":"<p><strong>Egy a k\u00f6zepes fejletts\u00e9g st\u00e1tusz\u00e1b\u00f3l kiutat biztos\u00edt\u00f3, 2030-ig a j\u00f3l\u00e9t jelent\u0151s n\u00f6veked\u00e9s\u00e9t eredm\u00e9nyez\u0151 makrogazdas\u00e1gi p\u00e1ly\u00e1t igyekszik bemutatni a Magyar Nemzeti Bank (MNB) cs\u00fct\u00f6rt\u00f6k\u00f6n nyilv\u00e1noss\u00e1gra hozott legfrissebb N\u00f6veked\u00e9si jelent\u00e9se, amelynek r\u00e9v\u00e9n a k\u00f6vetkez\u0151 10 \u00e9vben a jelenlegi 55 sz\u00e1zal\u00e9kos szintr\u0151l Ausztria egy f\u0151re es\u0151 v\u00e1s\u00e1rl\u00f3er\u0151-parit\u00e1son sz\u00e1m\u00edtott GDP-j\u00e9nek 80 sz\u00e1zal\u00e9k\u00e1t \u00e9rheti el az orsz\u00e1g.<\/strong><!--more--><\/p>\n<div class=\"ads-in-post1\"><div id=\"gazdasagportal.hu_fullbanner_wideboard\"><\/div>\r\n<\/div>\n<p>    A program kiindul\u00f3pontj\u00e1t a tanulm\u00e1ny \u00fagy \u00f6sszegzi, hogy gazdas\u00e1gt\u00f6rt\u00e9neti fordulatok eredm\u00e9nyek\u00e9nt Magyarorsz\u00e1g fejletts\u00e9ge az egyens\u00falyi helyzet megtart\u00e1sa mellett folyamatosan k\u00f6zeledett a nyugat-eur\u00f3pai orsz\u00e1gok szintj\u00e9hez. 2010-et k\u00f6vet\u0151en az orsz\u00e1g sikeres stabiliz\u00e1ci\u00f3s peri\u00f3duson jutott t\u00fal. A fisk\u00e1lis reformok \u00e9s a monet\u00e1ris politikai fordulat 2013-t\u00f3l ism\u00e9t felz\u00e1rk\u00f3z\u00e1si p\u00e1ly\u00e1ra \u00e1ll\u00edtotta a magyar gazdas\u00e1got. Az \u00faj modellt emelked\u0151 foglalkoztatotts\u00e1g, az ad\u00f3rendszer reformja, a makrop\u00e9nz\u00fcgyi egyens\u00faly helyre\u00e1ll\u00e1sa, valamint a gazdas\u00e1got \u00faj, innovat\u00edv eszk\u00f6z\u00f6kkel is t\u00e1mogat\u00f3 monet\u00e1ris politika jellemezte.<br \/>\n    A j\u00f6v\u0151re n\u00e9zve a jegybank szak\u00e9rt\u0151i lesz\u00f6gezik: az organikus<br \/>\ngazdas\u00e1gi n\u00f6veked\u00e9s fenntart\u00e1s\u00e1nak f\u0151 motorja a t\u0151keintenzit\u00e1s \u00e9s a termel\u00e9kenys\u00e9g jelent\u0151s n\u00f6vel\u00e9se, a teljes foglalkoztatotts\u00e1g<br \/>\n<div class=\"ads-in-post2\"><script async src=\"https:\/\/pagead2.googlesyndication.com\/pagead\/js\/adsbygoogle.js\"><\/script>\r\n<ins class=\"adsbygoogle\"\r\n     style=\"display:block\"\r\n     data-ad-format=\"fluid\"\r\n     data-ad-layout-key=\"-6t+ed+2i-1n-4w\"\r\n     data-ad-client=\"ca-pub-1959107119989764\"\r\n     data-ad-slot=\"4008251320\"><\/ins>\r\n<script>\r\n     (adsbygoogle = window.adsbygoogle || []).push({});\r\n<\/script><\/div>\nfenntart\u00e1sa, a re\u00e1lb\u00e9rek jelent\u0151s emelked\u00e9se \u00e9s a magas gazdas\u00e1gi n\u00f6veked\u00e9s. Mindez egy egyens\u00falyi p\u00e1lya ment\u00e9n t\u00f6rt\u00e9nhet meg: a foly\u00f3 fizet\u00e9si m\u00e9rleg tart\u00f3san pozit\u00edv marad, el\u00e9rhet\u0151 a teljes k\u00f6lts\u00e9gvet\u00e9si egyens\u00faly, a GDP ar\u00e1nyos \u00e1llamad\u00f3ss\u00e1g jelent\u0151sen cs\u00f6kkent\u00e9se.<br \/>\n    A komplex versenyk\u00e9pess\u00e9gi l\u00e9p\u00e9sek megval\u00f3sul\u00e1sa eset\u00e9n a jelent\u0151s mozg\u00f3s\u00edthat\u00f3 termel\u00e9kenys\u00e9gi tartal\u00e9k miatt a kis- \u00e9s k\u00f6z\u00e9pv\u00e1llalatok munkatermel\u00e9kenys\u00e9ge megdupl\u00e1z\u00f3dik, m\u00edg \u00e9ves \u00e1tlagban k\u00f6zel 6 sz\u00e1zal\u00e9kkal emelkedik az egy f\u0151re jut\u00f3<br \/>\nkibocs\u00e1t\u00e1suk. Ehhez hozz\u00e1j\u00e1rulhat a magyar kis- \u00e9s k\u00f6z\u00e9pv\u00e1llalati szektor a m\u00e9rethat\u00e9konys\u00e1g\u00e1nak jobb kihaszn\u00e1l\u00e1sa. Az MNB szak\u00e9rt\u0151inek sz\u00e1m\u00edt\u00e1sai alapj\u00e1n puszt\u00e1n egy koncentr\u00e1ltabb kkv- szerkezet a szektor termel\u00e9kenys\u00e9g\u00e9t t\u00f6bb mint 20 sz\u00e1zal\u00e9kkal<br \/>\ntudn\u00e1 megemelni &#8211; prognosztiz\u00e1lj\u00e1k a tanulm\u00e1ny szerz\u0151i.<br \/>\n    A magyar kkv-k a m\u00e1r el\u00e9rhet\u0151 fejlett technol\u00f3gi\u00e1kat is kev\u00e9sb\u00e9 haszn\u00e1lj\u00e1k, \u00edgy teh\u00e1t puszt\u00e1n a rendelkez\u00e9sre \u00e1ll\u00f3 technol\u00f3gi\u00e1k nagyobb penetr\u00e1ci\u00f3ja is jelent\u0151sen serkenten\u00e9 a hazai kis- \u00e9s k\u00f6z\u00e9pv\u00e1llalkoz\u00e1sok teljes\u00edtm\u00e9ny\u00e9t &#8211; mutatnak r\u00e1.<br \/>\n    A nagyv\u00e1llalatokn\u00e1l \u00e9ves \u00e1tlagban 3 sz\u00e1zal\u00e9kos n\u00f6veked\u00e9ssel sz\u00e1molnak a jegybank szak\u00e9rt\u0151i 2030-ig.<br \/>\n    Az elemz\u00e9s kit\u00e9r arra is, hogy a magyar kis- \u00e9s k\u00f6z\u00e9pv\u00e1llalatok eur\u00f3pai \u00f6sszehasonl\u00edt\u00e1sban alacsonyan innov\u00e1l\u00f3knak sz\u00e1m\u00edtanak, \u00e9s a lemarad\u00e1s m\u00f6g\u00f6tt sz\u00e1mos t\u00e9nyez\u0151 h\u00faz\u00f3dik meg, melyek k\u00f6z\u00fcl a legjelent\u0151sebb a v\u00e1llalkoz\u00f3i kult\u00fara hi\u00e1nyoss\u00e1gai \u00e9s a v\u00e1llalatok \u00e9s a fels\u0151oktat\u00e1si int\u00e9zm\u00e9nyek k\u00f6z\u00f6tti gyenge egy\u00fcttm\u0171k\u00f6d\u00e9si hajlam. Sz\u00e1mos tanulm\u00e1ny alapj\u00e1n arra k\u00f6vetkeztet a program, hogy a kkv-k sz\u00e1m\u00e1ra fontos innov\u00e1ci\u00f3s \u00f6szt\u00f6nz\u0151t jelent a k\u00fclpiacra l\u00e9p\u00e9s \u00e9s a nemzetk\u00f6zi termel\u00e9si l\u00e1ncokba val\u00f3 bekapcsol\u00f3d\u00e1s. Az export\u00e1l\u00f3 \u00e9s az import\u00e1l\u00f3 v\u00e1llalatok versenyk\u00e9pesebbek a k\u00fclf\u00f6ldi \u00e9s a hazai piacokon egyar\u00e1nt. Az MNB szak\u00e9rt\u0151inek becsl\u00e9se szerint hozz\u00e1vet\u0151legesen 10 ezer \u00faj export\u00e1l\u00f3 v\u00e1llalat eset\u00e9n \u00e9rdemi termel\u00e9kenys\u00e9g-n\u00f6veked\u00e9s \u00e9rhet\u0151 el.<br \/>\n    Az \u00e1llam szerep\u00e9re \u00e1tt\u00e9rve a tanulm\u00e1ny kiemeli: a gazdas\u00e1gosabb \u00e1llami m\u0171k\u00f6d\u00e9st, az \u00e1llami l\u00e9tsz\u00e1m cs\u00f6kkent\u00e9s\u00e9t az e-korm\u00e1nyz\u00e1s jelent\u0151s m\u00e9rt\u00e9kben k\u00e9pes seg\u00edteni, ez\u00e1ltal munkaer\u0151t szabad\u00edt fel a mag\u00e1nszektor sz\u00e1m\u00e1ra. Mivel a mag\u00e1nszektorban a termel\u00e9kenys\u00e9g magasabb, mint az \u00e1llamiban, ez\u00e9rt a foglalkoztat\u00e1s ilyen \u00e1trendez\u0151d\u00e9se \u00f6nmag\u00e1ban t\u00e1mogatja a makrogazdas\u00e1gi<br \/>\ntermel\u00e9kenys\u00e9g emelked\u00e9s\u00e9t.<br \/>\n    Szab\u00e1lyoz\u00f3i oldalr\u00f3l az \u00e1llam seg\u00edtheti a rejtett gazdas\u00e1g visszaszor\u00edt\u00e1s\u00e1t, amelynek t\u00falzott m\u00e9rt\u00e9ke versenyh\u00e1tr\u00e1nyt okoz a leg\u00e1lisan m\u0171k\u00f6d\u0151 v\u00e1llalkoz\u00e1sok sz\u00e1m\u00e1ra, \u00e9s cs\u00f6kkenti a k\u00f6lts\u00e9gvet\u00e9s bev\u00e9teleit is. Az \u00e1llami hat\u00e9konys\u00e1g nem csak a termel\u00e9kenys\u00e9g n\u00f6vel\u00e9s\u00e9hez j\u00e1rul hozz\u00e1, hanem biztos\u00edtja azt az anticiklikus mozg\u00e1steret, amire a v\u00e1ls\u00e1gtapasztalatok alapj\u00e1n sz\u00fcks\u00e9g van egy kiegyens\u00falyozott n\u00f6veked\u00e9si p\u00e1lya el\u00e9r\u00e9s\u00e9hez &#8211; \u00e1llap\u00edtj\u00e1k meg egyebek mellett a jegybank szak\u00e9rt\u0151i.(MTI)<\/p>\n","protected":false},"excerpt":{"rendered":"<p>Egy a k\u00f6zepes fejletts\u00e9g st\u00e1tusz\u00e1b\u00f3l kiutat biztos\u00edt\u00f3, 2030-ig a j\u00f3l\u00e9t jelent\u0151s n\u00f6veked\u00e9s\u00e9t eredm\u00e9nyez\u0151 makrogazdas\u00e1gi p\u00e1ly\u00e1t igyekszik bemutatni a Magyar Nemzeti Bank (MNB) cs\u00fct\u00f6rt\u00f6k\u00f6n nyilv\u00e1noss\u00e1gra hozott legfrissebb N\u00f6veked\u00e9si jelent\u00e9se, amelynek r\u00e9v\u00e9n a k\u00f6vetkez\u0151 10 \u00e9vben a jelenlegi 55 sz\u00e1zal\u00e9kos szintr\u0151l Ausztria egy f\u0151re es\u0151 v\u00e1s\u00e1rl\u00f3er\u0151-parit\u00e1son sz\u00e1m\u00edtott GDP-j\u00e9nek 80 sz\u00e1zal\u00e9k\u00e1t \u00e9rheti el az orsz\u00e1g.<\/p>\n","protected":false},"author":1,"featured_media":0,"comment_status":"closed","ping_status":"open","sticky":false,"template":"","format":"standard","meta":[],"categories":[4,19],"tags":[],"_links":{"self":[{"href":"https:\/\/gazdasagportal.hu\/index.php\/wp-json\/wp\/v2\/posts\/110629"}],"collection":[{"href":"https:\/\/gazdasagportal.hu\/index.php\/wp-json\/wp\/v2\/posts"}],"about":[{"href":"https:\/\/gazdasagportal.hu\/index.php\/wp-json\/wp\/v2\/types\/post"}],"author":[{"embeddable":true,"href":"https:\/\/gazdasagportal.hu\/index.php\/wp-json\/wp\/v2\/users\/1"}],"replies":[{"embeddable":true,"href":"https:\/\/gazdasagportal.hu\/index.php\/wp-json\/wp\/v2\/comments?post=110629"}],"version-history":[{"count":1,"href":"https:\/\/gazdasagportal.hu\/index.php\/wp-json\/wp\/v2\/posts\/110629\/revisions"}],"predecessor-version":[{"id":110630,"href":"https:\/\/gazdasagportal.hu\/index.php\/wp-json\/wp\/v2\/posts\/110629\/revisions\/110630"}],"wp:attachment":[{"href":"https:\/\/gazdasagportal.hu\/index.php\/wp-json\/wp\/v2\/media?parent=110629"}],"wp:term":[{"taxonomy":"category","embeddable":true,"href":"https:\/\/gazdasagportal.hu\/index.php\/wp-json\/wp\/v2\/categories?post=110629"},{"taxonomy":"post_tag","embeddable":true,"href":"https:\/\/gazdasagportal.hu\/index.php\/wp-json\/wp\/v2\/tags?post=110629"}],"curies":[{"name":"wp","href":"https:\/\/api.w.org\/{rel}","templated":true}]}}