{"id":110597,"date":"2018-11-07T12:13:54","date_gmt":"2018-11-07T11:13:54","guid":{"rendered":"http:\/\/gazdasagportal.hu\/?p=110597"},"modified":"2018-11-07T12:13:54","modified_gmt":"2018-11-07T11:13:54","slug":"elemzok-az-ev-vegeig-merseklodhet-a-kiskereskedelmi-forgalom-novekedese-de-az-egesz-eves-adat-felulmulja-a-tavalyit","status":"publish","type":"post","link":"https:\/\/gazdasagportal.hu\/index.php\/elemzok-az-ev-vegeig-merseklodhet-a-kiskereskedelmi-forgalom-novekedese-de-az-egesz-eves-adat-felulmulja-a-tavalyit\/","title":{"rendered":"Elemz\u0151k: az \u00e9v v\u00e9g\u00e9ig m\u00e9rs\u00e9kl\u0151dhet a kiskereskedelmi forgalom n\u00f6veked\u00e9se, de az eg\u00e9sz \u00e9ves adat fel\u00fclm\u00falja a tavalyit"},"content":{"rendered":"<p><strong>A kiskereskedelmi forgalom n\u00f6veked\u00e9si \u00fctem\u00e9nek szeptemberi lassul\u00e1sa nem okozott meglepet\u00e9st az MTI-nek nyilatkoz\u00f3 piaci elemz\u0151knek, akik a tavalyi magas b\u00e1zisadatok miatt az \u00e9v h\u00e1tral\u00e9v\u0151 r\u00e9sz\u00e9ben is m\u00e9rs\u00e9kelt n\u00f6veked\u00e9st v\u00e1rnak. A keresetek emelked\u00e9se miatt azonban a forgalom eg\u00e9sz \u00e9vi b\u0151v\u00fcl\u00e9se a tavalyit meghalad\u00f3 \u00fctem\u0171 lehet. <\/strong><!--more--><\/p>\n<div class=\"ads-in-post1\"><div id=\"gazdasagportal.hu_fullbanner_wideboard\"><\/div>\r\n<\/div>\n<p>    A K\u00f6zponti Statisztikai Hivatal (KSH) szerd\u00e1n kiadott els\u0151 becsl\u00e9se szerint szeptemberben a kiskereskedelmi \u00fczletek forgalma a nyers adat szerint 4,4, napt\u00e1rhat\u00e1st\u00f3l megtiszt\u00edtva 5,4 sz\u00e1zal\u00e9kkal haladta meg az egy \u00e9vvel kor\u00e1bbit. Az els\u0151 h\u00e1rom negyed\u00e9vben a forgalom napt\u00e1rhat\u00e1st\u00f3l megtiszt\u00edtott volumene 6,5 sz\u00e1zal\u00e9kkal nagyobb volt, mint az el\u0151z\u0151 \u00e9v azonos id\u0151szak\u00e1ban, a nyers index 6,3 sz\u00e1zal\u00e9kos n\u00f6veked\u00e9st jelez.<br \/>\n    Virov\u00e1cz P\u00e9ter, az ING Bank vezet\u0151 elemz\u0151je az MTI-hez eljuttatott komment\u00e1rj\u00e1ban eml\u00e9keztetett: a piac eleve lassul\u00e1st v\u00e1rt, \u00edgy \u00e9rdemi meglepet\u00e9st  aligha okozhattak a kiskereskedelmi forgalom szeptemberi adatai, amelyek a m\u00e1sodik leggyeng\u00e9bb eredm\u00e9nyt mutatt\u00e1k ebben az \u00e9vben. Mint meg\u00e1llap\u00edtotta az \u00e9v eleje \u00f3ta trendszer\u0171 lassul\u00e1st tapasztalhat\u00f3, amit a h\u00e1romhavi \u00e1tlagos teljes\u00edtm\u00e9nyek fokozatos m\u00e9rs\u00e9kl\u0151d\u00e9se is jelez.<br \/>\n<div class=\"ads-in-post2\"><script async src=\"https:\/\/pagead2.googlesyndication.com\/pagead\/js\/adsbygoogle.js\"><\/script>\r\n<ins class=\"adsbygoogle\"\r\n     style=\"display:block\"\r\n     data-ad-format=\"fluid\"\r\n     data-ad-layout-key=\"-6t+ed+2i-1n-4w\"\r\n     data-ad-client=\"ca-pub-1959107119989764\"\r\n     data-ad-slot=\"4008251320\"><\/ins>\r\n<script>\r\n     (adsbygoogle = window.adsbygoogle || []).push({});\r\n<\/script><\/div>\n    A k\u00f6vetkez\u0151 h\u00f3napokban a tov\u00e1bbra is er\u0151s munkaer\u0151piac seg\u00edthet fenntartani a m\u00e9g mindig kedvez\u0151 n\u00f6veked\u00e9si dinamik\u00e1t, Virov\u00e1cz P\u00e9ter azonban nem sz\u00e1m\u00edt a trendszer\u0171 lassul\u00e1s megt\u00f6r\u00e9s\u00e9re. A harmadik negyed\u00e9v kiskereskedelmi teljes\u00edtm\u00e9nye al\u00e1t\u00e1masztja azt a feltev\u00e9st, hogy a fogyaszt\u00e1s tov\u00e1bbra is er\u0151teljes h\u00faz\u00f3ereje maradt gazdas\u00e1gi n\u00f6veked\u00e9snek, ugyanakkor  hozz\u00e1j\u00e1rul\u00e1sa GDP emelked\u00e9s\u00e9hez m\u00e9rs\u00e9kl\u0151dhetett.<br \/>\n    Suppan Gergely, a Takar\u00e9kbank elemz\u0151je szerint szeptemberben a bank v\u00e1rakoz\u00e1sainak megfelel\u0151 \u00fctemben b\u0151v\u00fclt a kiskereskedelmi forgalom, ami az egy \u00e9vvel kor\u00e1bbi er\u0151s b\u00e1zis miatt mutat lassul\u00e1st  az el\u0151z\u0151 h\u00f3napban m\u00e9rt  n\u00f6veked\u00e9shez k\u00e9pest.<br \/>\n    Az id\u00e9n 8 sz\u00e1zal\u00e9kot meghalad\u00f3 re\u00e1lb\u00e9r n\u00f6veked\u00e9s, a  16 \u00e9ves cs\u00facsa k\u00f6zel\u00e9ben tart\u00f3zkod\u00f3 fogyaszt\u00f3i bizalom, a h\u00e1ztart\u00e1sok p\u00e9nz\u00fcgyi vagyon\u00e1nak meredek n\u00f6veked\u00e9se miatt Suppan Gergely szerint a k\u00f6vetkez\u0151 h\u00f3napokban fennmaradhat a kiskereskedelmi forgalom dinamikus b\u0151v\u00fcl\u00e9se, \u00e1m az \u00e9v h\u00e1tralev\u0151 r\u00e9sz\u00e9ben a magasabb b\u00e1zis miatt m\u00e1r lassulhat. A tavalyi 5,6 sz\u00e1zal\u00e9kos n\u00f6veked\u00e9s az id\u00e9n 6,3 sz\u00e1zal\u00e9kosra gyorsulhat,  ami hozz\u00e1j\u00e1rul a GDP n\u00f6veked\u00e9s\u00e9nek gyorsul\u00e1s\u00e1hoz is.<br \/>\n    A forgalom n\u00f6veked\u00e9s\u00e9nek idei gyorsul\u00e1sa \u00f6sszhangban van a Takar\u00e9kbank szak\u00e9rt\u0151inek  azon v\u00e1rakoz\u00e1s\u00e1val, hogy id\u00e9n a tavalyit 4,1 sz\u00e1zal\u00e9kot meghalad\u00f3, 4,6 sz\u00e1zal\u00e9kos lehet a GDP n\u00f6veked\u00e9se.<br \/>\n    Nyeste Orsolya, az Erste Bank szenior makrogazdas\u00e1gi elemz\u0151je \u00fagy l\u00e1tja, a szeptemberi adatok a  lassul\u00e1s ellen\u00e9re tov\u00e1bbra is impressz\u00edvnek mondhat\u00f3ak.  A harmadik negyed\u00e9vben n\u00e9mileg lassulhatott a h\u00e1ztart\u00e1sok fogyaszt\u00e1s\u00e1nak n\u00f6veked\u00e9si \u00fcteme a m\u00e1sodik negyed\u00e9vhez k\u00e9pest, \u00e1m a bels\u0151 fogyaszt\u00e1s tov\u00e1bbra is a GDP b\u0151v\u00fcl\u00e9s\u00e9nek meghat\u00e1roz\u00f3 t\u00e9nyez\u0151je maradt. Az emelked\u0151 b\u00e9rek, a feszes munkapiac, a fogyaszt\u00f3i bizalom alakul\u00e1sa tov\u00e1bbra is t\u00e1mogatja a v\u00e1s\u00e1rl\u00e1sok folytat\u00f3d\u00e1s\u00e1t, \u00edgy Nyeste Orsolya alapvet\u0151en er\u0151s kiskereskedelmi sz\u00e1mokat v\u00e1r az elk\u00f6vetkez\u0151 h\u00f3napokra is. A tavalyi  utols\u00f3 negyed\u00e9v magas b\u00e1zisadatai n\u00e9mi lassul\u00e1st sugallnak a volumenindexekben az idei \u00e9v utols\u00f3 negyed\u00e9v\u00e9re, \u00edgy az \u00e9ves n\u00f6veked\u00e9s \u00fcteme a 4-6 sz\u00e1zal\u00e9kos s\u00e1vba ker\u00fclhet vissza. Az \u00e9l\u00e9nk bels\u0151 kereslet hat\u00e1s\u00e1ra a maginfl\u00e1ci\u00f3 is hamarosan emelked\u00e9snek indulhat, mik\u00f6zben a k\u00fclkereskedelmi m\u00e9rleg \u00e9s a foly\u00f3 fizet\u00e9si m\u00e9rleg t\u00f6bblete cs\u00f6kken.(MTI)<\/p>\n","protected":false},"excerpt":{"rendered":"<p>A kiskereskedelmi forgalom n\u00f6veked\u00e9si \u00fctem\u00e9nek szeptemberi lassul\u00e1sa nem okozott meglepet\u00e9st az MTI-nek nyilatkoz\u00f3 piaci elemz\u0151knek, akik a tavalyi magas b\u00e1zisadatok miatt az \u00e9v h\u00e1tral\u00e9v\u0151 r\u00e9sz\u00e9ben is m\u00e9rs\u00e9kelt n\u00f6veked\u00e9st v\u00e1rnak. A keresetek emelked\u00e9se miatt azonban a forgalom eg\u00e9sz \u00e9vi b\u0151v\u00fcl\u00e9se a tavalyit meghalad\u00f3 \u00fctem\u0171 lehet.<\/p>\n","protected":false},"author":1,"featured_media":0,"comment_status":"closed","ping_status":"open","sticky":false,"template":"","format":"standard","meta":[],"categories":[4,19],"tags":[],"_links":{"self":[{"href":"https:\/\/gazdasagportal.hu\/index.php\/wp-json\/wp\/v2\/posts\/110597"}],"collection":[{"href":"https:\/\/gazdasagportal.hu\/index.php\/wp-json\/wp\/v2\/posts"}],"about":[{"href":"https:\/\/gazdasagportal.hu\/index.php\/wp-json\/wp\/v2\/types\/post"}],"author":[{"embeddable":true,"href":"https:\/\/gazdasagportal.hu\/index.php\/wp-json\/wp\/v2\/users\/1"}],"replies":[{"embeddable":true,"href":"https:\/\/gazdasagportal.hu\/index.php\/wp-json\/wp\/v2\/comments?post=110597"}],"version-history":[{"count":1,"href":"https:\/\/gazdasagportal.hu\/index.php\/wp-json\/wp\/v2\/posts\/110597\/revisions"}],"predecessor-version":[{"id":110598,"href":"https:\/\/gazdasagportal.hu\/index.php\/wp-json\/wp\/v2\/posts\/110597\/revisions\/110598"}],"wp:attachment":[{"href":"https:\/\/gazdasagportal.hu\/index.php\/wp-json\/wp\/v2\/media?parent=110597"}],"wp:term":[{"taxonomy":"category","embeddable":true,"href":"https:\/\/gazdasagportal.hu\/index.php\/wp-json\/wp\/v2\/categories?post=110597"},{"taxonomy":"post_tag","embeddable":true,"href":"https:\/\/gazdasagportal.hu\/index.php\/wp-json\/wp\/v2\/tags?post=110597"}],"curies":[{"name":"wp","href":"https:\/\/api.w.org\/{rel}","templated":true}]}}