{"id":110595,"date":"2018-11-07T11:37:56","date_gmt":"2018-11-07T10:37:56","guid":{"rendered":"http:\/\/gazdasagportal.hu\/?p=110595"},"modified":"2018-11-07T11:37:56","modified_gmt":"2018-11-07T10:37:56","slug":"europai-birosag-serti-az-unios-jogot-a-magyar-mobilfizetesi-rendszer","status":"publish","type":"post","link":"https:\/\/gazdasagportal.hu\/index.php\/europai-birosag-serti-az-unios-jogot-a-magyar-mobilfizetesi-rendszer\/","title":{"rendered":"Eur\u00f3pai B\u00edr\u00f3s\u00e1g: s\u00e9rti az uni\u00f3s jogot a magyar mobilfizet\u00e9si rendszer"},"content":{"rendered":"<p><strong>Magyarorsz\u00e1g megs\u00e9rtette az eur\u00f3pai uni\u00f3s jogot a mobilfizet\u00e9si rendszer \u00e1llami monop\u00f3liumm\u00e1 alak\u00edt\u00e1s\u00e1val, a jogszab\u00e1ly ellent\u00e9tes a szolg\u00e1ltat\u00e1sokr\u00f3l sz\u00f3l\u00f3 k\u00f6z\u00f6ss\u00e9gi ir\u00e1nyelv rendelkez\u00e9seivel &#8211; mondta ki szerd\u00e1n az Eur\u00f3pai B\u00edr\u00f3s\u00e1g.<\/strong><!--more--><\/p>\n<div class=\"ads-in-post1\"><div id=\"gazdasagportal.hu_fullbanner_wideboard\"><\/div>\r\n<\/div>\n<p>    A vonatkoz\u00f3 2011-es magyar t\u00f6rv\u00e9ny \u00e9rtelm\u00e9ben a nemzeti mobilfizet\u00e9si rendszer m\u0171k\u00f6dtet\u00e9s\u00e9nek kiz\u00e1r\u00f3lagos joga a Nemzeti Mobilfizet\u00e9si Zrt. hat\u00e1sk\u00f6r\u00e9be tartozik. A szolg\u00e1ltat\u00f3knak ezt a platformot kell k\u00f6telez\u0151en ig\u00e9nybe venni\u00fck, p\u00e9ld\u00e1ul a parkol\u00e1s\u00e9rt \u00e9s a k\u00f6zutak haszn\u00e1lat\u00e1\u00e9rt fizetend\u0151 d\u00edjak kiegyenl\u00edt\u00e9sekor.<br \/>\n    Az Eur\u00f3pai Bizotts\u00e1g 2014-ben k\u00f6telezetts\u00e9gszeg\u00e9si elj\u00e1r\u00e1st ind\u00edtott az \u00fcgyben, mondv\u00e1n, a t\u00f6rv\u00e9ny megfelel\u0151 indok n\u00e9lk\u00fcl jelent\u0151sen korl\u00e1tozza a piaci versenyt.<br \/>\n    Szerdai \u00edt\u00e9let\u00e9ben a luxembourgi sz\u00e9khely\u0171 t\u00f6rv\u00e9nysz\u00e9k meg\u00e1llap\u00edtotta: a jogszab\u00e1ly \u00f6sszeegyeztethetetlen a szolg\u00e1ltat\u00e1si ir\u00e1nyelvnek a leteleped\u00e9s szabads\u00e1g\u00e1ra vonatkoz\u00f3 rendelkez\u00e9seivel, a vitatott int\u00e9zked\u00e9sek ar\u00e1nytalanul korl\u00e1tozz\u00e1k a szolg\u00e1ltat\u00e1sny\u00fajt\u00e1s szabads\u00e1g\u00e1nak elv\u00e9t.<br \/>\n<div class=\"ads-in-post2\"><script async src=\"https:\/\/pagead2.googlesyndication.com\/pagead\/js\/adsbygoogle.js\"><\/script>\r\n<ins class=\"adsbygoogle\"\r\n     style=\"display:block\"\r\n     data-ad-format=\"fluid\"\r\n     data-ad-layout-key=\"-6t+ed+2i-1n-4w\"\r\n     data-ad-client=\"ca-pub-1959107119989764\"\r\n     data-ad-slot=\"4008251320\"><\/ins>\r\n<script>\r\n     (adsbygoogle = window.adsbygoogle || []).push({});\r\n<\/script><\/div>\n    Magyarorsz\u00e1g azzal \u00e9rvelt, hogy a nemzeti mobilfizet\u00e9si rendszer k\u00f6z\u00e9rdek\u0171 feladat, amely \u00fagynevezett \u00e1ltal\u00e1nos gazdas\u00e1gi \u00e9rdek\u0171 szolg\u00e1ltat\u00e1snak min\u0151s\u00fcl, \u00edgy az ir\u00e1nyelv rendelkez\u00e9sei csak korl\u00e1toz\u00e1sokkal alkalmazand\u00f3k.<br \/>\n    A verdiktet ismertet\u0151 k\u00f6zlem\u00e9nyben hangs\u00falyozt\u00e1k, hogy a rendszer kialak\u00edt\u00e1sa sor\u00e1n nem tettek eleget az ar\u00e1nyoss\u00e1g k\u00f6vetelm\u00e9ny\u00e9nek, mivel &#8222;Magyarorsz\u00e1g maga is elismerte, hogy l\u00e9tezn\u00e9nek a vitatott szab\u00e1lyoz\u00e1sn\u00e1l kev\u00e9sb\u00e9 k\u00e9nyszer\u00edt\u0151, a leteleped\u00e9s szabads\u00e1g\u00e1t kev\u00e9sb\u00e9 korl\u00e1toz\u00f3 int\u00e9zked\u00e9sek a kit\u0171z\u00f6tt c\u00e9lok el\u00e9r\u00e9se \u00e9rdek\u00e9ben&#8221;.<br \/>\n    A b\u00edr\u00f3i test\u00fclet kiemelte: a monop\u00f3liummal el\u00e9rt eredm\u00e9ny p\u00e9ld\u00e1ul egy, versenyre nyitott elj\u00e1r\u00e1son alapul\u00f3 koncesszi\u00f3s rendszer l\u00e9trehoz\u00e1s\u00e1val is el\u00e9rhet\u0151 lenne.<br \/>\n    Amennyiben a k\u00f6telezetts\u00e9gszeg\u00e9s meg\u00e1llap\u00edt\u00e1st nyer az uni\u00f3s b\u00edr\u00f3s\u00e1gon, a tagorsz\u00e1gnak a lehet\u0151 leghamarabb teljes\u00edtenie kell az \u00edt\u00e9letben foglaltakat. Ha a bizotts\u00e1g \u00fagy \u00edt\u00e9li meg, hogy ez nem t\u00f6rt\u00e9nt meg, akkor \u00fajabb, p\u00e9nz\u00fcgyi szankci\u00f3k kiszab\u00e1s\u00e1ra ir\u00e1nyul\u00f3 keresetet ind\u00edthat.(MTI)<\/p>\n","protected":false},"excerpt":{"rendered":"<p>Magyarorsz\u00e1g megs\u00e9rtette az eur\u00f3pai uni\u00f3s jogot a mobilfizet\u00e9si rendszer \u00e1llami monop\u00f3liumm\u00e1 alak\u00edt\u00e1s\u00e1val, a jogszab\u00e1ly ellent\u00e9tes a szolg\u00e1ltat\u00e1sokr\u00f3l sz\u00f3l\u00f3 k\u00f6z\u00f6ss\u00e9gi ir\u00e1nyelv rendelkez\u00e9seivel &#8211; mondta ki szerd\u00e1n az Eur\u00f3pai B\u00edr\u00f3s\u00e1g.<\/p>\n","protected":false},"author":1,"featured_media":0,"comment_status":"closed","ping_status":"open","sticky":false,"template":"","format":"standard","meta":[],"categories":[4,12,19],"tags":[],"_links":{"self":[{"href":"https:\/\/gazdasagportal.hu\/index.php\/wp-json\/wp\/v2\/posts\/110595"}],"collection":[{"href":"https:\/\/gazdasagportal.hu\/index.php\/wp-json\/wp\/v2\/posts"}],"about":[{"href":"https:\/\/gazdasagportal.hu\/index.php\/wp-json\/wp\/v2\/types\/post"}],"author":[{"embeddable":true,"href":"https:\/\/gazdasagportal.hu\/index.php\/wp-json\/wp\/v2\/users\/1"}],"replies":[{"embeddable":true,"href":"https:\/\/gazdasagportal.hu\/index.php\/wp-json\/wp\/v2\/comments?post=110595"}],"version-history":[{"count":1,"href":"https:\/\/gazdasagportal.hu\/index.php\/wp-json\/wp\/v2\/posts\/110595\/revisions"}],"predecessor-version":[{"id":110596,"href":"https:\/\/gazdasagportal.hu\/index.php\/wp-json\/wp\/v2\/posts\/110595\/revisions\/110596"}],"wp:attachment":[{"href":"https:\/\/gazdasagportal.hu\/index.php\/wp-json\/wp\/v2\/media?parent=110595"}],"wp:term":[{"taxonomy":"category","embeddable":true,"href":"https:\/\/gazdasagportal.hu\/index.php\/wp-json\/wp\/v2\/categories?post=110595"},{"taxonomy":"post_tag","embeddable":true,"href":"https:\/\/gazdasagportal.hu\/index.php\/wp-json\/wp\/v2\/tags?post=110595"}],"curies":[{"name":"wp","href":"https:\/\/api.w.org\/{rel}","templated":true}]}}