{"id":110526,"date":"2018-11-05T13:59:10","date_gmt":"2018-11-05T12:59:10","guid":{"rendered":"http:\/\/gazdasagportal.hu\/?p=110526"},"modified":"2018-11-05T13:59:10","modified_gmt":"2018-11-05T12:59:10","slug":"hasogdzsi-ugy-torok-lap-szaud-arabia-ket-embert-kuldott-a-gyilkossag-nyomainak-eltuntetesere","status":"publish","type":"post","link":"https:\/\/gazdasagportal.hu\/index.php\/hasogdzsi-ugy-torok-lap-szaud-arabia-ket-embert-kuldott-a-gyilkossag-nyomainak-eltuntetesere\/","title":{"rendered":"Hasogdzsi-\u00fcgy &#8211; T\u00f6r\u00f6k lap: Sza\u00fad-Ar\u00e1bia k\u00e9t embert k\u00fcld\u00f6tt a gyilkoss\u00e1g nyomainak elt\u00fcntet\u00e9s\u00e9re"},"content":{"rendered":"<p><strong>Rij\u00e1d a sza\u00fadi ellenz\u00e9ki \u00fajs\u00e1g\u00edr\u00f3, Dzsam\u00e1l Hasogdzsi okt\u00f3ber 2-ai meggyilkol\u00e1sa ut\u00e1n egy vegy\u00e9szt \u00e9s egy toxikol\u00f3gust k\u00fcld\u00f6tt Isztambulba azzal a feladattal, hogy megszabaduljanak a holttestt\u0151l \u00e9s elt\u00fcntess\u00e9k a nyomokat &#8211; \u00edrta h\u00e9tf\u0151n a Sabah c\u00edm\u0171, vezet\u0151 t\u00f6r\u00f6k napilap, &#8222;megb\u00edzhat\u00f3&#8221; forr\u00e1sokra hivatkozva.<\/strong><!--more--><\/p>\n<div class=\"ads-in-post1\"><div id=\"gazdasagportal.hu_fullbanner_wideboard\"><\/div>\r\n<\/div>\n<p>    A korm\u00e1nyhoz k\u00f6zel \u00e1ll\u00f3 \u00fajs\u00e1g \u00e9rtes\u00fcl\u00e9sei szerint a k\u00e9mikus, Ahmed Abdulaziz Alzsanobi \u00e9s a toxikol\u00f3gus, Kh\u00e1led Jahja al-Zahr\u00e1ni azzal a 11 f\u0151s sza\u00fadi nyomoz\u00f3csoporttal \u00e9rkezett okt\u00f3ber 11-\u00e9n a t\u00f6r\u00f6k nagyv\u00e1rosba, amely t\u00f6r\u00f6k koll\u00e9g\u00e1ikkal egy\u00fctt volt hivatott \u00e1tvizsg\u00e1lni a gyilkoss\u00e1g helysz\u00edn\u00e9\u00fcl szolg\u00e1l\u00f3 sza\u00fadi f\u0151konzul\u00e1tust, tov\u00e1bb\u00e1 a f\u0151konzuli rezidenci\u00e1t.<br \/>\n    Ugyan a k\u00f6z\u00f6s t\u00f6r\u00f6k-sza\u00fadi nyomoz\u00f3csoport a k\u00fclk\u00e9pviseleten okt\u00f3ber 15-16-\u00e1n, a f\u0151konzuli rezidenci\u00e1n pedig 17-\u00e9n helysz\u00ednelt, a Sabah besz\u00e1mol\u00f3ja alapj\u00e1n a sza\u00fadi vegy\u00e9sz \u00e9s a toxikol\u00f3gus m\u00e1r okt\u00f3ber 12-e \u00f3ta mindk\u00e9t \u00e9p\u00fcletet t\u00f6bbsz\u00f6r felkereste. A k\u00e9t f\u00e9rfi a nyomoz\u00f3csoporthoz hasonl\u00f3an 17-\u00e9n l\u00e1togatott utolj\u00e1ra a vizsg\u00e1latok helysz\u00edneire. A napilap \u00fagy tudja, hogy a k\u00e9t sza\u00fadi az isztambuli tart\u00f3zkod\u00e1s alatt egy luxussz\u00e1llod\u00e1ban lakott a t\u00f6r\u00f6k metropolisz Besiktas ker\u00fclet\u00e9ben, majd kilenc t\u00e1rs\u00e1val egy\u00fctt okt\u00f3ber 20-\u00e1n t\u00e1vozott T\u00f6r\u00f6korsz\u00e1gb\u00f3l.<br \/>\n<div class=\"ads-in-post2\"><script async src=\"https:\/\/pagead2.googlesyndication.com\/pagead\/js\/adsbygoogle.js\"><\/script>\r\n<ins class=\"adsbygoogle\"\r\n     style=\"display:block\"\r\n     data-ad-format=\"fluid\"\r\n     data-ad-layout-key=\"-6t+ed+2i-1n-4w\"\r\n     data-ad-client=\"ca-pub-1959107119989764\"\r\n     data-ad-slot=\"4008251320\"><\/ins>\r\n<script>\r\n     (adsbygoogle = window.adsbygoogle || []).push({});\r\n<\/script><\/div>\n    A sza\u00fadi monarchi\u00e1t b\u00edr\u00e1l\u00f3, 59 \u00e9ves Dzsam\u00e1l Hasogdzsit, aki m\u00e1sok mellett a The Washington Post c\u00edm\u0171 amerikai napilap munkat\u00e1rsa volt, okt\u00f3ber 2-\u00e1n gyilkolt\u00e1k meg, miut\u00e1n bement orsz\u00e1ga isztambuli nagyk\u00f6vets\u00e9g\u00e9re, hogy beszerezze a t\u00f6r\u00f6k menyasszony\u00e1val val\u00f3 h\u00e1zass\u00e1gk\u00f6t\u00e9s\u00e9hez sz\u00fcks\u00e9ges iratokat.<br \/>\n    Az isztambuli f\u0151\u00fcgy\u00e9szs\u00e9g m\u00falt szerdai, \u00edr\u00e1sos nyilatkozat\u00e1ban azt k\u00f6z\u00f6lte, hogy Hasogdzsit el\u0151re kitervelt m\u00f3don azonnal megfojtott\u00e1k, mihelyt bel\u00e9pett a k\u00fclk\u00e9pviselet \u00e9p\u00fclet\u00e9be. Hozz\u00e1tett\u00e9k: a sza\u00fadi \u00fajs\u00e1g\u00edr\u00f3 holttest\u00e9t &#8211; szint\u00e9n el\u0151re kitervelt m\u00f3don &#8211; a gyilkoss\u00e1got k\u00f6vet\u0151en feldarabolt\u00e1k, majd megsemmis\u00edtett\u00e9k.<br \/>\n    P\u00e9nteken a H\u00fcrriyet c\u00edm\u0171, tekint\u00e9lyes t\u00f6r\u00f6k napilap Yasin Aktayra, a t\u00f6r\u00f6k eln\u00f6k k\u00fclpolitikai tan\u00e1csad\u00f3j\u00e1ra hivatkozva azt \u00edrta, az\u00e9rt darabolt\u00e1k fel Hasogdzsit, hogy mar\u00f3 anyagban feloldva k\u00f6nnyebben meg tudjanak szabadulni t\u0151le. Aktay az \u00fajs\u00e1gnak kifejtette: a t\u00f6r\u00f6k nyomoz\u00f3k most m\u00e1r azzal is tiszt\u00e1ban vannak, hogy a gyilkosok nem \u00e9rt\u00e9k be a holttest feldarabol\u00e1s\u00e1val, meg is semmis\u00edtett\u00e9k a maradv\u00e1nyokat.<br \/>\n    Rij\u00e1d el\u0151sz\u00f6r azt mondta, hogy az \u00fajs\u00e1g\u00edr\u00f3 \u00e9lve hagyta el a konzul\u00e1tust, majd nyom\u00e1sra beismerte, hogy &#8222;dulakod\u00e1s k\u00f6zben&#8221; meghalt, k\u00e9s\u0151bb \u00fajabb, egym\u00e1snak ellentmond\u00f3 magyar\u00e1zatokkal \u00e1llt el\u0151. Ezzel szemben a sza\u00fadi f\u0151\u00fcgy\u00e9sz a m\u00falt h\u00e9ten kijelentette, hogy a gyilkoss\u00e1g &#8222;el\u0151re eltervelt&#8221; volt.<br \/>\n    Recep Tayyip Erdogan t\u00f6r\u00f6k eln\u00f6k a The Washington Post c\u00edm\u0171 lap internetes oldal\u00e1n minap megjelent v\u00e9lem\u00e9nycikk\u00e9ben lesz\u00f6gezte: a parancs az \u00fajs\u00e1g\u00edr\u00f3 meggyilkol\u00e1s\u00e1ra a sza\u00fadi korm\u00e1nyzat legmagasabb k\u00f6reib\u0151l \u00e9rkezett.(MTI)<\/p>\n","protected":false},"excerpt":{"rendered":"<p>Rij\u00e1d a sza\u00fadi ellenz\u00e9ki \u00fajs\u00e1g\u00edr\u00f3, Dzsam\u00e1l Hasogdzsi okt\u00f3ber 2-ai meggyilkol\u00e1sa ut\u00e1n egy vegy\u00e9szt \u00e9s egy toxikol\u00f3gust k\u00fcld\u00f6tt Isztambulba azzal a feladattal, hogy megszabaduljanak a holttestt\u0151l \u00e9s elt\u00fcntess\u00e9k a nyomokat &#8211; \u00edrta h\u00e9tf\u0151n a Sabah c\u00edm\u0171, vezet\u0151 t\u00f6r\u00f6k napilap, &#8222;megb\u00edzhat\u00f3&#8221; forr\u00e1sokra hivatkozva.<\/p>\n","protected":false},"author":1,"featured_media":0,"comment_status":"closed","ping_status":"open","sticky":false,"template":"","format":"standard","meta":[],"categories":[16,5],"tags":[],"_links":{"self":[{"href":"https:\/\/gazdasagportal.hu\/index.php\/wp-json\/wp\/v2\/posts\/110526"}],"collection":[{"href":"https:\/\/gazdasagportal.hu\/index.php\/wp-json\/wp\/v2\/posts"}],"about":[{"href":"https:\/\/gazdasagportal.hu\/index.php\/wp-json\/wp\/v2\/types\/post"}],"author":[{"embeddable":true,"href":"https:\/\/gazdasagportal.hu\/index.php\/wp-json\/wp\/v2\/users\/1"}],"replies":[{"embeddable":true,"href":"https:\/\/gazdasagportal.hu\/index.php\/wp-json\/wp\/v2\/comments?post=110526"}],"version-history":[{"count":1,"href":"https:\/\/gazdasagportal.hu\/index.php\/wp-json\/wp\/v2\/posts\/110526\/revisions"}],"predecessor-version":[{"id":110527,"href":"https:\/\/gazdasagportal.hu\/index.php\/wp-json\/wp\/v2\/posts\/110526\/revisions\/110527"}],"wp:attachment":[{"href":"https:\/\/gazdasagportal.hu\/index.php\/wp-json\/wp\/v2\/media?parent=110526"}],"wp:term":[{"taxonomy":"category","embeddable":true,"href":"https:\/\/gazdasagportal.hu\/index.php\/wp-json\/wp\/v2\/categories?post=110526"},{"taxonomy":"post_tag","embeddable":true,"href":"https:\/\/gazdasagportal.hu\/index.php\/wp-json\/wp\/v2\/tags?post=110526"}],"curies":[{"name":"wp","href":"https:\/\/api.w.org\/{rel}","templated":true}]}}